{"id":48132,"date":"2021-06-26T10:56:42","date_gmt":"2021-06-26T08:56:42","guid":{"rendered":"http:\/\/miradordeatarfe.es\/?p=48132"},"modified":"2021-06-23T20:01:16","modified_gmt":"2021-06-23T18:01:16","slug":"la-vega-de-granada-pierde-la-mitad-de-sus-1-200-secaderos-de-tabaco","status":"publish","type":"post","link":"https:\/\/miradordeatarfe.es\/?p=48132","title":{"rendered":"La Vega de Granada pierde la mitad de sus 1.200 secaderos de tabaco"},"content":{"rendered":"<header class=\"main-header voc-detail\">\n<nav class=\"navbar navbar-default voc-detail-nav navbar-fixed-top affix\" data-spy=\"affix\" data-offset-top=\"200\"><\/nav>\n<\/header>\n<div class=\"wrapper\" data-voc-adbd-layer=\"\" data-voc-pw-layer=\"\">\n<div class=\"voc-area-container voc-area-container--wxs-sm voc-area-container--pad-top\">\n<div class=\"voc-grid voc-grid--ab-c voc-grid--tablet-like-mobile voc-grid--col-2-hidden-sm\">\n<div class=\"voc-grid__col\">\n<div class=\"voc-article-container\">\n<article class=\"voc-article voc-article--detail voc-article--detail--base voc-article--photo-bottom\">\n<div class=\"voc-img-container  \">\n<h3 class=\"figure-caption\" style=\"text-align: justify;\">No todos se reducen a le\u00f1a y escombros: los mejor ubicados encuentran comprador<\/h3>\n<\/div>\n<\/article>\n<\/div>\n<div class=\"voc-detail\" data-voc-share-selection=\"\">\n<div class=\"voc-author-timesocial \" style=\"text-align: justify;\">\n<div class=\"voc-author-timesocial__signature\">\n<div class=\"voc-author-timesocial__info\">\n<div class=\"voc-author-info\">Espa\u00f1a fuma menos que nunca. En 2017, dos de cada diez espa\u00f1oles consumieron tabaco de forma habitual, mientras que a finales de los 80 casi cuatro de cada diez eran adictos, seg\u00fan las encuestas de salud. Por cada cajetilla de tabaco que vende hoy un estanco de Granada, hace una d\u00e9cada distribu\u00eda cinco. El desplome de las ventas, la presi\u00f3n fiscal y los cambios en el modelo agrario parecen haber sentenciado a los agricultores del tabaco: medio centenar de familias granadinas que hoy f\u00edan su suerte a la exportaci\u00f3n a pa\u00edses como Bulgaria. Cae el negocio, y con \u00e9l los imponentes secaderos que en el siglo XIX y, especialmente, en los a\u00f1os 30, se irguieron en madera y ladrillo sobre el verde de la Vega.<\/div>\n<\/div>\n<\/div>\n<\/div>\n<p class=\"voc-paragraph\" style=\"text-align: justify;\">Los agricultores calculan que quedan unos 600 en pie (levantados en ambos materiales), de los cuales 140 est\u00e1n operativos. Son diez menos que hace tan s\u00f3lo un par de a\u00f1os. Cuando sus propietarios abandonan el negocio, los ubicados en pleno campo, muchos de ellos acompa\u00f1ados de caser\u00edos y decenas de hect\u00e1reas de cultivos, suelen acabar en le\u00f1a o escombros, como naves de almac\u00e9n e incluso como talleres. Otros, especialmente los situados en terreno urbano, encuentran nuevo destino en el mercado inmobiliario.<\/p>\n<p class=\"voc-paragraph\" style=\"text-align: justify;\">Purchil y Casa es una de las inmobiliarias que en los \u00faltimos meses han dado salida a varios secaderos. Ha publicado la oferta de Jes\u00fas Sol\u00f3rzano, que vende su secadero de Churriana de la Vega por 60.000 euros. \u00abEl tabaco se ha puesto que ya no interesa\u00bb, lamenta este agricultor. Es dif\u00edcil encontrar mano de obra, los vaivenes del cielo no dan respiro y las pol\u00edticas agrarias no ayudan: \u00abPor cada a\u00f1o bueno tienes muchos malos. Les deber\u00eda dar verg\u00fcenza a los pol\u00edticos lo que est\u00e1n haciendo con nosotros\u00bb. No duda a la hora de criticar los precios y la falta de ayudas al sector<\/p>\n<div class=\"voc-detail__cmp voc-detail__cmp--pad-lr-ad\" style=\"text-align: justify;\">\n<div class=\"voc-article-container\">\n<article class=\"voc-article voc-article--cmp-summary voc-article--photo-left voc-article--photo-left--top-xs\">\n<div class=\"voc-info-container\">\n<h2 class=\"voc-title\">La antigua f\u00e1brica de tabacos, que se reform\u00f3 y puso en alquiler en 2016, sigue sin inquilino<\/h2>\n<\/div>\n<\/article>\n<\/div>\n<\/div>\n<p class=\"voc-paragraph\" style=\"text-align: justify;\">\u00c9l no mantuvo durante mucho tiempo el negocio del tabaco. Lo compr\u00f3 hace m\u00e1s de una d\u00e9cada por unos once millones de pesetas, pero lleva a\u00f1os inutilizado. Es una mole de ladrillo a la orilla del cauce seco del r\u00edo D\u00edlar. Asegura que daba muchos frutos, que lo que obten\u00eda de \u00e9l serv\u00eda como remanente, un ahorro, un ingreso a\u00f1adido al que obten\u00eda por el resto de actividades. Pero ya no merece la pena. \u00abSi yo tuviera que vivir del campo me morir\u00eda de hambre, he tenido que abrirme a otros lados, porque es para volverse loco\u00bb.<\/p>\n<p class=\"voc-paragraph\" style=\"text-align: justify;\">Manuel P\u00e9rez tambi\u00e9n dio por perdido un secadero que es testigo vivo de la evoluci\u00f3n del \u00e1rea metropolitana, y conserva otro, un secadero \u00abmoderno\u00bb, dice, \u00abpara hacer alguna que otra barbacoa\u00bb. El que logr\u00f3 vender a finales de 2017 no se utilizaba desde hace m\u00e1s de dos d\u00e9cadas. Es una de esas &#8216;joyas&#8217; de la arquitectura que en los a\u00f1os 30 coron\u00f3 lo que hoy es el centro de Purchil. Y como tal, capt\u00f3 la atenci\u00f3n de un especialista en Bellas Artes que, as\u00ed lo manifest\u00f3 al propietario, pretend\u00eda rehabilitar la nave. \u00abEst\u00e1 hecho con el mismo sistema constructivo con el que estaba hecho la Alhambra, con ladrillo cocido de Gabia\u00bb, comenta P\u00e9rez.<\/p>\n<p class=\"voc-paragraph\" style=\"text-align: justify;\">Del secadero recuerda las partidas de tenis de mesa que en su juventud disputaba con los amigos. \u00abDuele desprenderse de eso, porque era de mis abuelos, pero s\u00f3lo me serv\u00eda para pagar impusetos y otras historias, y la terrible crisis a unos les ha pillado m\u00e1s que a otros\u00bb, concluye.<\/p>\n<h3 class=\"voc-paragraph\" style=\"text-align: justify;\">C\u00fallar Vega anunci\u00f3 hace un mes ayudas para el mantenimiento de los secaderos<\/h3>\n<p class=\"voc-paragraph\" style=\"text-align: justify;\">Es la misma sensaci\u00f3n con la que Juan Garc\u00eda, otro agricultor del tabaco, dej\u00f3 atr\u00e1s la historia de un secadero de su padre, y que vendi\u00f3 hace medio a\u00f1o al due\u00f1o de una gasolinera cercana en C\u00fallar Vega. El valor del secadero lo marca el solar y no la edificaci\u00f3n. Y muchos de ellos van acompa\u00f1ados de huertos o caserones, lo cual aporta valor en superficie, \u00abson buenos solares, porque puede entrar la maquinaria, los tractores pueden maniobrar&#8230;\u00bb M\u00e1s dif\u00edcil es vender los de madera ubicados en la Vega, porque \u00abnecesitan un mantenimiento, pero al estar el tabaco bajo m\u00ednimos se han dejado de cuidar y los techos se levantan\u00bb. El viento derrib\u00f3 hace unos meses uno de sus secaderos. Al tabaco ha dedicado pr\u00e1cticamente toda su vida, desde los 15 a los 58 a\u00f1os. Celebra el acuerdo para exportar tabaco a Bulgaria, pero critica que el precio de venta no es el que esperaban. \u00abEsto cada vez va a menos, el tabaco no tiene tir\u00f3n, compensa poco\u00bb.<\/p>\n<p class=\"voc-paragraph\" style=\"text-align: justify;\">Los agricultores no dudan a la hora de criticar los impuestos a los que deben hacer frente. Cargan sobre sus hombros el coste del mantenimiento, pero son conscientes del valor patrimonial de sus inmuebles. El Ayuntamiento de C\u00fallar Vega anunci\u00f3 hace un mes una partida de ayudas de hasta 5.000 euros para el mantenimiento y conservaci\u00f3n.<\/p>\n<p class=\"voc-paragraph\" style=\"text-align: justify;\">Otro s\u00edmbolo del tabaco en Granada, la f\u00e1brica de Cetarsa, que cerr\u00f3 en 2002, espera nueva vida tras su rehabilitaci\u00f3n en 2016. La sociedad estatal Sepides la puso en alquiler sin cerrar la opci\u00f3n de la venta pero, al menos a simple vista -Sepides no responde acerca del estado actual de la f\u00e1brica-, no ha encontrado inquilino. De momento, la f\u00e1brica y las derruidas naves anejas son, como los secaderos abandonados, esqueletos del tabaco en la Vega.<\/p>\n<p style=\"text-align: justify;\"><strong><a class=\"voc-author\" title=\"JAVIER MORALES\">JAVIER MORALES<\/a><\/strong><\/p>\n<p style=\"text-align: justify;\"><span class=\"voc-photo-caption\">FOTO: Uno de los secaderos junto al r\u00edo D\u00edlar, en venta. \/<\/span><span class=\"voc-photo-author\">RAM\u00d3N L. P\u00c9REZ<\/span><\/p>\n<p style=\"text-align: justify;\">https:\/\/www.ideal.es\/granada\/vende-secadero-20180708004431-ntvo.html?fbclid=IwAR2slV0GNSAlK-v6sCU_9evvjyjFlYhn5J5m1b_e9pSxd02B2pBYuAFYZEA<\/p>\n<\/div>\n<\/div>\n<\/div>\n<\/div>\n<\/div>\n","protected":false},"excerpt":{"rendered":"<p>No todos se reducen a le\u00f1a y escombros: los mejor ubicados encuentran comprador Espa\u00f1a fuma&#8230;<\/p>\n","protected":false},"author":1,"featured_media":48133,"comment_status":"closed","ping_status":"closed","sticky":false,"template":"","format":"standard","meta":{"_coblocks_attr":"","_coblocks_dimensions":"","_coblocks_responsive_height":"","_coblocks_accordion_ie_support":"","jetpack_post_was_ever_published":false,"_jetpack_newsletter_access":"","_jetpack_dont_email_post_to_subs":false,"_jetpack_newsletter_tier_id":0,"_jetpack_memberships_contains_paywalled_content":false,"_jetpack_memberships_contains_paid_content":false,"footnotes":"","jetpack_publicize_message":"","jetpack_publicize_feature_enabled":true,"jetpack_social_post_already_shared":false,"jetpack_social_options":{"image_generator_settings":{"template":"highway","default_image_id":0,"enabled":false},"version":2}},"categories":[2,1161,9,44,15],"tags":[1142,8091],"class_list":["post-48132","post","type-post","status-publish","format-standard","has-post-thumbnail","hentry","category-atarfe","category-ciudadania","category-medio-ambiente","category-noticias-de-hoy","category-ultimas-noticias","tag-la-vega","tag-secaderos"],"jetpack_publicize_connections":[],"jetpack_featured_media_url":"https:\/\/i0.wp.com\/miradordeatarfe.es\/wp-content\/uploads\/2021\/06\/126746605-624x935-1.jpg?fit=624%2C935&ssl=1","jetpack_likes_enabled":true,"jetpack_sharing_enabled":true,"_links":{"self":[{"href":"https:\/\/miradordeatarfe.es\/index.php?rest_route=\/wp\/v2\/posts\/48132","targetHints":{"allow":["GET"]}}],"collection":[{"href":"https:\/\/miradordeatarfe.es\/index.php?rest_route=\/wp\/v2\/posts"}],"about":[{"href":"https:\/\/miradordeatarfe.es\/index.php?rest_route=\/wp\/v2\/types\/post"}],"author":[{"embeddable":true,"href":"https:\/\/miradordeatarfe.es\/index.php?rest_route=\/wp\/v2\/users\/1"}],"replies":[{"embeddable":true,"href":"https:\/\/miradordeatarfe.es\/index.php?rest_route=%2Fwp%2Fv2%2Fcomments&post=48132"}],"version-history":[{"count":2,"href":"https:\/\/miradordeatarfe.es\/index.php?rest_route=\/wp\/v2\/posts\/48132\/revisions"}],"predecessor-version":[{"id":48135,"href":"https:\/\/miradordeatarfe.es\/index.php?rest_route=\/wp\/v2\/posts\/48132\/revisions\/48135"}],"wp:featuredmedia":[{"embeddable":true,"href":"https:\/\/miradordeatarfe.es\/index.php?rest_route=\/wp\/v2\/media\/48133"}],"wp:attachment":[{"href":"https:\/\/miradordeatarfe.es\/index.php?rest_route=%2Fwp%2Fv2%2Fmedia&parent=48132"}],"wp:term":[{"taxonomy":"category","embeddable":true,"href":"https:\/\/miradordeatarfe.es\/index.php?rest_route=%2Fwp%2Fv2%2Fcategories&post=48132"},{"taxonomy":"post_tag","embeddable":true,"href":"https:\/\/miradordeatarfe.es\/index.php?rest_route=%2Fwp%2Fv2%2Ftags&post=48132"}],"curies":[{"name":"wp","href":"https:\/\/api.w.org\/{rel}","templated":true}]}}