{"id":48136,"date":"2021-06-26T08:34:56","date_gmt":"2021-06-26T06:34:56","guid":{"rendered":"http:\/\/miradordeatarfe.es\/?p=48136"},"modified":"2021-06-23T20:09:16","modified_gmt":"2021-06-23T18:09:16","slug":"el-radar-de-la-a-92-en-huetor-santillan-entre-los-que-mas-multan-de-espana-25-082-sanciones-en-2020","status":"publish","type":"post","link":"https:\/\/miradordeatarfe.es\/?p=48136","title":{"rendered":"El radar de la A-92 en Hu\u00e9tor Santill\u00e1n, entre los que m\u00e1s multan de Espa\u00f1a: 25.082 sanciones en 2020"},"content":{"rendered":"<h3>Granada cuenta con otro radar entre los 50 del pa\u00eds que m\u00e1s sancionan, en la GR-30 a la altura de Armilla, con 10.701 multas el a\u00f1o pasado.<\/h3>\n<div class=\"blq-img mainImg\">\n<div class=\"txt\">\u00a0<\/div>\n<\/div>\n<div class=\"cuerpo\">\n<p style=\"text-align: justify;\">El radar de la DGT en el kil\u00f3metro 256 de la A-92, en la bajada de Hu\u00e9tor Santill\u00e1n en sentido Granada, es el que m\u00e1s sanciona de la provincia de Granada y est\u00e1 entre los que m\u00e1s multan de Espa\u00f1a, con\u00a0<strong>25.082 sanciones en 2020<\/strong>, seg\u00fan un informa de Automovilistas Europeos Asociados (AEA), que recoge los 50 radares que m\u00e1s multan de Espa\u00f1a.\u00a0<\/p>\n<p style=\"text-align: justify;\">Ese punto de la A-92, donde la velocidad est\u00e1 limitada a 100 km\/h, tienen una gran pendiente descendiente, y es f\u00e1cil que el veh\u00edculo supere esos 100 km\/h si no se pisa el freno, con lo que las sanciones caen con facilidad, sobre todo para quien no conozca mucho la zona. Ese radar es\u00a0<strong>el 13\u00ba que m\u00e1s sanciona de Espa\u00f1a,<\/strong>\u00a0seg\u00fan la AEA. Por delante hay cinco radares ubicados en la provincia de Madrid, 2 en M\u00e1laga, otros 2 en Valencia y uno en Sevilla, Murcia y Cuenca. A la cabeza de todos est\u00e1 el radar instalado en el kil\u00f3metro 246 de la A-7, provincia de M\u00e1laga, con 48.771 multas en 2020.\u00a0<\/p>\n<div class=\"media media-element-container media-default\" style=\"text-align: justify;\">\n<div id=\"file-67891\" class=\"file file-image file-image-jpeg\">\n<div class=\"content\"><img data-recalc-dims=\"1\" loading=\"lazy\" decoding=\"async\" class=\"media-element file-default\" src=\"https:\/\/i0.wp.com\/www.elindependientedegranada.es\/sites\/default\/files\/radar_a92.jpg?resize=640%2C320&#038;ssl=1\" alt=\"\" width=\"640\" height=\"320\" data-delta=\"1\" \/><\/div>\n<\/div>\n<\/div>\n<p class=\"pie\" style=\"text-align: justify;\">A la derecha, radar de la DGT en el km 256 de la A-92, en Hu\u00e9tor Santill\u00e1n.\u00a0<span class=\"firma\">GOOGLE MAPS<\/span><\/p>\n<p style=\"text-align: justify;\">Las sanciones han aumentado notablemente en 2020 respecto a 2019, pese a que el a\u00f1o pasado hubo mucho menos tr\u00e1fico por las restricciones de movilidad del estado de alarma. El radar de la A-92 en Hu\u00e9tor Santill\u00e1n ha pasado\u00a0<strong>de las 4.415 multas de 2019 a las 25.082 del a\u00f1o pasad<\/strong>o, casi cinco veces m\u00e1s sanciones.\u00a0<\/p>\n<p style=\"text-align: justify;\">Granada cuenta con otro radar entre los 50 de Espa\u00f1a con m\u00e1s sanciones en 2020. Se trata del ubicado en la\u00a0<strong>GR-30<\/strong>, a la altura de\u00a0<strong>Armilla<\/strong>. El informe de la AEA lo sit\u00faa en la A-44, km 132, la antigua denominaci\u00f3n, antes de que entrara en servicio la Segunda Circunvalaci\u00f3n. Est\u00e1 en el puesto 48\u00ba de Espa\u00f1a y en 2020 registr\u00f3\u00a0<strong>10.701 sanciones<\/strong>. Tambi\u00e9n son muchas m\u00e1s que las 4.003 contabilizadas el a\u00f1o anterior, 2019, seg\u00fan refleja el informe.\u00a0<\/p>\n<p style=\"text-align: justify;\">En total, seg\u00fan la DGT, las carreteras de la provincia de Granada cuentan con 45 radares, entre fijos y m\u00f3viles.\u00a0<\/p>\n<p><strong>INDEGRANADA<\/strong><\/p>\n<div class=\"blq-img mainImg\">\n<div class=\"txt\">\n<div class=\"pie\">FOTO:Cartel de aviso del radar en la A-92 en Hu\u00e9tor Santill\u00e1n.<\/div>\n<\/div>\n<\/div>\n<div class=\"cuerpo\">\n<p>http:\/\/www.elindependientedegranada.es\/ciudadania\/radar-92-huetor-santillan-que-mas-multan-espana-25082-sanciones-2020<\/p>\n<\/div>\n<\/div>\n","protected":false},"excerpt":{"rendered":"<p>Granada cuenta con otro radar entre los 50 del pa\u00eds que m\u00e1s sancionan, en la&#8230;<\/p>\n","protected":false},"author":1,"featured_media":48137,"comment_status":"closed","ping_status":"closed","sticky":false,"template":"","format":"standard","meta":{"_coblocks_attr":"","_coblocks_dimensions":"","_coblocks_responsive_height":"","_coblocks_accordion_ie_support":"","jetpack_post_was_ever_published":false,"_jetpack_newsletter_access":"","_jetpack_dont_email_post_to_subs":false,"_jetpack_newsletter_tier_id":0,"_jetpack_memberships_contains_paywalled_content":false,"_jetpack_memberships_contains_paid_content":false,"footnotes":"","jetpack_publicize_message":"","jetpack_publicize_feature_enabled":true,"jetpack_social_post_already_shared":false,"jetpack_social_options":{"image_generator_settings":{"template":"highway","default_image_id":0,"enabled":false},"version":2}},"categories":[1161,44,6937,15],"tags":[296,5880],"class_list":["post-48136","post","type-post","status-publish","format-standard","has-post-thumbnail","hentry","category-ciudadania","category-noticias-de-hoy","category-sociedad","category-ultimas-noticias","tag-multas","tag-radares"],"jetpack_publicize_connections":[],"jetpack_featured_media_url":"https:\/\/i0.wp.com\/miradordeatarfe.es\/wp-content\/uploads\/2021\/06\/radar_a92_3.jpg?fit=750%2C456&ssl=1","jetpack_likes_enabled":true,"jetpack_sharing_enabled":true,"_links":{"self":[{"href":"https:\/\/miradordeatarfe.es\/index.php?rest_route=\/wp\/v2\/posts\/48136","targetHints":{"allow":["GET"]}}],"collection":[{"href":"https:\/\/miradordeatarfe.es\/index.php?rest_route=\/wp\/v2\/posts"}],"about":[{"href":"https:\/\/miradordeatarfe.es\/index.php?rest_route=\/wp\/v2\/types\/post"}],"author":[{"embeddable":true,"href":"https:\/\/miradordeatarfe.es\/index.php?rest_route=\/wp\/v2\/users\/1"}],"replies":[{"embeddable":true,"href":"https:\/\/miradordeatarfe.es\/index.php?rest_route=%2Fwp%2Fv2%2Fcomments&post=48136"}],"version-history":[{"count":1,"href":"https:\/\/miradordeatarfe.es\/index.php?rest_route=\/wp\/v2\/posts\/48136\/revisions"}],"predecessor-version":[{"id":48138,"href":"https:\/\/miradordeatarfe.es\/index.php?rest_route=\/wp\/v2\/posts\/48136\/revisions\/48138"}],"wp:featuredmedia":[{"embeddable":true,"href":"https:\/\/miradordeatarfe.es\/index.php?rest_route=\/wp\/v2\/media\/48137"}],"wp:attachment":[{"href":"https:\/\/miradordeatarfe.es\/index.php?rest_route=%2Fwp%2Fv2%2Fmedia&parent=48136"}],"wp:term":[{"taxonomy":"category","embeddable":true,"href":"https:\/\/miradordeatarfe.es\/index.php?rest_route=%2Fwp%2Fv2%2Fcategories&post=48136"},{"taxonomy":"post_tag","embeddable":true,"href":"https:\/\/miradordeatarfe.es\/index.php?rest_route=%2Fwp%2Fv2%2Ftags&post=48136"}],"curies":[{"name":"wp","href":"https:\/\/api.w.org\/{rel}","templated":true}]}}