{"id":48139,"date":"2021-06-27T09:53:56","date_gmt":"2021-06-27T07:53:56","guid":{"rendered":"http:\/\/miradordeatarfe.es\/?p=48139"},"modified":"2021-06-24T11:57:30","modified_gmt":"2021-06-24T09:57:30","slug":"estamos-preparados-para-salir-sin-mascarilla","status":"publish","type":"post","link":"https:\/\/miradordeatarfe.es\/?p=48139","title":{"rendered":"\u00bfEstamos preparados para salir sin mascarilla?"},"content":{"rendered":"<h3 style=\"text-align: justify;\">La mascarilla ir\u00e1 desapareciendo de nuestro d\u00eda a d\u00eda, pero las opiniones de los expertos se mantienen divididas<\/h3>\n<div class=\"pg-media\" style=\"text-align: justify;\">\n<figure id=\"media-holder_405807444\" class=\"image-holder\"><figcaption>\n<div class=\"footnote\">\u00a0<\/div>\n<\/figcaption><\/figure>\n<\/div>\n<div class=\"pg-body\">\n<div class=\"mce-body \">\n<p class=\"mce\" style=\"text-align: justify;\">Quince meses despu\u00e9s y con gran parte de la poblaci\u00f3n vacunada el gobierno decide retirar la obligatoriedad de mascarilla en espacios al aire libre, una medida, sin duda, pol\u00e9mica.<strong class=\"mce\"> \u00bfEstamos preparados para ello<\/strong>? \u00bfEs el momento adecuado?<\/p>\n<p class=\"mce\" style=\"text-align: justify;\">El uso de <strong class=\"mce\">mascarillas,<\/strong> tan habitual en China, estaba visto hasta hace nada como algo lejano, raro y \u00e9ramos reacios a ello. Estaba destinado a quir\u00f3fanos y relacionado con sanidad. De la noche a la ma\u00f1ana se convirti\u00f3 en una segunda piel de uso obligatorio y en la mejor arma contra nuestro mayor enemigo: el coronavirus.<\/p>\n<h2 class=\"mce\" style=\"text-align: justify;\">A favor y en contra<\/h2>\n<p class=\"mce\" style=\"text-align: justify;\"><strong class=\"mce\">Los principales argumentos a favor <\/strong>apuntan a que se ha incrementado la vacunaci\u00f3n, sobre todo en los m\u00e1s vulnerables, est\u00e1 disminuyendo la tasa de incidencia del virus, por lo que es m\u00e1s dif\u00edcil que se produzcan contagios masivos, el riesgo de contagio es muy bajo cuando estamos en zonas al aire libre poco concurridas (playas, bosques, zonas rurales).<\/p>\n<p class=\"mce\" style=\"text-align: justify;\">A esto le sumamos la llegada del verano que hace que la gente pase m\u00e1s tiempo al aire libre, donde se ha visto que hay menor probabilidad de contagio. Y por otro lado el calor que, en algunas regiones, hace muy inc\u00f3modo llevar mascarilla en el exterior<\/p>\n<p class=\"mce\" style=\"text-align: justify;\">Otras voces, sin embargo,<strong class=\"mce\"> est\u00e1n en contra<\/strong>, sus razones son que no se ha llegado a\u00fan a la inmunidad comunitaria del 70%, queda a\u00fan mucho y que la poblaci\u00f3n joven (18-40 a\u00f1os), que es la que m\u00e1s actividades sociales realiza, no est\u00e1 a\u00fan vacunada. Adem\u00e1s, Existe una posible distribuci\u00f3n de nuevas variantes (como la variante\u00a0delta\u00a0o\u00a0india) con mayor tasa de transmisi\u00f3n. En Gran Breta\u00f1a es ahora la variante mayoritaria.<\/p>\n<p class=\"mce\" style=\"text-align: justify;\">Por otro lado quitar las mascarillas <strong class=\"mce\">puede suponer una relajaci\u00f3n de las medidas<\/strong> que conlleven otras actitudes: no respetar distancia de seguridad, abrazos, gritar, cantar, etc. Existen zonas urbanas con mucha gente que convive en un espacio peque\u00f1o (zonas comerciales, entrada-salida de transportes\u2026). A esto se le suma la gran afluencia de turistas en esta \u00e9poca, as\u00ed como mayor movilidad de la poblaci\u00f3n.<\/p>\n<h2 class=\"mce\" style=\"text-align: justify;\">Responsabilidad<\/h2>\n<p class=\"mce\" style=\"text-align: justify;\">La retirada de las mascarillas en exteriores de forma indiscriminada en toda Espa\u00f1a debe tomarse con cautela. <strong class=\"mce\">Deber\u00edamos ponernos la mascarilla cuando creamos que la situaci\u00f3n, aunque sea al aire libre, lo requiera,<\/strong> sobre todo en grandes urbes con zonas muy pobladas.<\/p>\n<div class=\"pg-media\">\n<figure id=\"media-holder_405807444\" class=\"image-holder\"><figcaption>\n<div class=\"footnote\">\n<h3><small><\/small><small class=\"author\">Cristina Ram\u00ecrez\u00a0<\/small><\/h3>\n<p class=\"text\">FOTO: Dos j\u00f3venes con mascarillas en el aeropuerto de Sevilla. <wbr><\/wbr> \/ <span class=\"source\">Juan Carlos V\u00e1zquez<\/span><\/p>\n<\/div>\n<\/figcaption><\/figure>\n<\/div>\n<div class=\"pg-body\">\n<section class=\"nws-data\">\n<div class=\"md-lite-share\">\n<p>https:\/\/www.granadahoy.com\/sociedad\/mascarilla-aire-libre-opinion-expertos_0_1585641496.html<\/p>\n<\/div>\n<\/section>\n<\/div>\n<\/div>\n<\/div>\n","protected":false},"excerpt":{"rendered":"<p>La mascarilla ir\u00e1 desapareciendo de nuestro d\u00eda a d\u00eda, pero las opiniones de los expertos&#8230;<\/p>\n","protected":false},"author":1,"featured_media":48140,"comment_status":"closed","ping_status":"closed","sticky":false,"template":"","format":"standard","meta":{"_coblocks_attr":"","_coblocks_dimensions":"","_coblocks_responsive_height":"","_coblocks_accordion_ie_support":"","jetpack_post_was_ever_published":false,"_jetpack_newsletter_access":"","_jetpack_dont_email_post_to_subs":false,"_jetpack_newsletter_tier_id":0,"_jetpack_memberships_contains_paywalled_content":false,"_jetpack_memberships_contains_paid_content":false,"footnotes":"","jetpack_publicize_message":"","jetpack_publicize_feature_enabled":true,"jetpack_social_post_already_shared":false,"jetpack_social_options":{"image_generator_settings":{"template":"highway","default_image_id":0,"enabled":false},"version":2}},"categories":[1161,7149,9,44,6937,15,10],"tags":[807,7155],"class_list":["post-48139","post","type-post","status-publish","format-standard","has-post-thumbnail","hentry","category-ciudadania","category-coronavirus","category-medio-ambiente","category-noticias-de-hoy","category-sociedad","category-ultimas-noticias","category-salud","tag-ciudadania","tag-mascarillas"],"jetpack_publicize_connections":[],"jetpack_featured_media_url":"https:\/\/i0.wp.com\/miradordeatarfe.es\/wp-content\/uploads\/2021\/06\/jovenes-mascarillas-aeropuerto-Sevilla_1476162719_123004614_667x375.jpg?fit=667%2C375&ssl=1","jetpack_likes_enabled":true,"jetpack_sharing_enabled":true,"_links":{"self":[{"href":"https:\/\/miradordeatarfe.es\/index.php?rest_route=\/wp\/v2\/posts\/48139","targetHints":{"allow":["GET"]}}],"collection":[{"href":"https:\/\/miradordeatarfe.es\/index.php?rest_route=\/wp\/v2\/posts"}],"about":[{"href":"https:\/\/miradordeatarfe.es\/index.php?rest_route=\/wp\/v2\/types\/post"}],"author":[{"embeddable":true,"href":"https:\/\/miradordeatarfe.es\/index.php?rest_route=\/wp\/v2\/users\/1"}],"replies":[{"embeddable":true,"href":"https:\/\/miradordeatarfe.es\/index.php?rest_route=%2Fwp%2Fv2%2Fcomments&post=48139"}],"version-history":[{"count":1,"href":"https:\/\/miradordeatarfe.es\/index.php?rest_route=\/wp\/v2\/posts\/48139\/revisions"}],"predecessor-version":[{"id":48141,"href":"https:\/\/miradordeatarfe.es\/index.php?rest_route=\/wp\/v2\/posts\/48139\/revisions\/48141"}],"wp:featuredmedia":[{"embeddable":true,"href":"https:\/\/miradordeatarfe.es\/index.php?rest_route=\/wp\/v2\/media\/48140"}],"wp:attachment":[{"href":"https:\/\/miradordeatarfe.es\/index.php?rest_route=%2Fwp%2Fv2%2Fmedia&parent=48139"}],"wp:term":[{"taxonomy":"category","embeddable":true,"href":"https:\/\/miradordeatarfe.es\/index.php?rest_route=%2Fwp%2Fv2%2Fcategories&post=48139"},{"taxonomy":"post_tag","embeddable":true,"href":"https:\/\/miradordeatarfe.es\/index.php?rest_route=%2Fwp%2Fv2%2Ftags&post=48139"}],"curies":[{"name":"wp","href":"https:\/\/api.w.org\/{rel}","templated":true}]}}