{"id":48146,"date":"2021-06-27T10:09:23","date_gmt":"2021-06-27T08:09:23","guid":{"rendered":"http:\/\/miradordeatarfe.es\/?p=48146"},"modified":"2021-06-24T13:14:45","modified_gmt":"2021-06-24T11:14:45","slug":"publicado-el-nuevo-procedimiento-de-evaluacion-y-acreditacion-de-competencias-profesionales","status":"publish","type":"post","link":"https:\/\/miradordeatarfe.es\/?p=48146","title":{"rendered":"PUBLICADO EL NUEVO PROCEDIMIENTO DE EVALUACI\u00d3N Y ACREDITACI\u00d3N DE COMPETENCIAS PROFESIONALES"},"content":{"rendered":"<div class=\"kvgmc6g5 cxmmr5t8 oygrvhab hcukyx3x c1et5uql ii04i59q\">\n<div dir=\"auto\">\u00a0<\/div>\n<\/div>\n<div class=\"o9v6fnle cxmmr5t8 oygrvhab hcukyx3x c1et5uql ii04i59q\">\n<div dir=\"auto\">Se ha publicado en BOJA la Orden que regula el NUEVO \u00abProcedimiento de Evaluaci\u00f3n y Acreditaci\u00f3n de Competencias Profesionales\u00bb en Andaluc\u00eda.<\/div>\n<\/div>\n<div class=\"o9v6fnle cxmmr5t8 oygrvhab hcukyx3x c1et5uql ii04i59q\">\n<div dir=\"auto\">\u00a0<\/div>\n<h3 dir=\"auto\"><a class=\"oajrlxb2 g5ia77u1 qu0x051f esr5mh6w e9989ue4 r7d6kgcz rq0escxv nhd2j8a9 nc684nl6 p7hjln8o kvgmc6g5 cxmmr5t8 oygrvhab hcukyx3x jb3vyjys rz4wbd8a qt6c0cv9 a8nywdso i1ao9s8h esuyzwwr f1sip0of lzcic4wl py34i1dx gpro0wi8\" tabindex=\"0\" role=\"link\" href=\"https:\/\/www.juntadeandalucia.es\/boja\/2021\/118\/BOJA21-118-00028-10440-01_00194322.pdf?fbclid=IwAR0YNXzuS_ViUk1kOegUPeA6UtAUFNf1z51yoQEUywc1QMwRAyczIlL4_Ow\" target=\"_blank\" rel=\"nofollow noopener\">https:\/\/www.juntadeandalucia.es\/&#8230;\/BOJA21-118-00028&#8230;<\/a><\/h3>\n<div>\n<div id=\"0DE9E47C-871A-4F90-8440-B190C216800A_38\" class=\"mcafee_ok\">\u00a0<\/div>\n<\/div>\n<\/div>\n<div class=\"o9v6fnle cxmmr5t8 oygrvhab hcukyx3x c1et5uql ii04i59q\">\n<div dir=\"auto\">Proceso abierto y permanente para toda la ciudadan\u00eda que quiera acreditar unidades de competencia incluidas en la oferta existente de Formaci\u00f3n Profesional en Andaluc\u00eda vinculada al Cat\u00e1logo Nacional de las Cualificaciones Profesionales.<\/div>\n<div dir=\"auto\">\u00a0<\/div>\n<\/div>\n<div class=\"o9v6fnle cxmmr5t8 oygrvhab hcukyx3x c1et5uql ii04i59q\">\n<div dir=\"auto\">Dirigido a personas que cumplan los requisitos del art\u00edculo 11 del Real Decreto 1224\/2009, de 17 de julio.<\/div>\n<div dir=\"auto\">\u00a0<\/div>\n<\/div>\n<div class=\"o9v6fnle cxmmr5t8 oygrvhab hcukyx3x c1et5uql ii04i59q\">\n<div dir=\"auto\">Inscripci\u00f3n a trav\u00e9s de la Secretaria Virtual de los centros educativos.<\/div>\n<div dir=\"auto\">\u00a0<\/div>\n<\/div>\n<div class=\"o9v6fnle cxmmr5t8 oygrvhab hcukyx3x c1et5uql ii04i59q\">\n<div dir=\"auto\">Para resolver tus dudas y m\u00e1s informaci\u00f3n, puedes dirigirte a los\/as orientadores\/as de los centros de empleo y educativos<\/div>\n<div dir=\"auto\">\u00a0<\/div>\n<\/div>\n<div dir=\"auto\"><a href=\"https:\/\/i0.wp.com\/miradordeatarfe.es\/wp-content\/uploads\/2021\/06\/202946357_4233441976719640_7448743898403345360_nB.jpg?ssl=1\"><img data-recalc-dims=\"1\" loading=\"lazy\" decoding=\"async\" class=\"alignnone wp-image-48147 \" src=\"https:\/\/i0.wp.com\/miradordeatarfe.es\/wp-content\/uploads\/2021\/06\/202946357_4233441976719640_7448743898403345360_nB.jpg?resize=640%2C426&#038;ssl=1\" alt=\"\" width=\"640\" height=\"426\" srcset=\"https:\/\/i0.wp.com\/miradordeatarfe.es\/wp-content\/uploads\/2021\/06\/202946357_4233441976719640_7448743898403345360_nB.jpg?w=600&amp;ssl=1 600w, https:\/\/i0.wp.com\/miradordeatarfe.es\/wp-content\/uploads\/2021\/06\/202946357_4233441976719640_7448743898403345360_nB.jpg?resize=300%2C200&amp;ssl=1 300w\" sizes=\"auto, (max-width: 640px) 100vw, 640px\" \/><\/a><\/div>\n","protected":false},"excerpt":{"rendered":"<p>\u00a0 Se ha publicado en BOJA la Orden que regula el NUEVO \u00abProcedimiento de Evaluaci\u00f3n&#8230;<\/p>\n","protected":false},"author":1,"featured_media":48148,"comment_status":"closed","ping_status":"closed","sticky":false,"template":"","format":"standard","meta":{"_coblocks_attr":"","_coblocks_dimensions":"","_coblocks_responsive_height":"","_coblocks_accordion_ie_support":"","jetpack_post_was_ever_published":false,"_jetpack_newsletter_access":"","_jetpack_dont_email_post_to_subs":false,"_jetpack_newsletter_tier_id":0,"_jetpack_memberships_contains_paywalled_content":false,"_jetpack_memberships_contains_paid_content":false,"footnotes":"","jetpack_publicize_message":"","jetpack_publicize_feature_enabled":true,"jetpack_social_post_already_shared":false,"jetpack_social_options":{"image_generator_settings":{"template":"highway","default_image_id":0,"enabled":false},"version":2}},"categories":[187,1161,44,6937,15],"tags":[8439],"class_list":["post-48146","post","type-post","status-publish","format-standard","has-post-thumbnail","hentry","category-centros-educativos","category-ciudadania","category-noticias-de-hoy","category-sociedad","category-ultimas-noticias","tag-competencias-profesionales"],"jetpack_publicize_connections":[],"jetpack_featured_media_url":"https:\/\/i0.wp.com\/miradordeatarfe.es\/wp-content\/uploads\/2021\/06\/Competencias-profesionales-del-futuro.jpg?fit=900%2C600&ssl=1","jetpack_likes_enabled":true,"jetpack_sharing_enabled":true,"_links":{"self":[{"href":"https:\/\/miradordeatarfe.es\/index.php?rest_route=\/wp\/v2\/posts\/48146","targetHints":{"allow":["GET"]}}],"collection":[{"href":"https:\/\/miradordeatarfe.es\/index.php?rest_route=\/wp\/v2\/posts"}],"about":[{"href":"https:\/\/miradordeatarfe.es\/index.php?rest_route=\/wp\/v2\/types\/post"}],"author":[{"embeddable":true,"href":"https:\/\/miradordeatarfe.es\/index.php?rest_route=\/wp\/v2\/users\/1"}],"replies":[{"embeddable":true,"href":"https:\/\/miradordeatarfe.es\/index.php?rest_route=%2Fwp%2Fv2%2Fcomments&post=48146"}],"version-history":[{"count":1,"href":"https:\/\/miradordeatarfe.es\/index.php?rest_route=\/wp\/v2\/posts\/48146\/revisions"}],"predecessor-version":[{"id":48149,"href":"https:\/\/miradordeatarfe.es\/index.php?rest_route=\/wp\/v2\/posts\/48146\/revisions\/48149"}],"wp:featuredmedia":[{"embeddable":true,"href":"https:\/\/miradordeatarfe.es\/index.php?rest_route=\/wp\/v2\/media\/48148"}],"wp:attachment":[{"href":"https:\/\/miradordeatarfe.es\/index.php?rest_route=%2Fwp%2Fv2%2Fmedia&parent=48146"}],"wp:term":[{"taxonomy":"category","embeddable":true,"href":"https:\/\/miradordeatarfe.es\/index.php?rest_route=%2Fwp%2Fv2%2Fcategories&post=48146"},{"taxonomy":"post_tag","embeddable":true,"href":"https:\/\/miradordeatarfe.es\/index.php?rest_route=%2Fwp%2Fv2%2Ftags&post=48146"}],"curies":[{"name":"wp","href":"https:\/\/api.w.org\/{rel}","templated":true}]}}