{"id":48150,"date":"2021-06-28T10:15:58","date_gmt":"2021-06-28T08:15:58","guid":{"rendered":"http:\/\/miradordeatarfe.es\/?p=48150"},"modified":"2021-06-28T19:45:46","modified_gmt":"2021-06-28T17:45:46","slug":"el-engano-de-los-plasticos-biodegradables-misma-huella-ecologica-y-mismo-impacto-en-la-salud","status":"publish","type":"post","link":"https:\/\/miradordeatarfe.es\/?p=48150","title":{"rendered":"El \u00abenga\u00f1o\u00bb de los pl\u00e1sticos biodegradables: misma huella ecol\u00f3gica y mismo impacto en la salud"},"content":{"rendered":"<h2 id=\"m69-68-70\" style=\"text-align: justify;\">Una investigaci\u00f3n de Amigos de la Tierra analiza el impacto ambiental de los denominados biopl\u00e1sticos y reclama medidas para controlar este tipo de etiquetas de envasado por generar confusi\u00f3n a los consumidores.<\/h2>\n<div class=\"article-multimedia-content\" style=\"text-align: justify;\">\n<div class=\"aspect-ratio-img\">\u00a0<\/div>\n<\/div>\n<div class=\"article-body\" style=\"text-align: justify;\">\n<div class=\"article-text\">\n<p id=\"m82-81-83\" class=\"pb-article-item-iteration\">El problema del pl\u00e1stico y su gran huella contaminante ha puesto en jaque a la industria del envasado, que trata de reinventarse y cambiar su imagen. Una de las \u00faltimas estrategias de las compa\u00f1\u00edas de alimentaci\u00f3n es la promoci\u00f3n de recipientes que se autodefinen como biodegradables, un t\u00e9rmino que indica a los consumidores que el impacto ambiental del producto es menor y que su capacidad para degradarse o reciclarse es mayor. Sin embargo, existen ciertas dudas sobre la veracidad de este tipo de etiquetas, cada vez m\u00e1s extendidas en los supermercados. <b>\u00bfHasta qu\u00e9 punto son menos da\u00f1inos para el medio ambiente estos recipientes de pl\u00e1stico?<\/b><\/p>\n<p id=\"m87-1-88\" class=\"pb-article-item-iteration\">El estudio <i><a title=\"Estudio de Amigos de la Tierra\" href=\"https:\/\/www.tierra.org\/wp-content\/uploads\/2021\/06\/biofakes-bioplasticos.pdf\" target=\"_blank\" rel=\"noopener\">Bio-fake: el enga\u00f1o de los bio-pl\u00e1sticos<\/a><\/i>, publicado este mi\u00e9rcoles por Amigos de la Tierra, analiza todas las aristas de estos materiales, desde su composici\u00f3n hasta las consecuencias ambientales que puede tener fabricar envases de un pl\u00e1stico compuesto por materiales vegetales. La exhaustiva investigaci\u00f3n de la ONG ecologista sostiene que, de los recipientes analizados con esta etiqueta, <b>tan s\u00f3lo alcanzan a tener un 25% de su composici\u00f3n de origen biodegradable<\/b>, es decir, fabricada a base de componentes sacados de plantaciones de ma\u00edz, celulosa, patata o ca\u00f1a de az\u00facar. El 75% restante se compone de pol\u00edmeros industriales convencionales fabricados a base de petr\u00f3leo.<\/p>\n<p id=\"m92-2-93\" class=\"pb-article-item-iteration\">Es decir, la mayor parte de este tipo de botellas, bricks o latas denominados biodegradables est\u00e1n<b> compuestos por un alto porcentaje de pl\u00e1stico dif\u00edcil de tratar en las plantas de reciclaje<\/b> y con altas posibilidades de terminar contaminando entornos naturales. En este punto, Amigos de la Tierra se\u00f1ala un problema a\u00f1adido: la forma en la que se fabrican este tipo de pl\u00e1sticos bio.<\/p>\n<p id=\"m97-3-98\" class=\"pb-article-item-iteration\">Para obtener ese porcentaje de pl\u00e1stico de origen vegetal se necesitan ciertos recursos, cuya producci\u00f3n deja una importante huella ambiental. \u00abLa principal materia prima utilizada para la fabricaci\u00f3n de pl\u00e1sticos de origen biol\u00f3gico se obtiene de cultivos que suponen la ocupaci\u00f3n de suelo agr\u00edcola ejerciendo presiones adicionales en recursos limitados como el suelo y el agua, con implicaciones para la soberan\u00eda alimentaria, la justicia clim\u00e1tica y la biodiversidad\u00bb, dice la investigaci\u00f3n.\u00a0<\/p>\n<p id=\"m102-4-103\" class=\"pb-article-item-iteration\">El informe cita adem\u00e1s una investigaci\u00f3n cient\u00edfica <a title=\"Multidisciplinary Digital Publishing Institute (MDPI)\" href=\"https:\/\/www.mdpi.com\/2071-1050\/10\/4\/952\">publicada por el\u00a0Multidisciplinary Digital Publishing Institute (MDPI)<\/a> que concluye que el consumo de energ\u00eda requerido para la fabricaci\u00f3n de los pl\u00e1sticos de origen vegetal puede ser mayor que el utilizado para la fabricaci\u00f3n de pl\u00e1stico convencional de origen f\u00f3sil. A ello se suma el origen de fabricaci\u00f3n, ubicado en la mayor\u00eda de los casos en zonas subtropicales, debido a la idoneidad del clima para las plantaciones de ma\u00edz, patata y otros vegetales con los que se fabrican estos utensilios. Tanto es as\u00ed, que <b>el 45% de los biodegradables provienen del continente asi\u00e1tico<\/b>. De hecho, la distancia media recorrida por una bandeja de pl\u00e1stico biodegradable que llega a Europa es de 9.950 kil\u00f3metros.<\/p>\n<p>\u00abLos biopl\u00e1sticos son un intento m\u00e1s de la industria para enga\u00f1ar al legislador y a la ciudadan\u00eda\u00bb<\/p>\n<p id=\"m112-6-113\" class=\"pb-article-item-iteration\">El uso de pl\u00e1sticos convencional ha desatado una oleada de investigaciones cient\u00edficas sobre c\u00f3mo estos terminan en el organismo de seres humanos y animales. En el caso de los biodegradables, apenas existen diferencias respecto a los pl\u00e1sticos convencionales, ya que en el caso de la Uni\u00f3n Europea, no est\u00e1n cubiertos por una certificaci\u00f3n especial o diferente, lo que hace que no haya ning\u00fan tipo de diferencia en el control de toxicidad que puedan tener respecto a los pol\u00edmeros cl\u00e1sicos. Una investigaci\u00f3n publicada en <i><a title=\"\u00bfSon los biopl\u00e1sticos y los materiales de origen vegetal m\u00e1s seguros que los pl\u00e1sticos convencionales? Toxicidad in vitro y composici\u00f3n qu\u00edmica\" href=\"https:\/\/www.sciencedirect.com\/science\/article\/pii\/S0160412020320213?via%253Dihub\">Science Direct<\/a><\/i> en 2020 revela que el 80% de los productos del mercado con biopl\u00e1sticos contienen m\u00e1s de mil sustancias qu\u00edmicas t\u00f3xicas que terminan en el organismo de las personas o en el de los animales.<\/p>\n<\/div>\n<\/div>\n<div class=\"article-body\" style=\"text-align: justify;\">\n<div class=\"article-text\">\n<p id=\"m117-7-118\" class=\"pb-article-item-iteration\">Amigos de la Tierra considera que el despliegue de los biopl\u00e1sticos son <a title=\"El 'greenwashing' no tiene l\u00edmites: cuando las empresas lavan su imagen con reclamos ecologistas\" href=\"https:\/\/www.publico.es\/sociedad\/lavado-verde-greenwashing-no-limites-empresas-lavan-imagen-reclamos-ecologistas.html\">una estrategia de <i>greenwashing <\/i>\u2013marketing verde\u2013 de las empresas de envasado<\/a> y alimentaci\u00f3n y reclama medidas para frenar el uso de estas etiquetas en los productos, pues suponen una confusi\u00f3n para los consumidores. \u00abSon un intento m\u00e1s de la industria para enga\u00f1ar al legislador y a la ciudadan\u00eda con productos que siguen incentivando el consumo de productos desechables y que distraen la atenci\u00f3n de las soluciones reales: reducir el consumo de pl\u00e1sticos y fomentar la reutilizaci\u00f3n de productos y envases\u00bb, expone Mar\u00eda Dur\u00e1n, responsable de Residuos en la organizaci\u00f3n Ecologista.<\/p>\n<p id=\"m122-8-123\" class=\"pb-article-item-iteration\">Por todo ello, Amigos de la Tierra y el resto de organizaciones integradas en la Alianza Residuo Cero reclaman que <a title=\"El Gobierno aprueba el proyecto de Ley de Residuos, la primera norma que restringir\u00e1 los pl\u00e1sticos de un solo uso\" href=\"https:\/\/www.publico.es\/sociedad\/contaminacion-gobierno-aprueba-proyecto-ley-residuos-primera-norma-restringira-plasticos.html\" target=\"_blank\" rel=\"noopener\">la nueva Ley de Residuos<\/a> \u2013la cual se debate este jueves en el Congreso\u2013 incluya un art\u00edculo destinado a prohibir el uso del prefijo \u00abbio\u00bb y otros t\u00e9rminos similares para calificar el envasado.<\/p>\n<\/div>\n<\/div>\n<aside class=\"subscription-claim t1\">\n<div class=\"text\">\u00a0<\/div>\n<\/aside>\n<div class=\"playbuzz playbuzz-in-text\" style=\"text-align: justify;\">\n<div id=\"exp_0c5abae0-74f3-4928-9dbb-9d5677a5a711\" class=\"pbs__player\">\n<div id=\"exp_2f413fe6-534e-4e39-b67f-d4f7dba072c8\" class=\"pb-stream\">\n<div id=\"exp_2f413fe6-534e-4e39-b67f-d4f7dba072c8Wrapper\" class=\"avp-p-wrapper\">\n<div id=\"exp_2f413fe6-534e-4e39-b67f-d4f7dba072c8Container\">\u00a0<\/div>\n<\/div>\n<\/div>\n<\/div>\n<\/div>\n<div class=\"exp-ui\">\n<div class=\"exp-ui__wrapper\">\n<div class=\"exp-ui__next-video-button-container\">\n<div class=\"article-multimedia-content\">\n<div class=\"aspect-ratio-img\">\n<figure id=\"m142-141-143\" class=\"module-image horizontal article-multimedia-info\" style=\"text-align: justify;\"><figcaption id=\"m152-1-153\" class=\"image-description\"><a href=\"https:\/\/www.publico.es\/author\/alejandro-tena\"><strong>Alejandro Tena<\/strong><\/a><\/p>\n<p>Un pescador recoge tres botellas de pl\u00e1stico arrojadas al r\u00edo Nilo, Egipto. <span class=\"dash\">\u2014<\/span> <span class=\"signature\">Mohamed Abd El Ghany<\/span> <span class=\"slash\">\/<\/span> <span class=\"agency\">REUTERS<\/span><\/p>\n<\/figcaption><\/figure>\n<\/div>\n<\/div>\n<div class=\"article-body\">\n<header class=\"article-published-info\"><\/header>\n<footer class=\"article-info\">\n<p id=\"m95-94-96\" class=\"signature\">\u00a0<\/p>\n<\/footer>\n<\/div>\n<\/div>\n<\/div>\n<\/div>\n","protected":false},"excerpt":{"rendered":"<p>Una investigaci\u00f3n de Amigos de la Tierra analiza el impacto ambiental de los denominados biopl\u00e1sticos&#8230;<\/p>\n","protected":false},"author":1,"featured_media":48286,"comment_status":"closed","ping_status":"closed","sticky":false,"template":"","format":"standard","meta":{"_coblocks_attr":"","_coblocks_dimensions":"","_coblocks_responsive_height":"","_coblocks_accordion_ie_support":"","jetpack_post_was_ever_published":false,"_jetpack_newsletter_access":"","_jetpack_dont_email_post_to_subs":false,"_jetpack_newsletter_tier_id":0,"_jetpack_memberships_contains_paywalled_content":false,"_jetpack_memberships_contains_paid_content":false,"footnotes":"","jetpack_publicize_message":"","jetpack_publicize_feature_enabled":true,"jetpack_social_post_already_shared":false,"jetpack_social_options":{"image_generator_settings":{"template":"highway","default_image_id":0,"enabled":false},"version":2}},"categories":[7725,1161,9,44,15,10],"tags":[8311,1027],"class_list":["post-48150","post","type-post","status-publish","format-standard","has-post-thumbnail","hentry","category-atarfe-sostenible","category-ciudadania","category-medio-ambiente","category-noticias-de-hoy","category-ultimas-noticias","category-salud","tag-amigos-de-la-tierra","tag-plasticos"],"jetpack_publicize_connections":[],"jetpack_featured_media_url":"https:\/\/i0.wp.com\/miradordeatarfe.es\/wp-content\/uploads\/2021\/06\/60d339a79c5ff.r_1624475881815.0-7-1200-807-1.jpeg?fit=990%2C660&ssl=1","jetpack_likes_enabled":true,"jetpack_sharing_enabled":true,"_links":{"self":[{"href":"https:\/\/miradordeatarfe.es\/index.php?rest_route=\/wp\/v2\/posts\/48150","targetHints":{"allow":["GET"]}}],"collection":[{"href":"https:\/\/miradordeatarfe.es\/index.php?rest_route=\/wp\/v2\/posts"}],"about":[{"href":"https:\/\/miradordeatarfe.es\/index.php?rest_route=\/wp\/v2\/types\/post"}],"author":[{"embeddable":true,"href":"https:\/\/miradordeatarfe.es\/index.php?rest_route=\/wp\/v2\/users\/1"}],"replies":[{"embeddable":true,"href":"https:\/\/miradordeatarfe.es\/index.php?rest_route=%2Fwp%2Fv2%2Fcomments&post=48150"}],"version-history":[{"count":2,"href":"https:\/\/miradordeatarfe.es\/index.php?rest_route=\/wp\/v2\/posts\/48150\/revisions"}],"predecessor-version":[{"id":48152,"href":"https:\/\/miradordeatarfe.es\/index.php?rest_route=\/wp\/v2\/posts\/48150\/revisions\/48152"}],"wp:featuredmedia":[{"embeddable":true,"href":"https:\/\/miradordeatarfe.es\/index.php?rest_route=\/wp\/v2\/media\/48286"}],"wp:attachment":[{"href":"https:\/\/miradordeatarfe.es\/index.php?rest_route=%2Fwp%2Fv2%2Fmedia&parent=48150"}],"wp:term":[{"taxonomy":"category","embeddable":true,"href":"https:\/\/miradordeatarfe.es\/index.php?rest_route=%2Fwp%2Fv2%2Fcategories&post=48150"},{"taxonomy":"post_tag","embeddable":true,"href":"https:\/\/miradordeatarfe.es\/index.php?rest_route=%2Fwp%2Fv2%2Ftags&post=48150"}],"curies":[{"name":"wp","href":"https:\/\/api.w.org\/{rel}","templated":true}]}}