{"id":48153,"date":"2021-06-28T09:30:02","date_gmt":"2021-06-28T07:30:02","guid":{"rendered":"http:\/\/miradordeatarfe.es\/?p=48153"},"modified":"2021-06-25T21:24:28","modified_gmt":"2021-06-25T19:24:28","slug":"sierra-de-las-nieves-se-convierte-en-el-decimosexto-parque-nacional-del-pais","status":"publish","type":"post","link":"https:\/\/miradordeatarfe.es\/?p=48153","title":{"rendered":"Sierra de las Nieves se convierte en el decimosexto Parque Nacional del pa\u00eds"},"content":{"rendered":"<h3 id=\"m69-68-70\" style=\"text-align: justify;\">El nuevo Parque Nacional de Sierra de las Nieves tiene una extensi\u00f3n de 23.000 hect\u00e1reas y, con anterioridad a la declaraci\u00f3n de parque nacional fue reconocido como Parque Natural desde 1989 y como Reserva de la Biosfera desde 1995.<\/h3>\n<div class=\"article-body\">\n<div class=\"article-text\">\n<p id=\"m437-436-438\" class=\"pb-article-item-iteration\" style=\"text-align: justify;\">La Comisi\u00f3n de Transici\u00f3n Ecol\u00f3gica del Senado ha dado luz verde al proyecto de ley para la declaraci\u00f3n del Parque Nacional de la Sierra de las Nieves, en la provincia de M\u00e1laga, pasando a ser el decimosexto en Espa\u00f1a y <b>el tercero en Andaluc\u00eda, despu\u00e9s de Do\u00f1ana y Sierra Nevada.<\/b><\/p>\n<p id=\"m442-1-443\" class=\"pb-article-item-iteration\" style=\"text-align: justify;\">El nuevo Parque Nacional de Sierra de las Nieves tiene una extensi\u00f3n de <b>23.000 hect\u00e1reas<\/b> y, con anterioridad a la declaraci\u00f3n de parque nacional fue reconocido como <b>Parque Natural<\/b> desde 1989 y como <b>Reserva de la Biosfera<\/b> desde 1995. Cuenta con una superficie comprendida entre las localidades de<strong> Benahavis, El Burgo, Ist\u00e1n, Monda, Parauta, Ronda, Tolox y Yunquera<\/strong> y fueron los impulsores de la declaraci\u00f3n del enclave y han colaborado con su protecci\u00f3n.<\/p>\n<p>Sierra de las Nieves se convierte en el tercer Parque Nacional de Andaluc\u00eda, junto a Do\u00f1ana y Sierra Nevada<\/p>\n<p id=\"m452-3-453\" class=\"pb-article-item-iteration\" style=\"text-align: justify;\">La vicepresidenta cuarta y ministra para la Transici\u00f3n Ecol\u00f3gica y el Reto Demogr\u00e1fico, Teresa Ribera, ha celebrado hoy que la Comisi\u00f3n de Transici\u00f3n Ecol\u00f3gica del Senado haya dado luz verde al proyecto de ley para la declaraci\u00f3n del Parque Nacional de la Sierra de las Nieves. \u00abCreemos que es capital trabajar en este reconocimiento con la implicaci\u00f3n de los habitantes, vecinos, municipios y del gobierno auton\u00f3mico, evidentemente, del consenso de la comunidad cient\u00edfica, del respaldo y <b>el sentido de pertenencia y orgullo de poder disponer de algo tan rico y maravilloso\u00bb<\/b>, ha expresado la vicepresidenta.<\/p>\n<p id=\"m457-4-458\" class=\"pb-article-item-iteration\" style=\"text-align: justify;\">Tras su paso por el Senado para refrendar la declaraci\u00f3n definitiva como Parque Nacional, culmina un largo proceso de planificaci\u00f3n para garantizar la conservaci\u00f3n de este enclave natural, de gran riqueza paisaj\u00edstica y cultural. Con su inclusi\u00f3n en la Red de Parques Nacionales, Sierra de las Nieves trabajar\u00e1 de forma coordinada con el resto de Parques Nacionales. El nuevo Parque Nacional se emplaza en la Comunidad Aut\u00f3noma de Andaluc\u00eda, m\u00e1s concretamente en la <b>provincia de M\u00e1laga<\/b>, en el extremo occidental de la <b>Cordillera B\u00e9tica.<\/b><\/p>\n<h2 id=\"m462-5-463\" class=\"highlighted\" style=\"text-align: justify;\">Flora \u00fanica de Sierra de las Nieves<\/h2>\n<p id=\"m467-6-468\" class=\"pb-article-item-iteration\" style=\"text-align: justify;\">La Sierra de las Nieves alberga<b> el 65 % de la superficie de pinsapar espa\u00f1ola<\/b>.<br \/>\nEl abeto pinsapo (Abies pinsapo) y el abeto blanco (Abies alba) son los \u00fanicos representantes del g\u00e9nero Abies en la pen\u00ednsula ib\u00e9rica. Mientras que \u00abdisponemos de excelentes bosques de abeto blanco en algunos de nuestros Parques Nacionales -como Ordesa y Monte Perdido, en Arag\u00f3n, y Aig\u00fcestortes y Lago de San Mauricio, en Catalu\u00f1a)- el pinsapo <b>\u00abno estaba hasta ahora presente en la Red de Parques Nacionales\u00bb,<\/b> se\u00f1ala la nota.<\/p>\n<p>Mientras que el abeto blanco estaba presente en diversos Parques Nacionales, el pinsapo es \u00fanico en la Sierra de las Nieves<\/p>\n<p id=\"m477-8-478\" class=\"pb-article-item-iteration\" style=\"text-align: justify;\">Sierra de las Nieves destaca tambi\u00e9n por sus afloramientos de <b>peridotitas <\/b>-rocas ultra b\u00e1sicas que constituyen una de las rocas m\u00e1s escasas en la corteza terrestre- y por su diversidad de h\u00e1bitats y variada fauna. En la zona pueden encontrarse <b>encinares, alcornocales y pinares,<\/b> as\u00ed como quejigos de monta\u00f1a, familia de los dos primeros, y poblaciones de <b>cabra mont\u00e9s, corzo, jabal\u00ed<\/b> y rapaces, entre las que destacan las <b>\u00e1guilas real, perdicera, culebrera y calzada y el halc\u00f3n peregrino.<\/b><\/p>\n<h2 id=\"m482-9-483\" class=\"highlighted\" style=\"text-align: justify;\">Gesti\u00f3n del Parque Nacional Sierra de las Nieves<\/h2>\n<p id=\"m487-10-488\" class=\"pb-article-item-iteration\" style=\"text-align: justify;\">Junto a la representatividad de sistemas naturales, la Sierra de las Nieves cumple con el resto de los requisitos para ser Parque Nacional, definidos en la Ley 30\/2014 de Parques Nacionales. As\u00ed, cuenta con una <b>proporci\u00f3n relevante de las especies y comunidades propias<\/b> de los sistemas naturales representados: su superficie es continua, no fragmentada, ocupada principalmente por formaciones naturales, sin elementos artificiales que alteren significativamente el paisaje, y sus suelos no son susceptibles de transformaci\u00f3n urban\u00edstica.<\/p>\n<p>La gesti\u00f3n del Parque Nacional corresponde a la Junta de Andalucia coordinada con la Red de Parque Nacionales<\/p>\n<p id=\"m497-12-498\" class=\"pb-article-item-iteration\" style=\"text-align: justify;\">La gesti\u00f3n del Parque Nacional corresponder\u00e1 a la Junta de Andaluc\u00eda, que la organizar\u00e1 de forma que resulte coherente con los objetivos de la Red de Parques Nacionales. El instrumento para la planificaci\u00f3n ordinaria de la gesti\u00f3n del Parque Nacional ser\u00e1 el <b>Plan Rector de Uso y Gesti\u00f3n<\/b>, que se ajustar\u00e1 a lo dispuesto en el Plan Director de la Red de Parques Nacionales, tendr\u00e1 una <b>vigencia m\u00ednima de diez a\u00f1os,<\/b> ser\u00e1 elaborado y aprobado por la Junta de Andaluc\u00eda, y deber\u00e1 ser peri\u00f3dicamente revisado. Como \u00f3rgano de participaci\u00f3n de la sociedad en el Parque Nacional, se crear\u00e1 el Patronato del Parque Nacional de la Sierra de las Nieves, que actuar\u00e1 de forma independiente.\u00a0<\/p>\n<div class=\"article-multimedia-content\">\n<div class=\"aspect-ratio-img\">\n<figure id=\"m517-516-518\" class=\"module-image horizontal article-multimedia-info\" style=\"text-align: justify;\"><figcaption id=\"m527-1-528\" class=\"image-description\">EFE<br \/>\nFOTO: Parque Nacional de la Sierra de las Nieves. <span class=\"dash\">\u2014<\/span> <span class=\"signature\">Junta de Andaluc\u00eda<br \/>\nhttps:\/\/www.publico.es\/sociedad\/medio-ambiente-sierra-nieves-convierte-decimosexto-parque-nacional-pais.html<br \/>\n<\/span><\/figcaption><\/figure>\n<\/div>\n<\/div>\n<div class=\"article-body\">\n<header class=\"article-published-info\"><\/header>\n<footer class=\"article-info\">\n<p id=\"m95-94-96\" class=\"signature\">\u00a0<\/p>\n<\/footer>\n<\/div>\n<\/div>\n<\/div>\n","protected":false},"excerpt":{"rendered":"<p>El nuevo Parque Nacional de Sierra de las Nieves tiene una extensi\u00f3n de 23.000 hect\u00e1reas&#8230;<\/p>\n","protected":false},"author":1,"featured_media":48154,"comment_status":"closed","ping_status":"closed","sticky":false,"template":"","format":"standard","meta":{"_coblocks_attr":"","_coblocks_dimensions":"","_coblocks_responsive_height":"","_coblocks_accordion_ie_support":"","jetpack_post_was_ever_published":false,"_jetpack_newsletter_access":"","_jetpack_dont_email_post_to_subs":false,"_jetpack_newsletter_tier_id":0,"_jetpack_memberships_contains_paywalled_content":false,"_jetpack_memberships_contains_paid_content":false,"footnotes":"","jetpack_publicize_message":"","jetpack_publicize_feature_enabled":true,"jetpack_social_post_already_shared":false,"jetpack_social_options":{"image_generator_settings":{"template":"highway","default_image_id":0,"enabled":false},"version":2}},"categories":[7725,1161,9,44,15],"tags":[8237],"class_list":["post-48153","post","type-post","status-publish","format-standard","has-post-thumbnail","hentry","category-atarfe-sostenible","category-ciudadania","category-medio-ambiente","category-noticias-de-hoy","category-ultimas-noticias","tag-parque-nacional"],"jetpack_publicize_connections":[],"jetpack_featured_media_url":"https:\/\/i0.wp.com\/miradordeatarfe.es\/wp-content\/uploads\/2021\/06\/60d43b2fd9559.jpeg?fit=990%2C660&ssl=1","jetpack_likes_enabled":true,"jetpack_sharing_enabled":true,"_links":{"self":[{"href":"https:\/\/miradordeatarfe.es\/index.php?rest_route=\/wp\/v2\/posts\/48153","targetHints":{"allow":["GET"]}}],"collection":[{"href":"https:\/\/miradordeatarfe.es\/index.php?rest_route=\/wp\/v2\/posts"}],"about":[{"href":"https:\/\/miradordeatarfe.es\/index.php?rest_route=\/wp\/v2\/types\/post"}],"author":[{"embeddable":true,"href":"https:\/\/miradordeatarfe.es\/index.php?rest_route=\/wp\/v2\/users\/1"}],"replies":[{"embeddable":true,"href":"https:\/\/miradordeatarfe.es\/index.php?rest_route=%2Fwp%2Fv2%2Fcomments&post=48153"}],"version-history":[{"count":2,"href":"https:\/\/miradordeatarfe.es\/index.php?rest_route=\/wp\/v2\/posts\/48153\/revisions"}],"predecessor-version":[{"id":48156,"href":"https:\/\/miradordeatarfe.es\/index.php?rest_route=\/wp\/v2\/posts\/48153\/revisions\/48156"}],"wp:featuredmedia":[{"embeddable":true,"href":"https:\/\/miradordeatarfe.es\/index.php?rest_route=\/wp\/v2\/media\/48154"}],"wp:attachment":[{"href":"https:\/\/miradordeatarfe.es\/index.php?rest_route=%2Fwp%2Fv2%2Fmedia&parent=48153"}],"wp:term":[{"taxonomy":"category","embeddable":true,"href":"https:\/\/miradordeatarfe.es\/index.php?rest_route=%2Fwp%2Fv2%2Fcategories&post=48153"},{"taxonomy":"post_tag","embeddable":true,"href":"https:\/\/miradordeatarfe.es\/index.php?rest_route=%2Fwp%2Fv2%2Ftags&post=48153"}],"curies":[{"name":"wp","href":"https:\/\/api.w.org\/{rel}","templated":true}]}}