{"id":48168,"date":"2021-06-27T11:13:47","date_gmt":"2021-06-27T09:13:47","guid":{"rendered":"http:\/\/miradordeatarfe.es\/?p=48168"},"modified":"2021-06-26T13:22:46","modified_gmt":"2021-06-26T11:22:46","slug":"atarfe-torneo-popular-prefiestas-futbol-5x5","status":"publish","type":"post","link":"https:\/\/miradordeatarfe.es\/?p=48168","title":{"rendered":"ATARFE: TORNEO POPULAR PREFIESTAS F\u00daTBOL 5&#215;5"},"content":{"rendered":"<div class=\"\" dir=\"auto\">\n<div id=\"jsc_c_1pk\" class=\"ecm0bbzt hv4rvrfc ihqw7lf3 dati1w0a\" data-ad-comet-preview=\"message\" data-ad-preview=\"message\">\n<div class=\"j83agx80 cbu4d94t ew0dbk1b irj2b8pg\">\n<div class=\"qzhwtbm6 knvmm38d\">\n<div class=\"o9v6fnle cxmmr5t8 oygrvhab hcukyx3x c1et5uql ii04i59q\">\n<div dir=\"auto\">La Concejal\u00eda de Fiestas en colaboraci\u00f3n con la Concejal\u00eda de Juventud del Ayuntamiento de Atarfe organizan el Torneo Popular Prefiestas \u00abF\u00fatbol 5&#215;5\u00bb, con la finalidad de dinamizar y animar a la poblaci\u00f3n Atarfe\u00f1a a realizar deporte, ocupar el tiempo libre de manera saludable, divertirse, conocer nuevas personas y reducir h\u00e1bitos de vida poco saludables.<\/div>\n<\/div>\n<div class=\"o9v6fnle cxmmr5t8 oygrvhab hcukyx3x c1et5uql ii04i59q\">\n<div dir=\"auto\">\u00a0<\/div>\n<div dir=\"auto\">El Torneo ser\u00e1 del <strong>12 al 16 de Julio en horario de tarde de 19 horas a 23 horas<\/strong> aproximadamente. Para poder participar es necesario contar con un grupo de 6 personas y tener m\u00ednimo 6 a\u00f1os.<\/div>\n<\/div>\n<div class=\"o9v6fnle cxmmr5t8 oygrvhab hcukyx3x c1et5uql ii04i59q\">\n<div dir=\"auto\">\u00a0<\/div>\n<div dir=\"auto\">El plazo de inscripci\u00f3n est\u00e1 abierto <strong>hasta el 7 de Julio,<\/strong> hay que rellenar la solicitud de inscripci\u00f3n y en caso necesario la autorizaci\u00f3n de menores y entregarla en el Espacio Joven de Atarfe sito en calle cuba s\/n o bien enviarla al correo: juventud@atarfe.es o por <strong>WhatsApp 676484703.<\/strong><\/div>\n<\/div>\n<\/div>\n<div dir=\"auto\">\u00a0<\/div>\n<div dir=\"auto\"><span id=\"page13R_mcid52\" class=\"markedContent\"><span dir=\"ltr\">NORMAS GENERALES:<\/span><\/span><\/div>\n<div dir=\"auto\">\u00a0<\/div>\n<div dir=\"auto\"><span id=\"page13R_mcid55\" class=\"markedContent\"><span dir=\"ltr\">Todos los equipos que se inscriben en este Torneo, y por lo tanto sus <\/span><\/span><span id=\"page13R_mcid56\" class=\"markedContent\"><span dir=\"ltr\">componentes, se da por hecho que conocen y aceptan las bases del <\/span><\/span><span id=\"page13R_mcid57\" class=\"markedContent\"><span dir=\"ltr\">mismo.<\/span><\/span><span id=\"page13R_mcid59\" class=\"markedContent\"><span dir=\"ltr\">\uf0b7<\/span><\/span><span id=\"page13R_mcid60\" class=\"markedContent\"><span dir=\"ltr\">El Torneo se desarrollar\u00e1 a lo largo de los d\u00edas 12, 13, 14, 15, 16 de<\/span><\/span><span id=\"page13R_mcid62\" class=\"markedContent\"><span dir=\"ltr\">Julio en horario de tardes de 19 a 23 horas aproximadamente.<\/span><\/span><\/div>\n<div dir=\"auto\"><span id=\"page13R_mcid65\" class=\"markedContent\"><span dir=\"ltr\">Este torneo va destinado a la poblaci\u00f3n atarfe\u00f1a con edades a partir <\/span><\/span><span id=\"page13R_mcid66\" class=\"markedContent\"><span dir=\"ltr\">de 6 a\u00f1os.<\/span><\/span><\/div>\n<div dir=\"auto\"><span id=\"page13R_mcid69\" class=\"markedContent\"><span dir=\"ltr\">El torneo se celebrar\u00e1 dentro de las instalaciones deportivas de <\/span><\/span><span id=\"page13R_mcid70\" class=\"markedContent\"><span dir=\"ltr\">Atarfe.<\/span><\/span><\/div>\n<div dir=\"auto\"><span id=\"page13R_mcid73\" class=\"markedContent\"><span dir=\"ltr\">Los equipos podr\u00e1n ser masculinos, femen<\/span><\/span><span id=\"page13R_mcid74\" class=\"markedContent\"><span dir=\"ltr\">inos o mixtos y competir\u00e1n <\/span><\/span><span id=\"page13R_mcid75\" class=\"markedContent\"><span dir=\"ltr\">en categor\u00edas diferentes, en funci\u00f3n del a\u00f1o de nacimiento de los <span id=\"page18R_mcid0\" class=\"markedContent\"><\/span><span id=\"page18R_mcid1\" class=\"markedContent\">componentes. <\/span><\/span><\/span><\/div>\n<div dir=\"auto\"><span id=\"page13R_mcid75\" class=\"markedContent\"><span dir=\"ltr\"><span id=\"page18R_mcid1\" class=\"markedContent\">Las categor\u00edas son:<\/span><\/span><\/span><\/div>\n<div dir=\"auto\"><span id=\"page13R_mcid75\" class=\"markedContent\"><span dir=\"ltr\"><span id=\"page18R_mcid1\" class=\"markedContent\"> <\/span><span id=\"page18R_mcid2\" class=\"markedContent\"><\/span><span id=\"page18R_mcid3\" class=\"markedContent\">&#8211;<\/span><span id=\"page18R_mcid4\" class=\"markedContent\"><\/span><span id=\"page18R_mcid5\" class=\"markedContent\">Prebenjamines del a\u00f1o de nacimiento de 2014 al 2015.<\/span><\/span><\/span><\/div>\n<div dir=\"auto\"><span id=\"page13R_mcid75\" class=\"markedContent\"><span dir=\"ltr\"><span id=\"page18R_mcid6\" class=\"markedContent\"><\/span><span id=\"page18R_mcid7\" class=\"markedContent\">&#8211;<\/span><span id=\"page18R_mcid8\" class=\"markedContent\"><\/span><span id=\"page18R_mcid9\" class=\"markedContent\">Benjamines del a\u00f1o de nacimiento de 2012 al 2013.<\/span><\/span><\/span><\/div>\n<div dir=\"auto\"><span id=\"page13R_mcid75\" class=\"markedContent\"><span dir=\"ltr\"><span id=\"page18R_mcid10\" class=\"markedContent\"><\/span><span id=\"page18R_mcid11\" class=\"markedContent\">&#8211;<\/span><span id=\"page18R_mcid12\" class=\"markedContent\"><\/span><span id=\"page18R_mcid13\" class=\"markedContent\">Alevines del a\u00f1o de <\/span><span id=\"page18R_mcid14\" class=\"markedContent\">nacimiento de 2010 al 2011.<\/span><\/span><\/span><\/div>\n<div dir=\"auto\"><span id=\"page13R_mcid75\" class=\"markedContent\"><span dir=\"ltr\"><span id=\"page18R_mcid15\" class=\"markedContent\"><\/span><span id=\"page18R_mcid16\" class=\"markedContent\">&#8211;<\/span><span id=\"page18R_mcid17\" class=\"markedContent\"><\/span><span id=\"page18R_mcid18\" class=\"markedContent\">Infantiles del a\u00f1o de nacimiento de 2008 al 2009.<\/span><\/span><\/span><\/div>\n<div dir=\"auto\"><span id=\"page13R_mcid75\" class=\"markedContent\"><span dir=\"ltr\"><span id=\"page18R_mcid19\" class=\"markedContent\"><\/span><span id=\"page18R_mcid20\" class=\"markedContent\">&#8211;<\/span><span id=\"page18R_mcid21\" class=\"markedContent\"><\/span><span id=\"page18R_mcid22\" class=\"markedContent\">Cadetes del a\u00f1o de nacimiento de 2006 al 2007.<\/span><\/span><\/span><\/div>\n<div dir=\"auto\"><span id=\"page13R_mcid75\" class=\"markedContent\"><span dir=\"ltr\"><span id=\"page18R_mcid23\" class=\"markedContent\"><\/span><span id=\"page18R_mcid24\" class=\"markedContent\">&#8211;<\/span><span id=\"page18R_mcid25\" class=\"markedContent\"><\/span><span id=\"page18R_mcid26\" class=\"markedContent\">Juveniles del a\u00f1o de nacimiento de 2003 al 2005.<\/span><\/span><\/span><\/div>\n<div dir=\"auto\"><span id=\"page13R_mcid75\" class=\"markedContent\"><span dir=\"ltr\"><span id=\"page18R_mcid27\" class=\"markedContent\"><\/span><span id=\"page18R_mcid28\" class=\"markedContent\">&#8211;<\/span><span id=\"page18R_mcid29\" class=\"markedContent\"><\/span><span id=\"page18R_mcid30\" class=\"markedContent\">Senior del a\u00f1o de nacimiento desde el 2002 en adelante.<\/span><\/span><\/span><\/div>\n<div dir=\"auto\">\u00a0<\/div>\n<div dir=\"auto\"><span id=\"page13R_mcid75\" class=\"markedContent\"><span dir=\"ltr\"><span id=\"page18R_mcid31\" class=\"markedContent\"><\/span><span id=\"page18R_mcid32\" class=\"markedContent\">* En caso de que u<\/span><span id=\"page18R_mcid33\" class=\"markedContent\">no o varios de los componentes del equipo no <\/span><span id=\"page18R_mcid34\" class=\"markedContent\">comprendan edades en la misma categor\u00eda, jugar\u00e1n en la <\/span><span id=\"page18R_mcid35\" class=\"markedContent\">categor\u00eda correspondiente a la persona con mayor edad en el <\/span><span id=\"page18R_mcid36\" class=\"markedContent\">equipo<\/span><\/span><\/span><\/div>\n<div dir=\"auto\">\u00a0<\/div>\n<\/div>\n<\/div>\n<\/div>\n<div dir=\"auto\">TE RECOMENDAMOS LEAS LAS BASES DE DICHO CAMPEONATO EN EL SIGUIENTE ENLACE<\/div>\n<div dir=\"auto\">\u00a0<\/div>\n<div dir=\"auto\">\u00a0<\/div>\n<div class=\"\" dir=\"auto\">\n<div id=\"jsc_c_1pk\" class=\"ecm0bbzt hv4rvrfc ihqw7lf3 dati1w0a\" data-ad-comet-preview=\"message\" data-ad-preview=\"message\">\n<div class=\"j83agx80 cbu4d94t ew0dbk1b irj2b8pg\">\n<div class=\"qzhwtbm6 knvmm38d\">\n<div class=\"o9v6fnle cxmmr5t8 oygrvhab hcukyx3x c1et5uql ii04i59q\">\n<div dir=\"auto\"><a class=\"oajrlxb2 g5ia77u1 qu0x051f esr5mh6w e9989ue4 r7d6kgcz rq0escxv nhd2j8a9 nc684nl6 p7hjln8o kvgmc6g5 cxmmr5t8 oygrvhab hcukyx3x jb3vyjys rz4wbd8a qt6c0cv9 a8nywdso i1ao9s8h esuyzwwr f1sip0of lzcic4wl py34i1dx gpro0wi8\" tabindex=\"0\" role=\"link\" href=\"http:\/\/www.atarfe.es\/pdf\/bases-futbol-5x5.pdf?fbclid=IwAR3WddEDQyQxkINyNgXryfoIegzDjA217-b6SpUYPKsp5-BxHlQAhzt8k3k\" target=\"_blank\" rel=\"nofollow noopener\">www.atarfe.es\/pdf\/bases-futbol-5&#215;5.pdf<\/a><\/p>\n<div>\n<div id=\"0DE9E47C-871A-4F90-8440-B190C216800A_3\" class=\"mcafee_ok\">\u00a0<\/div>\n<\/div>\n<\/div>\n<\/div>\n<div class=\"o9v6fnle cxmmr5t8 oygrvhab hcukyx3x c1et5uql ii04i59q\">\n<div dir=\"auto\"><a class=\"oajrlxb2 g5ia77u1 qu0x051f esr5mh6w e9989ue4 r7d6kgcz rq0escxv nhd2j8a9 nc684nl6 p7hjln8o kvgmc6g5 cxmmr5t8 oygrvhab hcukyx3x jb3vyjys rz4wbd8a qt6c0cv9 a8nywdso i1ao9s8h esuyzwwr f1sip0of lzcic4wl py34i1dx gpro0wi8\" tabindex=\"0\" role=\"link\" href=\"http:\/\/www.atarfe.es\/pdf\/inscripcion-grupal-futbol-5x5.pdf?fbclid=IwAR0zCzAbOqVdL5A7DHBJRknqtcgpPqSHvZWsUBm12F0A514jmdSL1eg8doQ\" target=\"_blank\" rel=\"nofollow noopener\">www.atarfe.es\/pdf\/inscripcion-grupal-futbol-5&#215;5.pdf<\/a><\/p>\n<div>\n<div id=\"0DE9E47C-871A-4F90-8440-B190C216800A_4\" class=\"mcafee_ok\">\u00a0<\/div>\n<\/div>\n<\/div>\n<\/div>\n<div class=\"o9v6fnle cxmmr5t8 oygrvhab hcukyx3x c1et5uql ii04i59q\">\n<div dir=\"auto\"><a class=\"oajrlxb2 g5ia77u1 qu0x051f esr5mh6w e9989ue4 r7d6kgcz rq0escxv nhd2j8a9 nc684nl6 p7hjln8o kvgmc6g5 cxmmr5t8 oygrvhab hcukyx3x jb3vyjys rz4wbd8a qt6c0cv9 a8nywdso i1ao9s8h esuyzwwr f1sip0of lzcic4wl py34i1dx gpro0wi8\" tabindex=\"0\" role=\"link\" href=\"https:\/\/l.facebook.com\/l.php?u=http%3A%2F%2Fwww.atarfe.es%2Fpdf%2Fautorizacion-menores-futbol-5x5.pdf%3Ffbclid%3DIwAR0THonWVAzIi16wyB31khg5xVN066j5tnQXnDrasmH0Z88MUEWUuZ8iYTM&amp;h=AT1BwQup-gt5uIHjoVdD3hlrIAupVuXRkld4CmG0lmrr4H-MHsodjp6nyASBmft28RsUMScWhB0wWhA7VyGnKsK0YPkKDDBm64Ql6orhZ3lv9GpTe3NbpiWei7s0ei79Yg&amp;__tn__=-UK-R&amp;c[0]=AT35gQCT1gon3IUKGTexFlboR4PQ81tYFjackBR7c7zybrX1xSrs4soR2Dl338rUWuqlGABoGNPU3nh7D0DPxDdD5SFKjl7S9Oy2FeDx5vwI0N96p9yDzX5cypB2Y-9weBDgizgl7RFn-fgxOeKTvXg1o3C28fm5Qa7LoQK5xlIKrfo\" target=\"_blank\" rel=\"nofollow noopener\">www.atarfe.es\/pdf\/autorizacion-menores-futbol-5&#215;5.pdf<\/a><\/p>\n<div>\n<div id=\"0DE9E47C-871A-4F90-8440-B190C216800A_5\" class=\"mcafee_ok\">\u00a0<\/div>\n<\/div>\n<\/div>\n<\/div>\n<div dir=\"auto\"><a href=\"https:\/\/i0.wp.com\/miradordeatarfe.es\/wp-content\/uploads\/2021\/06\/204242133_4238924442838060_7798747282117182702_n.jpg?ssl=1\"><img data-recalc-dims=\"1\" loading=\"lazy\" decoding=\"async\" class=\"alignnone wp-image-48169 \" src=\"https:\/\/i0.wp.com\/miradordeatarfe.es\/wp-content\/uploads\/2021\/06\/204242133_4238924442838060_7798747282117182702_n.jpg?resize=638%2C902&#038;ssl=1\" alt=\"\" width=\"638\" height=\"902\" srcset=\"https:\/\/i0.wp.com\/miradordeatarfe.es\/wp-content\/uploads\/2021\/06\/204242133_4238924442838060_7798747282117182702_n.jpg?w=509&amp;ssl=1 509w, https:\/\/i0.wp.com\/miradordeatarfe.es\/wp-content\/uploads\/2021\/06\/204242133_4238924442838060_7798747282117182702_n.jpg?resize=212%2C300&amp;ssl=1 212w\" sizes=\"auto, (max-width: 638px) 100vw, 638px\" \/><\/a><\/div>\n<\/div>\n<\/div>\n<\/div>\n<\/div>\n","protected":false},"excerpt":{"rendered":"<p>La Concejal\u00eda de Fiestas en colaboraci\u00f3n con la Concejal\u00eda de Juventud del Ayuntamiento de Atarfe&#8230;<\/p>\n","protected":false},"author":1,"featured_media":48170,"comment_status":"closed","ping_status":"closed","sticky":false,"template":"","format":"standard","meta":{"_coblocks_attr":"","_coblocks_dimensions":"","_coblocks_responsive_height":"","_coblocks_accordion_ie_support":"","jetpack_post_was_ever_published":false,"_jetpack_newsletter_access":"","_jetpack_dont_email_post_to_subs":false,"_jetpack_newsletter_tier_id":0,"_jetpack_memberships_contains_paywalled_content":false,"_jetpack_memberships_contains_paid_content":false,"footnotes":"","jetpack_publicize_message":"","jetpack_publicize_feature_enabled":true,"jetpack_social_post_already_shared":false,"jetpack_social_options":{"image_generator_settings":{"template":"highway","default_image_id":0,"enabled":false},"version":2}},"categories":[2,6916,182,44,15],"tags":[8440,6464,666,390],"class_list":["post-48168","post","type-post","status-publish","format-standard","has-post-thumbnail","hentry","category-atarfe","category-ayuntamiento-de-atarfe","category-deportes","category-noticias-de-hoy","category-ultimas-noticias","tag-5x5","tag-concejalia-de-juventud","tag-futbol","tag-juventud"],"jetpack_publicize_connections":[],"jetpack_featured_media_url":"https:\/\/i0.wp.com\/miradordeatarfe.es\/wp-content\/uploads\/2021\/06\/204242133_4238924442838060_7798747282117182702_n-2.jpg?fit=508%2C140&ssl=1","jetpack_likes_enabled":true,"jetpack_sharing_enabled":true,"_links":{"self":[{"href":"https:\/\/miradordeatarfe.es\/index.php?rest_route=\/wp\/v2\/posts\/48168","targetHints":{"allow":["GET"]}}],"collection":[{"href":"https:\/\/miradordeatarfe.es\/index.php?rest_route=\/wp\/v2\/posts"}],"about":[{"href":"https:\/\/miradordeatarfe.es\/index.php?rest_route=\/wp\/v2\/types\/post"}],"author":[{"embeddable":true,"href":"https:\/\/miradordeatarfe.es\/index.php?rest_route=\/wp\/v2\/users\/1"}],"replies":[{"embeddable":true,"href":"https:\/\/miradordeatarfe.es\/index.php?rest_route=%2Fwp%2Fv2%2Fcomments&post=48168"}],"version-history":[{"count":1,"href":"https:\/\/miradordeatarfe.es\/index.php?rest_route=\/wp\/v2\/posts\/48168\/revisions"}],"predecessor-version":[{"id":48171,"href":"https:\/\/miradordeatarfe.es\/index.php?rest_route=\/wp\/v2\/posts\/48168\/revisions\/48171"}],"wp:featuredmedia":[{"embeddable":true,"href":"https:\/\/miradordeatarfe.es\/index.php?rest_route=\/wp\/v2\/media\/48170"}],"wp:attachment":[{"href":"https:\/\/miradordeatarfe.es\/index.php?rest_route=%2Fwp%2Fv2%2Fmedia&parent=48168"}],"wp:term":[{"taxonomy":"category","embeddable":true,"href":"https:\/\/miradordeatarfe.es\/index.php?rest_route=%2Fwp%2Fv2%2Fcategories&post=48168"},{"taxonomy":"post_tag","embeddable":true,"href":"https:\/\/miradordeatarfe.es\/index.php?rest_route=%2Fwp%2Fv2%2Ftags&post=48168"}],"curies":[{"name":"wp","href":"https:\/\/api.w.org\/{rel}","templated":true}]}}