{"id":48179,"date":"2021-06-29T09:25:51","date_gmt":"2021-06-29T07:25:51","guid":{"rendered":"http:\/\/miradordeatarfe.es\/?p=48179"},"modified":"2021-06-26T18:32:48","modified_gmt":"2021-06-26T16:32:48","slug":"cinco-claves-para-no-sufrir-el-sindrome-de-la-cara-vacia-al-quitarnos-la-mascarilla","status":"publish","type":"post","link":"https:\/\/miradordeatarfe.es\/?p=48179","title":{"rendered":"Cinco claves para no sufrir &#8216;el s\u00edndrome de la cara vac\u00eda&#8217; al quitarnos la mascarilla"},"content":{"rendered":"<h3>La retirada de la mascarilla en exteriores puede suponer un problema para algunas personas.El psic\u00f3logo Rub\u00e9n Mosquera explica c\u00f3mo hay que hacer la &#8216;desescalada del miedo&#8217;<\/h3>\n<p>La presi\u00f3n social puede provocar situaciones de conflicto a partir de ahora.<\/p>\n<div class=\"cnt-multimedia estirar \">\u00a0<\/div>\n<div class=\"cnt-izq\">\n<div class=\"cnt-include estirar\">\u00a0Desde las 00:00h de este s\u00e1bado 26 de junio, en Espa\u00f1a <strong><a href=\"https:\/\/cadenaser.com\/ser\/2021\/06\/26\/sociedad\/1624659480_393919.html\" target=\"_blank\" rel=\"noopener noreferrer\">no es obligatoria la mascarilla en exteriores<\/a><\/strong>\u00a0siempre que se pueda guardar la distancia de seguridad. Una decisi\u00f3n que muchos llevaban tiempo esperando, pero que, como cada medida de la\u00a0<a href=\"https:\/\/cadenaser.com\/tag\/pandemia\/a\/\" target=\"_blank\" rel=\"noopener noreferrer\"><strong>pandemia<\/strong><\/a>, provoca mucha controversia y distintas opiniones. A partir de este momento, se producir\u00e1n situaciones en las que convivan en el mismo espacio personas que no se pondr\u00e1n la\u00a0<strong><a href=\"https:\/\/cadenaser.com\/tag\/mascarillas_sanitarias\/a\/\" target=\"_blank\" rel=\"noopener noreferrer\">mascarilla<\/a><\/strong>\u00a0con otras que tienen miedo a retirarlas al aire libre y esto dar\u00e1 lugar a situaciones de conflicto.<\/div>\n<div class=\"cnt-body\">\n<div id=\"cuerpo_noticia_r\" class=\"cuerpo\">\n<section id=\"sumario_1|foto\" class=\"sumario foto right\"><a id=\"sumario_1\"><\/a><\/p>\n<figure>\n<div><img data-recalc-dims=\"1\" decoding=\"async\" class=\"loading\" title=\"Un grupo de personas quit\u00e1ndose la mascarilla\" src=\"https:\/\/i0.wp.com\/cadenaser00.epimg.net\/emisora\/imagenes\/2021\/06\/25\/radio_valladolid\/1624642174_006931_1624692338_sumario_normal.jpg?w=640&#038;ssl=1\" alt=\"Un grupo de personas quit\u00e1ndose la mascarilla\" data-was-processed=\"true\" \/><\/div>\n<\/figure>\n<\/section>\n<p>De la misma manera que hay personas con miedo a salir a la calle despu\u00e9s del confinamiento y padecen el\u00a0<a href=\"https:\/\/cadenaser.com\/programa\/2021\/05\/20\/hoy_por_hoy\/1621497527_197974.html\" target=\"_blank\" rel=\"noopener noreferrer\"><strong>s\u00edndrome de la caba\u00f1a<\/strong><\/a>, ahora, quienes tengan temor a retirar la mascarilla en exteriores pueden estar ante el denominado &#8216;s\u00edndrome de la cara vac\u00eda&#8217;.\u00a0<em>\u00abEsta nueva situaci\u00f3n puede traer problemas a algunas personas. Probablemente estamos ante el mayor s\u00edmbolo de protecci\u00f3n en estos momentos de pandemia y por otro lado aparece el miedo. Para algunos puede haber una sensaci\u00f3n de liberaci\u00f3n, pero para otros puede traer sensaci\u00f3n de ansiedad o estr\u00e9s, incluso estamos hablando de agorafobia. Aunque no est\u00e1 diagnosticado como tal, ya se est\u00e1 hablando del &#8216;s\u00edndrome de la cara vac\u00eda'\u00bb<\/em>, explica Rub\u00e9n Mosquera, psic\u00f3logo y terapeuta de conducta.<\/p>\n<div id=\"_wmass_10404000000953674\">\n<div id=\"jw-5367453674\" class=\"jwplayer jw-reset jw-state-complete jw-stretch-uniform jw-flag-aspect-mode jw-flag-controls-hidden jw-flag-outstream jw-breakpoint-3\" tabindex=\"0\" role=\"application\" aria-label=\"Reproductor de Video\">\n<div class=\"jw-aspect jw-reset\">Seg\u00fan este psic\u00f3logo, al quitarnos la mascarilla o al percibir que otros se la quitan, vamos a tener una sensaci\u00f3n de desprotecci\u00f3n, de vulnerabilidad y con ella, quiz\u00e1s algunas personas van a\u00a0 evitar la socializaci\u00f3n. Adem\u00e1s, <em>\u00abel s\u00edndrome de la cara vac\u00eda tiene que ver tambi\u00e9n con los complejos, la falta de aceptaci\u00f3n con uno mismo. Al final la mascarilla nos ha dado la posibilidad de escondernos y de no exponer nuestras reacciones o nuestros gestos\u00bb<\/em>, remarca este profesional.<\/div>\n<\/div>\n<\/div>\n<h2 class=\"ladillo\"><strong>\u00bfC\u00f3mo enfrentarse a esta nueva situaci\u00f3n?<\/strong><\/h2>\n<section id=\"sumario_3|foto\" class=\"sumario foto right\"><a id=\"sumario_3\"><\/a><\/p>\n<figure>\n<div><img data-recalc-dims=\"1\" decoding=\"async\" class=\"loading\" title=\"Una mujer mira con miedo a la calle desde su ventana\" src=\"https:\/\/i0.wp.com\/cadenaser00.epimg.net\/emisora\/imagenes\/2021\/06\/25\/radio_valladolid\/1624642174_006931_1624692659_sumario_normal.jpg?w=640&#038;ssl=1\" alt=\"Una mujer mira con miedo a la calle desde su ventana\" data-was-processed=\"true\" \/><\/div>\n<\/figure>\n<\/section>\n<p>Vamos a hacer una &#8216;desescalada del miedo&#8217;. Este sentimiento nos ha servido para delimitar nuestras acciones en tiempos de pandemia, en algunos casos nos ha protegido, pero ahora hay que hacer una desescalada de esta emoci\u00f3n siguiendo estos cinco puntos que nos recomienda el psic\u00f3logo Rub\u00e9n Mosquera:<\/p>\n<ol class=\"en_contenido\">\n<li><strong>\u00a0Aceptaci\u00f3n de la emoci\u00f3n<\/strong>. Tenemos que detectar el miedo y entender que es normal tenerlo.<\/li>\n<li><strong>\u00a0Mantener una actitud de respeto<\/strong>, tanto con nosotros y como con los dem\u00e1s.<\/li>\n<li><strong>\u00a0Normalizar y humanizar las emociones<\/strong>.\u00a0<\/li>\n<li><strong>\u00a0Centrarnos en los beneficios que tiene la retirada de la mascarilla en exteriores<\/strong>. Por ejemplo, la posibilidad de respirar un aire m\u00e1s puro sin tener una tela en medio; una forma de acercarnos a lo que \u00e9ramos antes de la pandemia; o la posibilidad de volver a interpretar los gestos en la cara de la gente.<\/li>\n<li><strong>\u00a0Quitarnos la mascarilla de forma gradual<\/strong>. Primero en espacios abiertos donde no haya absolutamente nadie, como por ejemplo el monte o el campo. Despu\u00e9s hacerlo en parques donde ya haya algunas personas, para terminar quit\u00e1ndonos la mascarilla en lugares donde haya m\u00e1s gente, siempre que se pueda respetar la distancia de seguridad.<\/li>\n<\/ol>\n<p>Estas mismas pautas deber\u00edamos seguir el d\u00eda en el que la retirada de la mascarilla sea total, ya que vamos a sufrir en ese futuro momento unas sensaciones similares a las de ahora.<\/p>\n<h2 class=\"ladillo\"><strong>La presi\u00f3n social<\/strong><\/h2>\n<p>A partir de este momento se va a producir una situaci\u00f3n en la que la presi\u00f3n social apretar\u00e1 m\u00e1s que nunca. Habr\u00e1 quienes decidan quitarse la mascarilla y quienes no quieran hacerlo, por lo que es fundamental tener en cuenta dos palabras: tolerancia y respeto.<\/p>\n<section id=\"sumario_4|foto\" class=\"sumario foto left\"><a id=\"sumario_4\"><\/a><\/p>\n<figure>\n<div><img data-recalc-dims=\"1\" decoding=\"async\" class=\"loading\" title=\"Una mujer se retira la mascarilla\" src=\"https:\/\/i0.wp.com\/cadenaser00.epimg.net\/emisora\/imagenes\/2021\/06\/25\/radio_valladolid\/1624642174_006931_1624692734_sumario_normal.jpg?w=640&#038;ssl=1\" alt=\"Una mujer se retira la mascarilla\" data-was-processed=\"true\" \/><\/div>\n<\/figure>\n<\/section>\n<p>Para Rub\u00e9n Mosquera,\u00a0<em>\u00abhay que tener muy claros los l\u00edmites del espacio personal y del espacio emocional y psicol\u00f3gico de cada uno. Por eso hay que hacer hincapi\u00e9 en el respeto y la tolerancia. Mientras yo no invada el espacio de otra persona, yo puedo decidir si colocarme la mascarilla o no una vez implantada esta nueva norma. Tenemos que actuar en consecuencia a una libertad de lecci\u00f3n y ser coherente con lo que pienso para sentirme bien en funci\u00f3n a mi comportamiento\u00bb<\/em>, sentencia este profesional de la psicolog\u00eda.<\/p>\n<div class=\"cnt-multimedia estirar \">\u00a0<\/div>\n<aside class=\"ssnn estirar\">\n<section class=\"cnt-modulo lst-keywords\">\n<div><a title=\"Twitter de Diego Merayo \" href=\"http:\/\/www.twitter.com\/diegomerayo\" target=\"_blank\" rel=\"noopener noreferrer\"><span class=\"icono\">TWITTER DE DIEGO MERAYO<\/span><\/a><a href=\"https:\/\/cadenaser.com\/autor\/diego_merayo_caramazana\/a\/\">DIEGO MERAYO<\/a><\/div>\n<\/section>\n<\/aside>\n<div class=\"cnt-izq\">\n<div class=\"cnt-metas\">\u00a0<\/div>\n<div>FOTO:<\/p>\n<div class=\"cnt-multimedia estirar \">\n<figure><figcaption>\n<p>Un hombre muestra miedo al quitarse la mascarilla \/\u00a0Getty images<\/p>\n<p>https:\/\/cadenaser.com\/emisora\/2021\/06\/26\/radio_valladolid\/1624693275_557093.html<\/p>\n<\/figcaption><\/figure>\n<\/div>\n<aside class=\"ssnn estirar\">\n<section class=\"cnt-modulo lst-keywords\">\n<div>\u00a0<\/div>\n<\/section>\n<\/aside>\n<\/div>\n<\/div>\n<\/div>\n<\/div>\n<\/div>\n","protected":false},"excerpt":{"rendered":"<p>La retirada de la mascarilla en exteriores puede suponer un problema para algunas personas.El psic\u00f3logo&#8230;<\/p>\n","protected":false},"author":1,"featured_media":48180,"comment_status":"closed","ping_status":"closed","sticky":false,"template":"","format":"standard","meta":{"_coblocks_attr":"","_coblocks_dimensions":"","_coblocks_responsive_height":"","_coblocks_accordion_ie_support":"","jetpack_post_was_ever_published":false,"_jetpack_newsletter_access":"","_jetpack_dont_email_post_to_subs":false,"_jetpack_newsletter_tier_id":0,"_jetpack_memberships_contains_paywalled_content":false,"_jetpack_memberships_contains_paid_content":false,"footnotes":"","jetpack_publicize_message":"","jetpack_publicize_feature_enabled":true,"jetpack_social_post_already_shared":false,"jetpack_social_options":{"image_generator_settings":{"template":"highway","default_image_id":0,"enabled":false},"version":2}},"categories":[1161,7149,44,6937,15,10],"tags":[7155,1606],"class_list":["post-48179","post","type-post","status-publish","format-standard","has-post-thumbnail","hentry","category-ciudadania","category-coronavirus","category-noticias-de-hoy","category-sociedad","category-ultimas-noticias","category-salud","tag-mascarillas","tag-psicologia"],"jetpack_publicize_connections":[],"jetpack_featured_media_url":"https:\/\/i0.wp.com\/miradordeatarfe.es\/wp-content\/uploads\/2021\/06\/1624642174_006931_1624692579_noticia_normal_recorte1-1.jpg?fit=1300%2C865&ssl=1","jetpack_likes_enabled":true,"jetpack_sharing_enabled":true,"_links":{"self":[{"href":"https:\/\/miradordeatarfe.es\/index.php?rest_route=\/wp\/v2\/posts\/48179","targetHints":{"allow":["GET"]}}],"collection":[{"href":"https:\/\/miradordeatarfe.es\/index.php?rest_route=\/wp\/v2\/posts"}],"about":[{"href":"https:\/\/miradordeatarfe.es\/index.php?rest_route=\/wp\/v2\/types\/post"}],"author":[{"embeddable":true,"href":"https:\/\/miradordeatarfe.es\/index.php?rest_route=\/wp\/v2\/users\/1"}],"replies":[{"embeddable":true,"href":"https:\/\/miradordeatarfe.es\/index.php?rest_route=%2Fwp%2Fv2%2Fcomments&post=48179"}],"version-history":[{"count":1,"href":"https:\/\/miradordeatarfe.es\/index.php?rest_route=\/wp\/v2\/posts\/48179\/revisions"}],"predecessor-version":[{"id":48181,"href":"https:\/\/miradordeatarfe.es\/index.php?rest_route=\/wp\/v2\/posts\/48179\/revisions\/48181"}],"wp:featuredmedia":[{"embeddable":true,"href":"https:\/\/miradordeatarfe.es\/index.php?rest_route=\/wp\/v2\/media\/48180"}],"wp:attachment":[{"href":"https:\/\/miradordeatarfe.es\/index.php?rest_route=%2Fwp%2Fv2%2Fmedia&parent=48179"}],"wp:term":[{"taxonomy":"category","embeddable":true,"href":"https:\/\/miradordeatarfe.es\/index.php?rest_route=%2Fwp%2Fv2%2Fcategories&post=48179"},{"taxonomy":"post_tag","embeddable":true,"href":"https:\/\/miradordeatarfe.es\/index.php?rest_route=%2Fwp%2Fv2%2Ftags&post=48179"}],"curies":[{"name":"wp","href":"https:\/\/api.w.org\/{rel}","templated":true}]}}