{"id":48182,"date":"2021-06-29T08:33:40","date_gmt":"2021-06-29T06:33:40","guid":{"rendered":"http:\/\/miradordeatarfe.es\/?p=48182"},"modified":"2021-06-26T19:00:31","modified_gmt":"2021-06-26T17:00:31","slug":"aeat-lanza-un-importante-aviso-este-viernes-finaliza-el-plazo-para-presentar-la-renta-para-miles-de-espanoles","status":"publish","type":"post","link":"https:\/\/miradordeatarfe.es\/?p=48182","title":{"rendered":"AEAT lanza un importante aviso: este viernes finaliza el plazo para presentar la Renta para miles de espa\u00f1oles"},"content":{"rendered":"<h2 class=\"voc-sub-title\" style=\"text-align: justify;\">La domiciliaci\u00f3n no impide fraccionar el pago en dos plazos<\/h2>\n<div class=\"voc-article-container\" style=\"text-align: justify;\">\n<article class=\"voc-article voc-article--detail voc-article--detail--base voc-article--photo-bottom\">\n<div class=\"voc-img-container  \">\n<p class=\"figure-caption\">El viernes <strong>25 de junio<\/strong>\u00a0es una de los d\u00edas clave en la Declaraci\u00f3n de la Renta en 2021: es la\u00a0<strong>fecha l\u00edmite para presentar las declaraciones de la Renta y Patrimonio 2020<\/strong>\u00a0con\u00a0<strong>resultado a ingresar con domiciliaci\u00f3n bancaria<\/strong>, algo que puede afectar a miles de espa\u00f1oles, mientras que el martes d\u00eda 29 ser\u00e1 el \u00faltimo d\u00eda para solicitar cita previa para atenci\u00f3n telef\u00f3nica o en oficinas, seg\u00fan el calendario de la Agencia Tributaria.<\/p>\n<\/div>\n<\/article>\n<\/div>\n<div class=\"voc-detail\" data-voc-share-selection=\"\">\n<h3 class=\"voc-paragraph\" style=\"text-align: justify;\">La domiciliaci\u00f3n y el pago fraccionado<\/h3>\n<p class=\"voc-paragraph\" style=\"text-align: justify;\"><strong>Domiciliar el pago<\/strong>\u00a0significa que se puede presentar la declaraci\u00f3n de la Renta cualquier d\u00eda, hasta el 25 de junio, pero el pago no se har\u00e1 efectivo hasta el 30 de junio.\u00a0<strong>La domiciliaci\u00f3n no impide fraccionar el pago en dos plazos<\/strong>, el segundo establecido para el 5 de noviembre.<\/p>\n<p class=\"voc-paragraph\" style=\"text-align: justify;\">De lo contrario, en el supuesto de declaraciones a ingresar sin domiciliaci\u00f3n es necesario realizar, previamente, el ingreso (mediante adeudo en cuenta o en efectivo) en una entidad financiera y obtener el n\u00famero de justificante de pago que aporta la propia entidad.<\/p>\n<div class=\"voc-detail__cmp\" style=\"text-align: justify;\">\n<div class=\"voc-article-container\">\n<article class=\"voc-article voc-article--cmp-related voc-article--photo-left voc-article--photo-left--right-xs voc-home-tit-st\">\n<div class=\"voc-info-container\">\n<div class=\"voc-author-onplus-container\">El <strong>martes 29 de junio ser\u00e1 el \u00faltimo d\u00eda para solicitar cita previa para atenci\u00f3n telef\u00f3nica o en oficinas<\/strong>\u00a0y un d\u00eda m\u00e1s tarde,\u00a0<strong>el 30 de junio, finalizar\u00e1 el plazo para presentar las declaraciones<\/strong>, concluyendo as\u00ed la Campa\u00f1a de Renta y de Patrimonio 2020.<\/div>\n<\/div>\n<\/article>\n<\/div>\n<\/div>\n<p class=\"voc-paragraph\" style=\"text-align: justify;\">La Campa\u00f1a comenz\u00f3 el pasado 7 de abril para la presentaci\u00f3n por Internet, y finalizar\u00e1 el d\u00eda 30 de junio, con mejoras en la &#8216;app&#8217; y una simplificaci\u00f3n del sistema de identificaci\u00f3n.<\/p>\n<p class=\"voc-paragraph\" style=\"text-align: justify;\">Est\u00e1 previsto que en toda la campa\u00f1a se presenten 21.570.000 declaraciones, un 2,1% m\u00e1s que el a\u00f1o anterior. De ese total, se prev\u00e9 que 14.330.000 den derecho a devoluci\u00f3n, dos tercios del total y un 1% menos que el a\u00f1o anterior, por un importe de 10.857 millones de euros. A su vez, se esperan 5.960.000 declaraciones a ingresar, un 5,7% m\u00e1s, por importe de 12.976 millones.<\/p>\n<p><a class=\"voc-author\" title=\"EUROPA PRESS\">EUROPA PRESS<\/a><span class=\"voc-special\">MADRID<\/span><\/p>\n<\/div>\n<p>FOTO:Una pareja consulta documentos. \/ <span class=\"voc-photo-author\">FOTOLIA-ADOBESTOCK<\/span><\/p>\n<p>https:\/\/www.lasprovincias.es\/economia\/fiscalidad\/aeat-ingresar-renta-20210624193454-nt.html<\/p>\n","protected":false},"excerpt":{"rendered":"<p>La domiciliaci\u00f3n no impide fraccionar el pago en dos plazos El viernes 25 de junio\u00a0es&#8230;<\/p>\n","protected":false},"author":1,"featured_media":48183,"comment_status":"closed","ping_status":"closed","sticky":false,"template":"","format":"standard","meta":{"_coblocks_attr":"","_coblocks_dimensions":"","_coblocks_responsive_height":"","_coblocks_accordion_ie_support":"","jetpack_post_was_ever_published":false,"_jetpack_newsletter_access":"","_jetpack_dont_email_post_to_subs":false,"_jetpack_newsletter_tier_id":0,"_jetpack_memberships_contains_paywalled_content":false,"_jetpack_memberships_contains_paid_content":false,"footnotes":"","jetpack_publicize_message":"","jetpack_publicize_feature_enabled":true,"jetpack_social_post_already_shared":false,"jetpack_social_options":{"image_generator_settings":{"template":"highway","default_image_id":0,"enabled":false},"version":2}},"categories":[1161,44,7671,15],"tags":[406,981],"class_list":["post-48182","post","type-post","status-publish","format-standard","has-post-thumbnail","hentry","category-ciudadania","category-noticias-de-hoy","category-politica","category-ultimas-noticias","tag-hacienda","tag-pagos"],"jetpack_publicize_connections":[],"jetpack_featured_media_url":"https:\/\/i0.wp.com\/miradordeatarfe.es\/wp-content\/uploads\/2021\/06\/renta-kY3E-U140827218925HxB-624x385%40Las-Provincias-1.jpg?fit=624%2C385&ssl=1","jetpack_likes_enabled":true,"jetpack_sharing_enabled":true,"_links":{"self":[{"href":"https:\/\/miradordeatarfe.es\/index.php?rest_route=\/wp\/v2\/posts\/48182","targetHints":{"allow":["GET"]}}],"collection":[{"href":"https:\/\/miradordeatarfe.es\/index.php?rest_route=\/wp\/v2\/posts"}],"about":[{"href":"https:\/\/miradordeatarfe.es\/index.php?rest_route=\/wp\/v2\/types\/post"}],"author":[{"embeddable":true,"href":"https:\/\/miradordeatarfe.es\/index.php?rest_route=\/wp\/v2\/users\/1"}],"replies":[{"embeddable":true,"href":"https:\/\/miradordeatarfe.es\/index.php?rest_route=%2Fwp%2Fv2%2Fcomments&post=48182"}],"version-history":[{"count":1,"href":"https:\/\/miradordeatarfe.es\/index.php?rest_route=\/wp\/v2\/posts\/48182\/revisions"}],"predecessor-version":[{"id":48184,"href":"https:\/\/miradordeatarfe.es\/index.php?rest_route=\/wp\/v2\/posts\/48182\/revisions\/48184"}],"wp:featuredmedia":[{"embeddable":true,"href":"https:\/\/miradordeatarfe.es\/index.php?rest_route=\/wp\/v2\/media\/48183"}],"wp:attachment":[{"href":"https:\/\/miradordeatarfe.es\/index.php?rest_route=%2Fwp%2Fv2%2Fmedia&parent=48182"}],"wp:term":[{"taxonomy":"category","embeddable":true,"href":"https:\/\/miradordeatarfe.es\/index.php?rest_route=%2Fwp%2Fv2%2Fcategories&post=48182"},{"taxonomy":"post_tag","embeddable":true,"href":"https:\/\/miradordeatarfe.es\/index.php?rest_route=%2Fwp%2Fv2%2Ftags&post=48182"}],"curies":[{"name":"wp","href":"https:\/\/api.w.org\/{rel}","templated":true}]}}