{"id":48243,"date":"2021-07-03T09:55:52","date_gmt":"2021-07-03T07:55:52","guid":{"rendered":"http:\/\/miradordeatarfe.es\/?p=48243"},"modified":"2021-07-03T10:33:04","modified_gmt":"2021-07-03T08:33:04","slug":"los-padres-se-toman-fatal-que-su-hijo-repita-porque-es-como-si-les-hicieran-repetir-a-ellos","status":"publish","type":"post","link":"https:\/\/miradordeatarfe.es\/?p=48243","title":{"rendered":"\u201cLos padres se toman fatal que su hijo repita porque es como si les hicieran repetir a ellos\u201d"},"content":{"rendered":"<h2 class=\"epigraph\">Pautas para padres e hijos para gestionar acad\u00e9mica y emocionalmente las malas calificaciones escolares<\/h2>\n<header class=\"article-top-header col-12\">\n<div class=\"article-top\">\n<div class=\"article-media-main\">\u00a0<\/div>\n<\/div>\n<\/header>\n<div class=\"article-content col-12 col-md-8\">\n<div class=\"article-info\">\n<div class=\"author-date-content\">\n<div class=\"author-date-time\">\n<div class=\"author-name\" data-gtm-element-container=\"author\">\u00a0<\/div>\n<\/div>\n<\/div>\n<\/div>\n<\/div>\n<div class=\"article-modules\">\n<p class=\"paragraph\" data-gtm-element-container=\"modulo-texto-link\"><a href=\"https:\/\/www.lavanguardia.com\/vida\/20210621\/7544587\/adios-curso-mas-dificil-escolar-colegios-ensenanza-escuela-instituto.html\" target=\"_blank\" rel=\"noopener\" data-gtm-element=\"container-child-link\">El curso escolar m\u00e1s dif\u00edcil<\/a> termina esta semana y llega el momento, temido para algunos, de las notas y las evaluaciones finales. A algunos chavales les tocar\u00e1 repetir, algo que, seg\u00fan los especialistas, no tiene por qu\u00e9 suponer ning\u00fan drama. Hablamos con Pilu Hern\u00e1ndez Dopico, maestra, experta en educaci\u00f3n y fundadora del blog <a href=\"https:\/\/www.elpupitredepilu.com\/\" target=\"_blank\" rel=\"nofollow noopener noreferrer\" data-gtm-element=\"container-child-link\">El Pupitre de Pilu<\/a>, uno de los m\u00e1s le\u00eddos sobre la materia.<\/p>\n<p class=\"paragraph\" data-gtm-element-container=\"modulo-texto-link\"><strong>\u00bfSiempre quiso ense\u00f1ar?<\/strong><\/p>\n<p class=\"paragraph\" data-gtm-element-container=\"modulo-texto-link\">Soy maestra de vocaci\u00f3n, quise serlo desde que ten\u00eda uso de raz\u00f3n.<\/p>\n<p class=\"paragraph\" data-gtm-element-container=\"modulo-texto-link\"><strong>\u00bfC\u00f3mo era cuando era estudiante?<\/strong><\/p>\n<p class=\"paragraph\" data-gtm-element-container=\"modulo-texto-link\">Hasta que llegu\u00e9 a la facultad se me daba muy mal el estudio. Por circunstancias familiares cambi\u00e1bamos mucho de ciudad, y pas\u00e9 de una escuela que ten\u00eda un tipo de pedagog\u00eda m\u00e1s avanzada en la etapa de Infantil a otra escuela en Primaria que quiz\u00e1 era m\u00e1s convencional. Cuando empec\u00e9 all\u00ed primero de EGB yo ya sab\u00eda leer, pero la maestra no se dio cuenta y ah\u00ed comenc\u00e9 un proceso de desaprendizaje y desmotivaci\u00f3n que me marc\u00f3. Quiz\u00e1 por ello siempre quise ense\u00f1ar.<\/p>\n<\/div>\n<div class=\"article-modules\">\n<p class=\"paragraph\" data-gtm-element-container=\"modulo-texto-link\"><strong>\u00bfC\u00f3mo super\u00f3 sus problemas de aprendizaje hasta convertirse en maestra y experta en educaci\u00f3n?<\/strong><\/p>\n<p class=\"paragraph\" data-gtm-element-container=\"modulo-texto-link\">En un primer momento me ayud\u00f3 mucho la confianza que mis padres ten\u00edan en m\u00ed, sobre todo mi madre. Mi padre era algo menos paciente\u2026 Es muy importante eso, c\u00f3mo se acompa\u00f1a a los ni\u00f1os en casa. Cuando llegu\u00e9 a la universidad ya las cosas empezaron a ir sobre ruedas. Mi marido es profesor de Lengua Castellana y Literatura y nunca dej\u00f3 de animarme para que sacara las oposiciones y me hiciera maestra. Con el tiempo cre\u00e9 El Pupitre de Pilu, desde donde damos pautas a padres, docentes y opositores.<\/p>\n<p class=\"paragraph\" data-gtm-element-container=\"modulo-texto-link\"><strong>Usted repiti\u00f3 curso dos veces y no aprob\u00f3 la selectividad. \u00bfEst\u00e1 de acuerdo con las recientes declaraciones de la ministra de Educaci\u00f3n acerca de que no se puede valorar a los alumnos solo por la cantidad de suspensos o aprobados que tengan, sino por su madurez a la hora de adquirir y aplicar las competencias que se les piden? \u00bfFue su caso?<\/strong><\/p>\n<p class=\"paragraph\" data-gtm-element-container=\"modulo-texto-link\">Desde luego, las notas solo son un indicador m\u00e1s. Y lo m\u00edo es una historia de superaci\u00f3n y de confianza. Actualmente los docentes cuentan con m\u00e1s recursos y conocimientos a la hora de motivar a los alumnos, pero cuando yo estudiaba esto casi ni se planteaba. Yo era una adolescente que hac\u00eda lo m\u00ednimo, y si pude llegar adonde llegu\u00e9 es porque mi madre se ocup\u00f3 de que as\u00ed fuera y no me dej\u00f3 por imposible.<\/p>\n<figure class=\"composite-image image-container \" data-gtm-element-container=\"button-gallery\" data-drt-fotorama=\"1\"><picture><source srcset=\"https:\/\/www.lavanguardia.com\/files\/content_image_desktop_filter\/uploads\/2021\/06\/22\/60d1f17b0cad4.jpeg\" media=\"(min-width: 638px)\" \/><source srcset=\"https:\/\/www.lavanguardia.com\/files\/content_image_intermediate_filter\/uploads\/2021\/06\/22\/60d1f17b0cad4.jpeg\" media=\"(min-width: 480px)\" \/><\/picture>\n<div id=\"standard_10\" class=\"st-placement standard_10 inImage\">\n<div class=\"st-adunit st-reset st-show\">\n<div class=\"st-adunit-ad st-reset\">\u00a0<\/div>\n<\/div>\n<\/div>\n<picture><img data-recalc-dims=\"1\" decoding=\"async\" class=\"lazy loaded\" src=\"https:\/\/i0.wp.com\/www.lavanguardia.com\/files\/content_image_mobile_filter\/uploads\/2021\/06\/22\/60d1f17b0cad4.jpeg?w=640&#038;ssl=1\" alt=\"La experta en educaci\u00f3n, que repiti\u00f3 curso dos veces y no aprob\u00f3 la selectividad, asegura que las notas son s\u00f3lo un indiador m\u00e1s de la madurez de los j\u00f3venes\" data-full-src=\"https:\/\/www.lavanguardia.com\/uploads\/2021\/06\/22\/60d1f17b0cad4.jpeg\" data-ll-status=\"loaded\" \/><\/picture><figcaption class=\"figure-caption\">\n<p class=\"caption-title \"><em>La experta en educaci\u00f3n, que repiti\u00f3 curso dos veces y no aprob\u00f3 la selectividad, asegura que las notas son s\u00f3lo un indiador m\u00e1s de la madurez de los j\u00f3venes <\/em><em><span class=\"caption-author \">LETICIA REIG<\/span><\/em><\/p>\n<\/figcaption><\/figure>\n<p class=\"paragraph\" data-gtm-element-container=\"modulo-texto-link\">Actualmente cuesta mucho pasar de un modelo educativo al otro, y eso que ya hace a\u00f1os que se habla de competencias y de que hay que valorar a los chavales con otros par\u00e1metros\u2026 Y es que los padres y las madres son competitivos, a menudo tienen a sus hijos como si estuvieran en un escaparate: seg\u00fan va vestido mi ni\u00f1o, soy yo, seg\u00fan qu\u00e9 notas saca, soy yo\u2026 Vivimos muy de puertas para fuera y a veces nos importan m\u00e1s las apariencias que educar.<\/p>\n<p class=\"paragraph\" data-gtm-element-container=\"modulo-texto-link\"><strong>\u00bfPor eso se lo toman tan mal cuando toca repetir curso?<\/strong><\/p>\n<p class=\"paragraph\" data-gtm-element-container=\"modulo-texto-link\">Llevo m\u00e1s de 15 a\u00f1os en el mundo de la educaci\u00f3n y no dejo de sorprenderme cuando llega el momento de dar la noticia a una familia de que su hijo o hija tiene que repetir. Es curioso, son los progenitores quienes peor lo llevan. Esto ocurre porque vivimos en una \u00e9poca en la que tenemos que ser los mejores en todo y as\u00ed se lo transmitimos a los j\u00f3venes.<\/p>\n<h2 class=\"module-title\">Si los padres no son capaces de asumir una repetici\u00f3n de curso, dif\u00edcilmente lo har\u00e1n las criaturas<\/h2>\n<p><span class=\"content-highlights \"> <span class=\"author\"> <span class=\"author-name\">Pilu Hern\u00e1ndez<\/span><span class=\"author-job\">Maestra de educaci\u00f3n<\/span> <\/span> <\/span><\/p>\n<p class=\"paragraph\" data-gtm-element-container=\"modulo-texto-link\"><strong>\u00bfPor qu\u00e9 repite curso un ni\u00f1o? \u00bfEs tan grave para su desarrollo y su curr\u00edculum?<\/strong><\/p>\n<p class=\"paragraph\" data-gtm-element-container=\"modulo-texto-link\">Pueden ser muchos los motivos por las que un alumno repite curso: desde que su nivel madurativo es inferior y con la repetici\u00f3n el alumno se pondr\u00eda al nivel de sus compa\u00f1eros, o porque est\u00e9 pasando por alg\u00fan problema familiar o personal que le impida concentrarse. Sea cual sea el origen, cuando a una familia se le plantea la opci\u00f3n de repetir curso se ha de ver como algo beneficioso para el estudiante y as\u00ed poder superar las dificultades acad\u00e9micas y poder afrontar el resto de los cursos sin problemas a\u00f1adidos.<\/p>\n<p class=\"paragraph\" data-gtm-element-container=\"modulo-texto-link\"><strong>\u00bfRepetir curso es el \u00faltimo recurso?<\/strong><\/p>\n<p class=\"paragraph\" data-gtm-element-container=\"modulo-texto-link\">S\u00ed, aunque cuando se plantea una repetici\u00f3n a veces existe un desconocimiento por parte del centro o del tutor que la propone. Pasa a menudo que no se tienen en cuenta algunas cosas, como por ejemplo, si el alumno ya lleva una adaptaci\u00f3n curricular porque no tiene el nivel de su grupo debemos ver si dicha repetici\u00f3n va a servirle para alcanzar ese nivel, porque si no es el caso y siempre va a tener un desfase curricular, entonces quiz\u00e1 no tiene sentido hacerle repetir y separarlo adem\u00e1s de su grupo. Por otro lado, muchas veces se desconoce la normativa. Los docentes no pueden proponer una repetici\u00f3n sin m\u00e1s. Antes de hacer repetir curso al alumno hay que haberle propuesto distintos enfoques pedag\u00f3gicos y una serie de cambios de metodolog\u00eda y de enfoque y acompa\u00f1amiento. Solo si vemos que no funciona puede llegar a tener sentido esta medida.<\/p>\n<p><strong>Si es algo bueno, \u00bfpor qu\u00e9 lo llevamos tan mal?<\/strong><\/p>\n<p class=\"paragraph\" data-gtm-element-container=\"modulo-texto-link\">Muchos padres se toman a la tremenda la repetici\u00f3n porque demasiado a menudo se ocupan hasta de hacerles los deberes a los ni\u00f1os. Entonces, \u00a1es como si les estuvieran haciendo repetir curso a ellos! Los que no se lo toman as\u00ed suelen pensar que han fallado, lo ven como un fracaso. La mejor manera de verlo es como una oportunidad de observar lo que est\u00e1 pasando por parte de todos, no solo del ni\u00f1o o de la ni\u00f1a, sino tambi\u00e9n del centro, el tutor, los profesores, los padres\u2026 y ver lo que es necesario cambiar. Aconsejo no buscar culpables, sino soluciones. Y tambi\u00e9n ser realistas. Para cuando esto sucede ha habido ya tres evaluaciones previas, as\u00ed que no podemos echarnos las manos a la cabeza como si no lo hubi\u00e9ramos visto venir.<\/p>\n<p class=\"paragraph\" data-gtm-element-container=\"modulo-texto-link\"><strong>\u00bfTodav\u00eda hay mucho tab\u00fa al respecto?<\/strong><\/p>\n<p class=\"paragraph\" data-gtm-element-container=\"modulo-texto-link\">Es una pena, porque ayuda mucho hablar de ello. En ocasiones los padres lo esconden y no lo cuentan a los abuelos, a los t\u00edos, a los amigos\u2026 Con esto no benefician en nada al ni\u00f1o y crean una especie de estigma. El primer trabajo aqu\u00ed ser\u00eda de los padres, de asumir el tema para poder hablar de ello con sus hijos con naturalidad. La buena actitud ser\u00eda verlo como una piedra en el camino. Vale, hemos encontrado un obst\u00e1culo, pero se puede saltar. Si los padres no son capaces de asumirlo, dif\u00edcilmente lo har\u00e1n las criaturas.<\/p>\n<h2 class=\"module-title\"><em>\u00abEstamos dando clase en edificios del siglo XIX con docentes del siglo XX y alumnos del siglo XXI\u00bb<span class=\"content-highlights \"><span class=\"author\"><span class=\"author-name\">Pilu Hern\u00e1ndez<\/span><span class=\"author-job\">Maestra de educaci\u00f3n<\/span> <\/span> <\/span><\/em><\/h2>\n<p class=\"paragraph\" data-gtm-element-container=\"modulo-texto-link\"><strong>Por como lo cuenta parece que, a veces, m\u00e1s valdr\u00eda que repitieran los padres y no los ni\u00f1os\u2026<\/strong><\/p>\n<p class=\"paragraph\" data-gtm-element-container=\"modulo-texto-link\">Muchos no pasar\u00edan de curso ni aprobar\u00edan los ex\u00e1menes a los que se enfrentan sus hijos. Los ni\u00f1os hacen lo que ven. Luego nos quejamos, pero somos los primeros en darles el tel\u00e9fono m\u00f3vil para que se callen en un restaurante, y eso con dos a\u00f1os. Tambi\u00e9n se sorprender\u00eda de la poca cultura general que se comprueba en los aspirantes a las oposiciones de maestro.<\/p>\n<p class=\"paragraph\" data-gtm-element-container=\"modulo-texto-link\"><strong>\u00bfQu\u00e9 es lo que falla?<\/strong><\/p>\n<p class=\"paragraph\" data-gtm-element-container=\"modulo-texto-link\">Estamos dando clase en edificios del siglo XIX con docentes del siglo XX y alumnos del siglo XXI. Entre las familias se cae en el error de creer que la escuela es la responsable de todo, cuando los valores empiezan en casa.<\/p>\n<figure class=\"composite-image image-container \" data-gtm-element-container=\"button-gallery\" data-drt-fotorama=\"2\"><picture><source srcset=\"https:\/\/www.lavanguardia.com\/files\/content_image_desktop_filter\/uploads\/2021\/06\/22\/60d1f2cbce571.jpeg\" media=\"(min-width: 638px)\" \/><source srcset=\"https:\/\/www.lavanguardia.com\/files\/content_image_intermediate_filter\/uploads\/2021\/06\/22\/60d1f2cbce571.jpeg\" media=\"(min-width: 480px)\" \/><\/picture>\n<div id=\"standard_10\" class=\"st-placement standard_10 inImage\">\n<div class=\"st-adunit st-reset st-show\">\n<div class=\"st-adunit-ad st-reset\">\u00a0<\/div>\n<\/div>\n<\/div>\n<picture><img data-recalc-dims=\"1\" decoding=\"async\" class=\"lazy loaded\" src=\"https:\/\/i0.wp.com\/www.lavanguardia.com\/files\/content_image_mobile_filter\/uploads\/2021\/06\/22\/60d1f2cbce571.jpeg?w=640&#038;ssl=1\" alt=\"\" data-full-src=\"https:\/\/www.lavanguardia.com\/uploads\/2021\/06\/22\/60d1f2cbce571.jpeg\" data-ll-status=\"loaded\" \/><\/picture><figcaption class=\"figure-caption\">\n<p class=\"caption-title \"><em>\u00abAntes de hacer repetir curso al alumno hay que proponerle distintos enfoques pedag\u00f3gicos y cambios de metodolog\u00eda y de enfoque y acompa\u00f1amiento\u00bb<\/em><em><span class=\"caption-author \">LETICIA REIG<\/span><\/em><\/p>\n<\/figcaption><\/figure>\n<p class=\"paragraph\" data-gtm-element-container=\"modulo-texto-link\"><strong>\u00bfY los ni\u00f1os c\u00f3mo viven la repetici\u00f3n? \u00bfSe adaptan m\u00e1s f\u00e1cilmente?<\/strong><\/p>\n<p class=\"paragraph\" data-gtm-element-container=\"modulo-texto-link\">Suele ser mucho menos dram\u00e1tica su forma de vivirla que la de los padres. Se puede dar alg\u00fan problema si no congenian con el grupo, pero casi nunca pasa. Tambi\u00e9n depende de la edad y del car\u00e1cter del ni\u00f1o o de la ni\u00f1a. Yo misma repet\u00ed dos veces y me fue bien.<\/p>\n<picture><\/picture>\n<p class=\"paragraph\" data-gtm-element-container=\"modulo-texto-link\"><strong>\u00bfC\u00f3mo podemos explic\u00e1rselo para que lo vivan bien?<\/strong><\/p>\n<p class=\"paragraph\" data-gtm-element-container=\"modulo-texto-link\">En primer lugar, hablando con el centro y asegur\u00e1ndonos de que esta es la mejor opci\u00f3n. En segundo lugar, haciendo nosotros las paces con el asunto, porque si no dif\u00edcilmente vamos a poder ayudarles a verlo con tranquilidad. Nuestra tarea como padres ser\u00e1 escuchar y estar a atentos a sus preguntas para quitarles miedos y que puedan vivirlo con naturalidad. Y cuidado, que aunque hablemos de repetir, de lo que se trata es de que no acabemos haciendo lo mismo. Debemos ayudarles a encontrar, junto con la escuela, otras maneras de enfocar el curso para no caer en los mismos errores. Deber\u00edamos cambiarle el nombre y dejar de llamarlo \u201crepetir curso\u201d.<\/p>\n<\/div>\n<div class=\"comments-button-container\">\n<div class=\"fyre-godo-open livefyre-commentcount \" data-lf-site-id=\"351112\" data-lf-article-id=\"article-7549286\">\n<header class=\"article-top-header col-12\">\n<div class=\"article-top\">\n<div class=\"article-media-main\">\n<figure class=\"composite-image image-container \" data-gtm-element-container=\"button-gallery\"><figcaption class=\"figure-caption\">\n<p><a href=\"https:\/\/www.lavanguardia.com\/autores\/rocio-carmona.html\" data-gtm-element=\"container-child-link\"><strong>Roc\u00edo Carmona<\/strong><\/a><\/p>\n<p class=\"caption-title \">FOTO: Pilu Hern\u00e1ndez, maestra y experta en educaci\u00f3n <span class=\"caption-author \">LETICIA REIG<\/span><\/p>\n<\/figcaption><\/figure>\n<\/div>\n<\/div>\n<\/header>\n<div class=\"infinite-scroll-preload\">https:\/\/www.lavanguardia.com\/vivo\/mamas-y-papas\/20210623\/7549286\/repetir-curso.html#foto-3<\/div>\n<div class=\"article-content col-12 col-md-8\">\n<div class=\"article-info\">\n<div class=\"author-date-content\">\n<figure class=\"author-image\"><\/figure>\n<div class=\"author-date-time\">\n<div class=\"author-name\" data-gtm-element-container=\"author\">\n<p>&nbsp;<\/p>\n<\/div>\n<\/div>\n<\/div>\n<\/div>\n<\/div>\n<\/div>\n<\/div>\n","protected":false},"excerpt":{"rendered":"<p>Pautas para padres e hijos para gestionar acad\u00e9mica y emocionalmente las malas calificaciones escolares \u00a0&#8230;<\/p>\n","protected":false},"author":1,"featured_media":48244,"comment_status":"closed","ping_status":"closed","sticky":false,"template":"","format":"standard","meta":{"_coblocks_attr":"","_coblocks_dimensions":"","_coblocks_responsive_height":"","_coblocks_accordion_ie_support":"","jetpack_post_was_ever_published":false,"_jetpack_newsletter_access":"","_jetpack_dont_email_post_to_subs":false,"_jetpack_newsletter_tier_id":0,"_jetpack_memberships_contains_paywalled_content":false,"_jetpack_memberships_contains_paid_content":false,"footnotes":"","jetpack_publicize_message":"","jetpack_publicize_feature_enabled":true,"jetpack_social_post_already_shared":false,"jetpack_social_options":{"image_generator_settings":{"template":"highway","default_image_id":0,"enabled":false},"version":2}},"categories":[187,1161,44,6937,15],"tags":[5261,8450],"class_list":["post-48243","post","type-post","status-publish","format-standard","has-post-thumbnail","hentry","category-centros-educativos","category-ciudadania","category-noticias-de-hoy","category-sociedad","category-ultimas-noticias","tag-madres-y-padres","tag-reprticiones"],"jetpack_publicize_connections":[],"jetpack_featured_media_url":"https:\/\/i0.wp.com\/miradordeatarfe.es\/wp-content\/uploads\/2021\/06\/60d1ec85125a0-scaled.jpeg?fit=2560%2C1978&ssl=1","jetpack_likes_enabled":true,"jetpack_sharing_enabled":true,"_links":{"self":[{"href":"https:\/\/miradordeatarfe.es\/index.php?rest_route=\/wp\/v2\/posts\/48243","targetHints":{"allow":["GET"]}}],"collection":[{"href":"https:\/\/miradordeatarfe.es\/index.php?rest_route=\/wp\/v2\/posts"}],"about":[{"href":"https:\/\/miradordeatarfe.es\/index.php?rest_route=\/wp\/v2\/types\/post"}],"author":[{"embeddable":true,"href":"https:\/\/miradordeatarfe.es\/index.php?rest_route=\/wp\/v2\/users\/1"}],"replies":[{"embeddable":true,"href":"https:\/\/miradordeatarfe.es\/index.php?rest_route=%2Fwp%2Fv2%2Fcomments&post=48243"}],"version-history":[{"count":2,"href":"https:\/\/miradordeatarfe.es\/index.php?rest_route=\/wp\/v2\/posts\/48243\/revisions"}],"predecessor-version":[{"id":48356,"href":"https:\/\/miradordeatarfe.es\/index.php?rest_route=\/wp\/v2\/posts\/48243\/revisions\/48356"}],"wp:featuredmedia":[{"embeddable":true,"href":"https:\/\/miradordeatarfe.es\/index.php?rest_route=\/wp\/v2\/media\/48244"}],"wp:attachment":[{"href":"https:\/\/miradordeatarfe.es\/index.php?rest_route=%2Fwp%2Fv2%2Fmedia&parent=48243"}],"wp:term":[{"taxonomy":"category","embeddable":true,"href":"https:\/\/miradordeatarfe.es\/index.php?rest_route=%2Fwp%2Fv2%2Fcategories&post=48243"},{"taxonomy":"post_tag","embeddable":true,"href":"https:\/\/miradordeatarfe.es\/index.php?rest_route=%2Fwp%2Fv2%2Ftags&post=48243"}],"curies":[{"name":"wp","href":"https:\/\/api.w.org\/{rel}","templated":true}]}}