{"id":48246,"date":"2021-06-29T10:02:10","date_gmt":"2021-06-29T08:02:10","guid":{"rendered":"http:\/\/miradordeatarfe.es\/?p=48246"},"modified":"2021-06-28T12:10:41","modified_gmt":"2021-06-28T10:10:41","slug":"el-glosario-que-te-ayudara-a-entender-las-distintas-identidades-de-genero","status":"publish","type":"post","link":"https:\/\/miradordeatarfe.es\/?p=48246","title":{"rendered":"El glosario que te ayudar\u00e1 a entender las distintas identidades de g\u00e9nero"},"content":{"rendered":"<h3 class=\"epigraph\" style=\"text-align: justify;\">Las palabras tienen peso. Te ense\u00f1amos una gu\u00eda sobre algunos t\u00e9rminos de identidad de g\u00e9nero para que puedas hablar con propiedad.<\/h3>\n<p class=\"paragraph\" style=\"text-align: justify;\" data-gtm-element-container=\"modulo-texto-link\">Aunque Demi Lovato se declar\u00f3 bisexual hace un par de a\u00f1os, en <a title=\"Demi Lovato se identifica como pansexual\" href=\"https:\/\/www.lavanguardia.com\/muyfan\/20210330\/6617013\/demi-lovato-pansexual-hijos.html\" target=\"_blank\" rel=\"nofollow noopener noreferrer\" data-gtm-element=\"container-child-link\">marzo de este a\u00f1o la actriz y cantante ha anunciado que la pansexualidad<\/a> es la orientaci\u00f3n sexual que mejor la define. Fue hace un par de semanas que la exestrella Disney anunci\u00f3, a trav\u00e9s de su cuenta de Instagram, que <a title=\"Demi Lovato se declara de g\u00e9nero no binario\" href=\"https:\/\/www.lavanguardia.com\/gente\/20210519\/7465863\/demi-lovato-se-declara-genero-no-binario-pansexual-podcast.html\" target=\"_blank\" rel=\"nofollow noopener noreferrer\" data-gtm-element=\"container-child-link\">se identifica como de g\u00e9nero no binario<\/a>\u00a0ya que \u00abrepresenta mejor la fluidez\u00bb que siente en su expresi\u00f3n de g\u00e9nero. Pero, \u00bfentiendes todos estos t\u00e9rminos?<\/p>\n<p class=\"paragraph\" style=\"text-align: justify;\" data-gtm-element-container=\"modulo-texto-link\">En el mes del orgullo LGTBI, te ense\u00f1amos un glosario para que entiendas estos t\u00e9rminos y puedas hablar con precisi\u00f3n.<\/p>\n<figure class=\"composite-image image-container \" style=\"text-align: justify;\" data-gtm-element-container=\"button-gallery\" data-drt-fotorama=\"1\"><picture><source srcset=\"https:\/\/www.lavanguardia.com\/files\/content_image_desktop_filter\/files\/fp\/uploads\/2021\/05\/06\/6093b80b4285a.r_d.416-351.jpeg\" media=\"(min-width: 638px)\" \/><source srcset=\"https:\/\/www.lavanguardia.com\/files\/content_image_intermediate_filter\/files\/fp\/uploads\/2021\/05\/06\/6093b80b4285a.r_d.416-351.jpeg\" media=\"(min-width: 480px)\" \/><\/picture>\n<div id=\"standard_10\" class=\"st-placement standard_10 inImage\">\n<div class=\"st-adunit st-reset st-show\">\u00a0<\/div>\n<\/div>\n<picture><img data-recalc-dims=\"1\" decoding=\"async\" class=\"lazy loaded\" src=\"https:\/\/i0.wp.com\/www.lavanguardia.com\/files\/content_image_mobile_filter\/files\/fp\/uploads\/2021\/05\/06\/6093b80b4285a.r_d.416-351.jpeg?w=640&#038;ssl=1\" alt=\"Demi Lovato sigue luchando diariamente para estar sobria\" data-full-src=\"https:\/\/www.lavanguardia.com\/uploads\/2021\/05\/06\/6093b80b4285a.jpeg\" data-ll-status=\"loaded\" \/><\/picture><figcaption class=\"figure-caption\">\n<p class=\"caption-title \">La artista Demi Lovato se declara de g\u00e9nero no binario<\/p>\n<p><span class=\"caption-author \">@ddlovato Instagram<\/span><\/figcaption><\/figure>\n<p style=\"text-align: justify;\">\u00a0<\/p>\n<p style=\"text-align: justify;\">\u00a0<\/p>\n<p class=\"paragraph\" style=\"text-align: justify;\" data-gtm-element-container=\"modulo-texto-link\">Aqu\u00ed algunas definiciones de una gu\u00eda que ha creado la National Public Radio (NPR) con ayuda de la GLAAD (Alianza de Gays y Lesbianas contra la difamaci\u00f3n , por sus siglas en ingl\u00e9s) y otras referencias de\u00a0 recursos del LGTBIA+ Health Education Center, Rainbow Project y de la ONU (campa\u00f1a Libres e Iguales):<\/p>\n<div class=\"related-double-module\" style=\"text-align: justify;\">\u00a0<\/div>\n<h3 class=\"subtitle\" style=\"text-align: justify;\">El sexo<\/h3>\n<p class=\"paragraph\" style=\"text-align: justify;\" data-gtm-element-container=\"modulo-texto-link\">Se refiere a una cuesti\u00f3n biol\u00f3gica. Es el que se asigna al nacer, normalmente por la anatom\u00eda externa de la persona. Se suele categorizar en femenino, masculino e intersexual<\/p>\n<ul style=\"text-align: justify;\">\n<li><strong>Intersexual:<\/strong> persona que nace con caracter\u00edsticas sexuales (como los genitales, las g\u00f3nadas y los cromosomas) de ambos sexos. Las personas intersexuales nacen con caracteres sexuales que no se corresponden con el concepto binario de cuerpo femenino y cuerpo masculino. Tambi\u00e9n conocidas vulgar y err\u00f3neamente como hermafroditas.\u00a0<\/li>\n<\/ul>\n<h3 class=\"subtitle\" style=\"text-align: justify;\">El g\u00e9nero<\/h3>\n<p class=\"paragraph\" style=\"text-align: justify;\" data-gtm-element-container=\"modulo-texto-link\">Es una construcci\u00f3n sociocultural de normas, comportamientos y roles que la sociedad asigna a las personas de manera diferenciada, como propias de hombres y mujeres. Var\u00eda entre sociedades y con el tiempo. Suelen categorizarse como mujer, hombre o no binario.<\/p>\n<ul style=\"text-align: justify;\">\n<li><strong>G\u00e9nero no binario o \u00abgenderqueer\u00bb:<\/strong> persona cuya identidad de g\u00e9nero no encaja dentro de las categor\u00edas de hombre o mujer. Rechaza el modelo binario, que establece que \u00fanicamente existen dos g\u00e9neros: hombre o mujer.\u00a0<\/li>\n<li><strong>Ag\u00e9nero o sin g\u00e9nero:<\/strong> describe a las personas que no se identifican con ning\u00fan g\u00e9nero.\u00a0<\/li>\n<\/ul>\n<figure class=\"composite-image image-container \" style=\"text-align: justify;\" data-gtm-element-container=\"button-gallery\" data-drt-fotorama=\"2\"><picture><source srcset=\"https:\/\/www.lavanguardia.com\/files\/content_image_desktop_filter\/uploads\/2021\/06\/07\/60be468c3ce49.jpeg\" media=\"(min-width: 638px)\" \/><source srcset=\"https:\/\/www.lavanguardia.com\/files\/content_image_intermediate_filter\/uploads\/2021\/06\/07\/60be468c3ce49.jpeg\" media=\"(min-width: 480px)\" \/><\/picture>\n<div id=\"standard_10\" class=\"st-placement standard_10 inImage\">\n<div class=\"st-adunit st-reset st-show\">\u00a0<\/div>\n<\/div>\n<picture><img data-recalc-dims=\"1\" decoding=\"async\" class=\"lazy loaded\" src=\"https:\/\/i0.wp.com\/www.lavanguardia.com\/files\/content_image_mobile_filter\/uploads\/2021\/06\/07\/60be468c3ce49.jpeg?w=640&#038;ssl=1\" alt=\"La identidad de g\u00e9nero es independiente a la orientaci\u00f3n sexual de las personas (Shutterstock)\" data-full-src=\"https:\/\/www.lavanguardia.com\/uploads\/2021\/06\/07\/60be468c3ce49.jpeg\" data-ll-status=\"loaded\" \/><\/picture><figcaption class=\"figure-caption\">\n<p class=\"caption-title \">La identidad de g\u00e9nero es independiente a la orientaci\u00f3n sexual de las personas (Shutterstock)<\/p>\n<\/figcaption><\/figure>\n<ul style=\"text-align: justify;\">\n<li><strong>Identidad de g\u00e9nero:<\/strong> es la percepci\u00f3n interna que una persona tiene sobre su propio g\u00e9nero, independientemente de su sexo biol\u00f3gico. A diferencia de la expresi\u00f3n de g\u00e9nero, la identidad de g\u00e9nero no es visible para otros. Para la mayor\u00eda de las personas (cis), la identidad de g\u00e9nero coincide con el sexo asignado al nacer, mientras que para las personas trans la identidad de g\u00e9nero difiere con el sexo asignado al nacer\u00a0<\/li>\n<li><strong>Expresi\u00f3n de g\u00e9nero: <\/strong>es c\u00f3mo una persona act\u00faa, viste, habla y se comporta para exteriorizar su g\u00e9nero al mundo.<\/li>\n<li>Una persona es <strong>cisg\u00e9nero o cis<\/strong>\u00a0cuando su sexo de nacimiento coincide exactamente con su identidad de g\u00e9nero. Al nacer eres inscrita como mujer y te identificas mujer.<\/li>\n<li>Una <strong>persona trans <\/strong>es alguien cuya identidad de g\u00e9nero difiere con el sexo asignado al nacer. Un hombre trans, por ejemplo, es alguien que al nacer fue inscrito como mujer pero que su identidad de g\u00e9nero es hombre.\u00a0<\/li>\n<li><strong>Disforia de g\u00e9nero<\/strong> es un t\u00e9rmino utilizado para describir la angustia que sienten las personas que no se identifican con el sexo asignado al nacer. Es un diagn\u00f3stico m\u00e9dico que <a title=\"Cambiar de sexo en el DNI solo requerir\u00e1 solicitarlo\" href=\"https:\/\/www.lavanguardia.com\/vida\/20210202\/6218117\/ley-trans-permitira-menores-cambiar-sexo-registro-informe-medico.html\" rel=\"nofollow noreferrer\">Espa\u00f1a a\u00fan exige como requisito para poder cambiar el nombre y el sexo del DNI.<\/a> Algo que la <a title=\"Ley Trans, argumentos a favor y en contra\" href=\"https:\/\/www.lavanguardia.com\/vida\/junior-report\/20210205\/6222909\/ley-trans-argumentos-favor.html\" target=\"_blank\" rel=\"nofollow noopener noreferrer\">Ley Trans<\/a> pretende modificar.<\/li>\n<\/ul>\n<div class=\"related-double-module\" style=\"text-align: justify;\">\u00a0<\/div>\n<ul style=\"text-align: justify;\">\n<li><strong>Transici\u00f3n de g\u00e9nero<\/strong> es el proceso por el cual la persona buscar\u00e1 alinearse con su identidad de g\u00e9nero. La transici\u00f3n puede incluir, o no, las siguientes: contarle a sus amigos, familiares y compa\u00f1eros de trabajo; cambiar su nombre y sus pronombres; actualizar su documentaci\u00f3n legal; intervenciones m\u00e9dicas, etc.<\/li>\n<\/ul>\n<h3 class=\"module-supra-title\" style=\"text-align: justify;\">Una confusi\u00f3n recurrente<\/h3>\n<h2 class=\"module-title\" style=\"text-align: justify;\">La identidad de g\u00e9nero es independiente a la orientaci\u00f3n sexual<\/h2>\n<p class=\"module-text\" style=\"text-align: justify;\">Una persona trans puede ser heterosexual, lesbiana, gay, bisexual o no binaria. Por ejemplo, si una persona hace una transici\u00f3n de hombre a mujer y es atra\u00edda por los hombres ser\u00e1 una mujer heterosexual.<\/p>\n<p class=\"paragraph\" style=\"text-align: justify;\" data-gtm-element-container=\"modulo-texto-link\">Se refiere a la atracci\u00f3n f\u00edsica y\/o emocional hacia\u00a0personas del sexo opuesto (<strong>heterosexual<\/strong>), personas del mismo sexo (<strong>gay\/lesbiana<\/strong>), o personas de ambos sexos (<strong>bisexual<\/strong>).\u00a0Tambi\u00e9n est\u00e1n quienes sienten una falta de inter\u00e9s o atracci\u00f3n sexual (<strong>asexual<\/strong>), quienes no sienten atracci\u00f3n sexual a menos que formen un fuerte v\u00ednculo emocional con dicha persona (<strong>demisexual<\/strong>), y quienes solo sienten atracci\u00f3n sexual y deseo por la inteligencia o por las cualidades morales de una persona (<strong>sapiosexual<\/strong>). Mientras que los<strong> pansexuales <\/strong>son las personas que sienten\u00a0atracci\u00f3n sexual y emocional hacia todas las personas sin importar el g\u00e9nero.<\/p>\n<p class=\"paragraph\" style=\"text-align: justify;\" data-gtm-element-container=\"modulo-texto-link\">A diferencia de la bisexualidad, la pansexualidad rechaza la concepci\u00f3n de sexo binario hombre-mujer. <i>Pan<\/i>, del girego \u00abtodos\u00bb, explica que la atracci\u00f3n es hacia todas las identidades de g\u00e9nero. Por lo tanto, una persona pansexual, como se identifica Demi Lovato, podr\u00eda sentirse atra\u00edda por hombres, mujeres y personas de otros g\u00e9neros. De todas formas, la GLAAD prefiere colocar el t\u00e9rmino pansexual bajo el \u00abparaguas\u00bb de bisexual.<\/p>\n<p>&nbsp;<\/p>\n<p><strong>Mar\u00eda Jos\u00e9 El\u00edas Rein<\/strong><\/p>\n<p>FOTO: Un ba\u00f1o para todos los g\u00e9neros\u00bb donde no importa la identidad o expresi\u00f3n de g\u00e9nero\u00a0 <span class=\"caption-author \">EFE\/Jason Szenes<\/span><\/p>\n","protected":false},"excerpt":{"rendered":"<p>Las palabras tienen peso. Te ense\u00f1amos una gu\u00eda sobre algunos t\u00e9rminos de identidad de g\u00e9nero&#8230;<\/p>\n","protected":false},"author":1,"featured_media":48247,"comment_status":"closed","ping_status":"closed","sticky":false,"template":"","format":"standard","meta":{"_coblocks_attr":"","_coblocks_dimensions":"","_coblocks_responsive_height":"","_coblocks_accordion_ie_support":"","jetpack_post_was_ever_published":false,"_jetpack_newsletter_access":"","_jetpack_dont_email_post_to_subs":false,"_jetpack_newsletter_tier_id":0,"_jetpack_memberships_contains_paywalled_content":false,"_jetpack_memberships_contains_paid_content":false,"footnotes":"","jetpack_publicize_message":"","jetpack_publicize_feature_enabled":true,"jetpack_social_post_already_shared":false,"jetpack_social_options":{"image_generator_settings":{"template":"highway","default_image_id":0,"enabled":false},"version":2}},"categories":[1161,44,6937,15,10],"tags":[8452,8453,6777,8451],"class_list":["post-48246","post","type-post","status-publish","format-standard","has-post-thumbnail","hentry","category-ciudadania","category-noticias-de-hoy","category-sociedad","category-ultimas-noticias","category-salud","tag-bis","tag-pan","tag-trans","tag-vocablos"],"jetpack_publicize_connections":[],"jetpack_featured_media_url":"https:\/\/i0.wp.com\/miradordeatarfe.es\/wp-content\/uploads\/2021\/06\/5fa2d6ea2d9c2.jpeg?fit=991%2C558&ssl=1","jetpack_likes_enabled":true,"jetpack_sharing_enabled":true,"_links":{"self":[{"href":"https:\/\/miradordeatarfe.es\/index.php?rest_route=\/wp\/v2\/posts\/48246","targetHints":{"allow":["GET"]}}],"collection":[{"href":"https:\/\/miradordeatarfe.es\/index.php?rest_route=\/wp\/v2\/posts"}],"about":[{"href":"https:\/\/miradordeatarfe.es\/index.php?rest_route=\/wp\/v2\/types\/post"}],"author":[{"embeddable":true,"href":"https:\/\/miradordeatarfe.es\/index.php?rest_route=\/wp\/v2\/users\/1"}],"replies":[{"embeddable":true,"href":"https:\/\/miradordeatarfe.es\/index.php?rest_route=%2Fwp%2Fv2%2Fcomments&post=48246"}],"version-history":[{"count":2,"href":"https:\/\/miradordeatarfe.es\/index.php?rest_route=\/wp\/v2\/posts\/48246\/revisions"}],"predecessor-version":[{"id":48249,"href":"https:\/\/miradordeatarfe.es\/index.php?rest_route=\/wp\/v2\/posts\/48246\/revisions\/48249"}],"wp:featuredmedia":[{"embeddable":true,"href":"https:\/\/miradordeatarfe.es\/index.php?rest_route=\/wp\/v2\/media\/48247"}],"wp:attachment":[{"href":"https:\/\/miradordeatarfe.es\/index.php?rest_route=%2Fwp%2Fv2%2Fmedia&parent=48246"}],"wp:term":[{"taxonomy":"category","embeddable":true,"href":"https:\/\/miradordeatarfe.es\/index.php?rest_route=%2Fwp%2Fv2%2Fcategories&post=48246"},{"taxonomy":"post_tag","embeddable":true,"href":"https:\/\/miradordeatarfe.es\/index.php?rest_route=%2Fwp%2Fv2%2Ftags&post=48246"}],"curies":[{"name":"wp","href":"https:\/\/api.w.org\/{rel}","templated":true}]}}