{"id":4825,"date":"2015-11-28T06:17:49","date_gmt":"2015-11-28T06:17:49","guid":{"rendered":"http:\/\/miradordeatarfe.es\/?p=4825"},"modified":"2015-11-29T17:32:33","modified_gmt":"2015-11-29T17:32:33","slug":"por-que-el-docente-no-innova-en-el-aula-miedos-y-creencias-mas-comunes","status":"publish","type":"post","link":"https:\/\/miradordeatarfe.es\/?p=4825","title":{"rendered":"\u00bfPor qu\u00e9 el docente no innova en el aula? Miedos y creencias m\u00e1s comunes"},"content":{"rendered":"<p><strong class=\"last-child first-child\">\u00bfD\u00f3nde est\u00e1s hoy como docente? \u00bfTe has dado permiso para lanzarte a la aventura de innovar?\u00a0\u00bfCu\u00e1ntas veces el miedo a equivocarte no te ha permitido hacer aquello que podr\u00edas haber hecho? \u00bfC\u00f3mo son los mensajes que env\u00edas o te env\u00edas cuando se propone una experiencia innovadora en el centro?<a href=\"https:\/\/i0.wp.com\/miradordeatarfe.es\/wp-content\/uploads\/2015\/11\/miedo-300x293.jpg?ssl=1\"><img data-recalc-dims=\"1\" loading=\"lazy\" decoding=\"async\" class=\"alignnone size-full wp-image-4826\" src=\"https:\/\/i0.wp.com\/miradordeatarfe.es\/wp-content\/uploads\/2015\/11\/miedo-300x293.jpg?resize=300%2C293&#038;ssl=1\" alt=\"miedo-300x293\" width=\"300\" height=\"293\" \/><\/a><\/strong><!--more--><\/p>\n<p>Lo que creemos acerca de la educaci\u00f3n y de nuestra labor como docentes, normalmente nos surge de la experiencia adquirida en nuestra vida profesional, pero tambi\u00e9n lo que elegimos creer sobre las nuevas pr\u00e1cticas docentes puede estar determinado por la influencia que hayamos recibido de un modelo cercano.<\/p>\n<p>Estas creencias hacen que actuemos de un modo concreto. Cuando limitan nuestros actos o impiden el desarrollo de nuestra labor docente se llaman CREENCIAS LIMITANTES.<strong class=\"last-child first-child\">Pueden ser de este tipo:<\/strong><\/p>\n<p><strong class=\"last-child first-child\">-Esto es mucho trabajo para nada<\/strong><\/p>\n<p><strong class=\"last-child first-child\">-No creo que las nuevas metodolog\u00edas ayuden<\/strong><\/p>\n<p><strong class=\"last-child first-child\">-Llevo haci\u00e9ndolo as\u00ed toda la vida, no s\u00e9 porque tengo que cambiar<\/strong><\/p>\n<p><strong class=\"last-child first-child\">-El sistema educativo en Espa\u00f1a es lo que no funciona<\/strong><\/p>\n<p>&nbsp;<\/p>\n<h3><a class=\"last-child first-child\" href=\"https:\/\/i0.wp.com\/www.educaciontrespuntocero.com\/wp-content\/uploads\/2015\/11\/cambia.jpg\"><img data-recalc-dims=\"1\" loading=\"lazy\" decoding=\"async\" class=\"alignleft size-medium wp-image-30369 last-child first-child\" src=\"https:\/\/i0.wp.com\/www.educaciontrespuntocero.com\/wp-content\/uploads\/2015\/11\/cambia-300x300.jpg?resize=300%2C300\" alt=\"cambia\" width=\"300\" height=\"300\" \/><\/a>Nada cambia si no cambias nada<\/h3>\n<p>Identificar las creencias que nos est\u00e1n frenando, reconocerlas en nosotros es la llave para poder gestionarlas, cambiarlas, en definitiva romper los muros que nos separan para lanzarnos \u00a0y emprender con nuevas metodolog\u00edas en el aula y probar nuevas experiencias innovadoras para nuestros alumnos. Puedes empezar por algunos peque\u00f1os pasos:<\/p>\n<p><strong class=\"last-child first-child\">-Toma\u00a0conciencia de esas creencias que te pueden estar frenando como educador del S.XXI.<\/strong> Intenta cambiarlas saliendo\u00a0de tu zona de confort, emprendiendo diferentes acciones.<\/p>\n<p><strong class=\"last-child first-child\">-Acomp\u00e1\u00f1ate de compa\u00f1eros que ya se hayan iniciado en nuevos proyectos.<\/strong><\/p>\n<p><strong class=\"last-child first-child\">-Transforma esas creencias limitantes en creencias poderosas que van a hacer que te acerques m\u00e1s a las metas que te propones, a generar cambio en\u00a0 tu transformaci\u00f3n docente.<\/strong><\/p>\n<p><strong class=\"last-child first-child\">Nada cambia si no cambias nada. R\u00e9tate. Comprom\u00e9tete y pasa a la acci\u00f3n.<\/strong> Genera sinergias positivas, s\u00e9 proactivo. Haz que la innovaci\u00f3n educativa sea una experiencia de la cual aprender forme parte de ti y de tu centro.<\/p>\n<blockquote><p>\u201cTanto si crees que puedes como si crees que no puedes, est\u00e1s en lo cierto\u201d John Ford<\/p><\/blockquote>\n<p>&nbsp;<\/p>\n<p><a class=\"last-child first-child\" href=\"https:\/\/i0.wp.com\/www.educaciontrespuntocero.com\/wp-content\/uploads\/2015\/11\/Vanessa.jpg\"><img data-recalc-dims=\"1\" loading=\"lazy\" decoding=\"async\" class=\"alignleft wp-image-30388 size-thumbnail last-child first-child\" src=\"https:\/\/i0.wp.com\/www.educaciontrespuntocero.com\/wp-content\/uploads\/2015\/11\/Vanessa-150x150.jpg?resize=150%2C150\" alt=\"Vanessa Vicente Riera\" width=\"150\" height=\"150\" \/><\/a>Vanessa Vicente Rivera<\/p>\n<p>Coach Personal ACSTH<\/p>\n<p>Maestra de Educaci\u00f3n Primaria<\/p>\n<p><strong class=\"last-child first-child\"><span class=\"last-child first-child\"><a class=\"last-child first-child\" href=\"http:\/\/www.vanessavicentecoach.blogspot.com\/\">www.vanessavicentecoach.blogspot.com<\/a><\/span><\/strong><\/p>\n<p>&nbsp;<\/p>\n<p>&nbsp;<\/p>\n<p>&nbsp;<\/p>\n<div class=\"article-tag-block\"><span class=\"tag-text first-child\"><span class=\"icon-text last-child first-child\">\ue70c<\/span>Tags:<\/span><\/p>\n<div class=\"tagcloud last-child\"><a class=\"first-child\" href=\"http:\/\/www.educaciontrespuntocero.com\/tag\/coaching\">coaching<\/a><a class=\"last-child\" href=\"http:\/\/www.educaciontrespuntocero.com\/tag\/innovacion\">innovaci\u00f3<\/a><\/div>\n<\/div>\n","protected":false},"excerpt":{"rendered":"<p>\u00bfD\u00f3nde est\u00e1s hoy como docente? \u00bfTe has dado permiso para lanzarte a la aventura de&#8230;<\/p>\n","protected":false},"author":1,"featured_media":4826,"comment_status":"closed","ping_status":"closed","sticky":false,"template":"","format":"standard","meta":{"_coblocks_attr":"","_coblocks_dimensions":"","_coblocks_responsive_height":"","_coblocks_accordion_ie_support":"","jetpack_post_was_ever_published":false,"_jetpack_newsletter_access":"","_jetpack_dont_email_post_to_subs":false,"_jetpack_newsletter_tier_id":0,"_jetpack_memberships_contains_paywalled_content":false,"_jetpack_memberships_contains_paid_content":false,"footnotes":"","jetpack_publicize_message":"","jetpack_publicize_feature_enabled":true,"jetpack_social_post_already_shared":false,"jetpack_social_options":{"image_generator_settings":{"template":"highway","default_image_id":0,"enabled":false},"version":2}},"categories":[187,15],"tags":[215,27,709],"class_list":["post-4825","post","type-post","status-publish","format-standard","has-post-thumbnail","hentry","category-centros-educativos","category-ultimas-noticias","tag-docentes","tag-educacion","tag-nuevas-tecnologias"],"jetpack_publicize_connections":[],"jetpack_featured_media_url":"https:\/\/i0.wp.com\/miradordeatarfe.es\/wp-content\/uploads\/2015\/11\/miedo-300x293.jpg?fit=300%2C293&ssl=1","jetpack_likes_enabled":true,"jetpack_sharing_enabled":true,"_links":{"self":[{"href":"https:\/\/miradordeatarfe.es\/index.php?rest_route=\/wp\/v2\/posts\/4825","targetHints":{"allow":["GET"]}}],"collection":[{"href":"https:\/\/miradordeatarfe.es\/index.php?rest_route=\/wp\/v2\/posts"}],"about":[{"href":"https:\/\/miradordeatarfe.es\/index.php?rest_route=\/wp\/v2\/types\/post"}],"author":[{"embeddable":true,"href":"https:\/\/miradordeatarfe.es\/index.php?rest_route=\/wp\/v2\/users\/1"}],"replies":[{"embeddable":true,"href":"https:\/\/miradordeatarfe.es\/index.php?rest_route=%2Fwp%2Fv2%2Fcomments&post=4825"}],"version-history":[{"count":1,"href":"https:\/\/miradordeatarfe.es\/index.php?rest_route=\/wp\/v2\/posts\/4825\/revisions"}],"predecessor-version":[{"id":4827,"href":"https:\/\/miradordeatarfe.es\/index.php?rest_route=\/wp\/v2\/posts\/4825\/revisions\/4827"}],"wp:featuredmedia":[{"embeddable":true,"href":"https:\/\/miradordeatarfe.es\/index.php?rest_route=\/wp\/v2\/media\/4826"}],"wp:attachment":[{"href":"https:\/\/miradordeatarfe.es\/index.php?rest_route=%2Fwp%2Fv2%2Fmedia&parent=4825"}],"wp:term":[{"taxonomy":"category","embeddable":true,"href":"https:\/\/miradordeatarfe.es\/index.php?rest_route=%2Fwp%2Fv2%2Fcategories&post=4825"},{"taxonomy":"post_tag","embeddable":true,"href":"https:\/\/miradordeatarfe.es\/index.php?rest_route=%2Fwp%2Fv2%2Ftags&post=4825"}],"curies":[{"name":"wp","href":"https:\/\/api.w.org\/{rel}","templated":true}]}}