{"id":4828,"date":"2015-11-30T09:21:26","date_gmt":"2015-11-30T09:21:26","guid":{"rendered":"http:\/\/miradordeatarfe.es\/?p=4828"},"modified":"2015-12-02T13:16:06","modified_gmt":"2015-12-02T13:16:06","slug":"cavilaciones-de-un-xenofobo","status":"publish","type":"post","link":"https:\/\/miradordeatarfe.es\/?p=4828","title":{"rendered":"Cavilaciones de un\u00a0xen\u00f3fobo"},"content":{"rendered":"<p>Art\u00edculo \u00a0p<span class=\"sep\">ublicado por <span class=\"author vcard\"><a class=\"url fn n\" title=\"Ver todas las entradas de Alberto Granados\" href=\"https:\/\/albertogranados.wordpress.com\/author\/albertogranados\/\">Alberto Granados<\/a><\/span> el <\/span><span class=\"entry-date\"><a title=\"10:39\" href=\"https:\/\/albertogranados.wordpress.com\/2015\/11\/21\/cavilaciones-de-un-xenofobo\/\" rel=\"bookmark\">21 noviembre, 2015<\/a><\/span> en <span class=\"entry-categories\"><a href=\"https:\/\/albertogranados.wordpress.com\/category\/relatos-mucho-cuento\/\" rel=\"category tag\">Relatos (Mucho cuento)<\/a><\/span><!--more--><\/p>\n<p>\u2026es que no los soporto\u2026 ah\u00ed est\u00e1n, cada vez m\u00e1s, que ya se est\u00e1n haciendo los amos\u2026 y los que mandan d\u00e1ndoles protecci\u00f3n: que han pasado mil necesidades para llegar hasta aqu\u00ed, que hay que acogerlos, que deben ser aceptados como personas, que siempre hemos sido un pueblo hospitalario\u2026 como si a los de aqu\u00ed no nos costara mil esfuerzos sobrevivir, como si nos resultara tan f\u00e1cil llenar el est\u00f3mago cada d\u00eda y cada noche\u2026 y no es as\u00ed, nadie nos ha regalado nada, que ya est\u00e1 bastante dif\u00edcil vivir y llevar a casa lo necesario para criar a los tuyos, como para que ahora vengan \u00e9stos a crear m\u00e1s miseria de la que ya tenemos\u2026 no soy s\u00f3lo yo el que piensa as\u00ed, que el otro d\u00eda un se\u00f1or de los de categor\u00eda, de esos que vienen de cuando en cuando a liarnos con su palabrer\u00eda para conseguir m\u00e1s poder, lo dec\u00eda muy claro: si esto sigue as\u00ed, pronto ser\u00e1n m\u00e1s que nosotros y nuestros hijos terminar\u00e1n por hablar su lengua, seguir\u00e1n sus religiones, comer\u00e1n sus extra\u00f1os guisos y participar\u00e1n de sus b\u00e1rbaras costumbres, as\u00ed que tendremos que defendernos y decirles a nuestros gobernantes que ya est\u00e1 bien, que cada uno que viene har\u00e1 llegar a otros muchos, a sus mujeres, hijos y hermanos y pronto nuestra tierra, la de nuestros padres, ser\u00e1 algo completamente distinto de lo que hemos recibido de mil generaciones de antepasados\u2026<\/p>\n<div class=\"entry-content\">\n<h3><a href=\"https:\/\/albertogranados.files.wordpress.com\/2015\/11\/comentario-de-xavier-garcc3ada-albiol-en-facebook.jpg\"><img data-recalc-dims=\"1\" decoding=\"async\" class=\"aligncenter size-full wp-image-6939\" src=\"https:\/\/albertogranados.files.wordpress.com\/2015\/11\/comentario-de-xavier-garcc3ada-albiol-en-facebook.jpg?w=640\" alt=\"Comentario de Xavier Garc\u00eda Albiol en Facebook\" \/><\/a><\/h3>\n<p><em>Comentario de Xavier Garc\u00eda Albiol en Facebook<\/em><\/p>\n<p>\u2026no s\u00e9 si llevaba raz\u00f3n en todo, pero me pregunto m\u00e1s de una vez si yo no har\u00eda lo mismo que ellos\u2026 oyes decir a unos y a otros que en sus tierras de origen hay muchas penalidades, mucha miseria, mucha hambre o muy poca libertad y entonces te pones en su lugar y piensas que el sol sale cada ma\u00f1ana para todos y que es la injusticia quien deshace lo que la naturaleza crea para repartir con decencia\u2026 en esos momentos pienso que estos extranjeros han hecho lo que yo he deseado hacer tantas veces: irme con los m\u00edos a un sitio donde no se pase tanta penuria, donde todo sea m\u00e1s f\u00e1cil, aunque despu\u00e9s se extra\u00f1e lo que se deja atr\u00e1s\u2026 los abuelos han contado siempre que nosotros mismos hemos ido a otros lugares para mejorar, que cuando las nieves helaban las cosechas y mataban al ganado o cuando la sequ\u00eda nos dejaba sin los frutos de la tierra y el hambre nos empujaba \u00edbamos a ocupar otras tierras donde \u00e9ramos los extra\u00f1os, donde se nos miraba con el mismo desprecio e igual desconfianza que nosotros sentimos por \u00e9stos, pero no nos import\u00f3: el hambre manda siempre y en estos tiempos enmara\u00f1ados en que hay carencias para casi todos, el ser humano se aventura con tal de comer a diario\u2026 claro, que es lo que dice mi vecino: que ya que han venido sin que nadie los llame ten\u00edan que hacer lo que hacemos nosotros, adoptar nuestras forma de ser, nuestras costumbres y creencias\u2026, no ser tan diferentes, que se nota mucho\u2026 es como si con su manera de vivir nos acusaran de estar equivocados, como si nos dijeran \u201cEst\u00fapidos, todo lo que hac\u00e9is no tiene sentido\u201d y eso no se puede aguantar\u2026 muchas noches insomnes me doy cuenta de que me contradigo, pues si me paro a pensarlo, hasta admiro su valor y su determinaci\u00f3n y casi los envidio, pero despu\u00e9s los ves ah\u00ed, amonton\u00e1ndose, mir\u00e1ndonos con gesto de desaf\u00edo, como diciendo \u201cAqu\u00ed estamos y va en serio\u201d y entonces me surgen un odio y una fuerza negra que me hacen desear su muerte, un pensamiento turbio que hace que aparezca en m\u00ed un deseo de matarlos, de exterminarlos hasta que no quede ni uno solo en la tierra de mis padres\u2026<\/p>\n<p><a href=\"https:\/\/albertogranados.files.wordpress.com\/2015\/11\/bac3b1istas-en-tarifa-junto-a-ahogado-foto-de-javier-bauluz-premio-pulitzer-2000.jpg\"><img data-recalc-dims=\"1\" decoding=\"async\" class=\"aligncenter size-full wp-image-6940\" src=\"https:\/\/albertogranados.files.wordpress.com\/2015\/11\/bac3b1istas-en-tarifa-junto-a-ahogado-foto-de-javier-bauluz-premio-pulitzer-2000.jpg?w=640\" alt=\"Ba\u00f1istas en Tarifa junto a ahogado. Foto de Javier Bauluz, Premio Pulitzer 2000\" \/><\/a><\/p>\n<p><em>Ba\u00f1istas en Tarifa junto a ahogado. Foto de Javier Bauluz, Premio Pulitzer 2000<\/em><\/p>\n<p>&nbsp;<\/p>\n<p>ya lo hicimos dos vecinos y yo hace tres meses, cuando incendiamos la choza que se hab\u00eda hecho esa familia\u2026 a\u00fan parece que oigo sus alaridos cuando se dieron cuenta de que hab\u00edamos atrancado la puerta y comprendieron que iban a morir como alima\u00f1as\u2026 fue terrible, aunque me sent\u00ed en paz con mi conciencia: s\u00f3lo defend\u00ed mi tierra de estos extra\u00f1os invasores\u2026, sin embargo, a veces titubeo y ya no s\u00e9 si s\u00f3lo consegu\u00ed envilecerme un poco m\u00e1s\u2026 y mi caso no es el \u00fanico, que ha habido m\u00e1s muertes de extranjeros\u2026 y en mi casa, tengo adem\u00e1s que discutir con mi hija, que a sus diecis\u00e9is a\u00f1os, me lleva la contraria en todo\u2026 me dice que no llevo raz\u00f3n, que son iguales que nosotros, que sufren igual que cualquier ser humano\u2026 yo le hago ver que s\u00f3lo se relacionan entre ellos, que desean mantener su diferencia, de la que, al parecer, se sienten tan orgullosos:<\/p>\n<p>-\u00bfY qu\u00e9 tienen que hacer? \u2013se me pone respondona la ni\u00f1a-. \u00bfRenunciar a sus creencias y sus costumbres para parecerse a nosotros? \u00bfPara que nos sintamos m\u00e1s tranquilos? \u00a1Es que son distintos\u2026! \u00bfT\u00fa lo har\u00edas, padre?<\/p>\n<p>-\u00bfYo? Pues\u2026 \u2013y la duda me enmudece.<\/p>\n<p>-S\u00f3lo se relacionan entre ellos porque nosotros los tratamos como inferiores y eso los aparta. Si percibieran que los aceptamos\u2026<\/p>\n<p>&nbsp;<\/p>\n<p>&nbsp;<\/p>\n<p><a href=\"https:\/\/albertogranados.files.wordpress.com\/2015\/11\/golf-y-concertinas-javier-palazc3b3n-22-10-2014.jpg\"><img data-recalc-dims=\"1\" loading=\"lazy\" decoding=\"async\" class=\"aligncenter size-full wp-image-6941\" src=\"https:\/\/albertogranados.files.wordpress.com\/2015\/11\/golf-y-concertinas-javier-palazc3b3n-22-10-2014.jpg?w=560&#038;h=420&#038;fit=560%2C420&#038;resize=560%2C420\" alt=\"Golf y concertinas Javier Palaz\u00f3n 22 10 2014\" width=\"560\" height=\"420\" \/><\/a><\/p>\n<p><em>Golf y concertinas Fotograf\u00eda de\u00a0Javier Palaz\u00f3n, 22 10 2014<\/em><\/p>\n<p>&nbsp;<\/p>\n<p>&nbsp;<\/p>\n<p>\u2026y de nuevo me veo contradictorio y miro a mi mujer, que apaga su mirada, como d\u00e1ndole la raz\u00f3n a la mocosa\u2026 me indigno y me salgo a hablar con otros hombres, porque no s\u00e9 si mi hija lleva raz\u00f3n o no\u2026 es todo tan complicado\u2026 antes me sent\u00eda seguro, sab\u00eda que mi vida era como la de mis padres y la de mis abuelos y eso me tranquilizaba, pero ahora, con ellos ah\u00ed\u2026 si trato de encontrarles algo positivo lo primero en que pienso es en su decisi\u00f3n, esa que a m\u00ed me falta: dicen que llegan cruzando el mar en unas embarcaciones tan fr\u00e1giles que es casi un prodigio que lleguen vivos a nuestras costas\u2026 muchos naufragan y se ahogan, que el mar se est\u00e1 convirtiendo en un gigantesco cementerio, pero incluso as\u00ed llegan cada vez m\u00e1s\u2026 se les ve miserables, se les nota su hambre de siglos, su calidad de siervos de la pobreza\u2026 eso resulta temible, porque cualquier hombre que se aventura hasta aqu\u00ed trae consigo tanta firmeza que est\u00e1 dispuesto a todo con tal de medrar\u2026, cuando los veo miro a mi hija y a mi mujer y les hago una se\u00f1al para que se metan en la casa y no se expongan a la torpeza de sus deseos\u2026 si uno de estos desgraciados les hiciera algo lo matar\u00eda sin la menor contemplaci\u00f3n, porque tantos hombres solos, extra\u00f1ando a sus mujeres, son un peligro para las nuestras\u2026 supongo que tambi\u00e9n tendr\u00e1n sus esposas y sus hijas en sus pueblos, pero ahora est\u00e1n a la merced del deseo y el extra\u00f1amiento y as\u00ed son peligrosos\u2026 \u00bfc\u00f3mo sentir cada d\u00eda ese peligro sin odiarlos? \u2026yo pienso en c\u00f3mo actuar\u00eda en esa situaci\u00f3n y no s\u00e9 si ser\u00eda mejor que ellos, tal vez esa duda, ese miedo, nos convierta en enemigos y genere el odio que siento, el asco que me produce verlos, con ese color de piel, con esos cabellos tan extra\u00f1os y esas vestiduras tan ajenas a las nuestras\u2026<\/p>\n<p>&nbsp;<\/p>\n<p>&nbsp;<\/p>\n<p><a href=\"https:\/\/albertogranados.files.wordpress.com\/2015\/11\/guardia-civil-tarajal-08-02-2014.png\"><img data-recalc-dims=\"1\" loading=\"lazy\" decoding=\"async\" class=\"aligncenter size-full wp-image-6942\" src=\"https:\/\/albertogranados.files.wordpress.com\/2015\/11\/guardia-civil-tarajal-08-02-2014.png?w=560&#038;h=251&#038;fit=560%2C251&#038;resize=560%2C251\" alt=\"guardia-civil-tarajal-08 02 2014\" width=\"560\" height=\"251\" \/><\/a><\/p>\n<p><em>\u201cActuaci\u00f3n\u201d de la Guardia Civil en El Tarajal (08 02 2014)<\/em><\/p>\n<p>&nbsp;<\/p>\n<p>&nbsp;<\/p>\n<p>\u2026han tenido incluso el descaro de construir su propio templo para celebrar los ritos de su religi\u00f3n\u2026 \u00bfd\u00f3nde vamos a llegar? \u2026y no es que se hayan ido a las afueras, que lo han levantado en el lugar m\u00e1s vistoso: enfrente del nuestro, como para mostrarnos su absoluta falta de respeto\u2026 adem\u00e1s, de cuando en cuando aparece uno de ellos que nos habla de su dios, de que los nuestros son falsos, los llama \u00eddolos, y en esos momentos lo matar\u00eda: no soy especialmente cr\u00e9dulo en materia de dioses, pero que venga un extranjero a decirnos que nuestras creencias de hace tantas generaciones s\u00f3lo son falsedades, eso me pone violento y m\u00e1s de una vez los m\u00edos han matado a semejantes pasmarotes, pose\u00eddos de una absurda fe en lo que dec\u00edan\u2026 \u00a1mor\u00edan con tanta fortaleza\u2026! nos hablaban de un dios que naci\u00f3 en un humilde pesebre mientras nos re\u00edamos pensando qu\u00e9 clase de divinidad elegir\u00eda algo tan pobre en vez de un trono de oro y pedrer\u00eda\u2026 sin duda ser\u00e1 el miedo al sufrimiento y a morir lo que les hac\u00eda decir semejantes dislates\u2026 pero no son de fiar: miran no s\u00f3lo a nuestras mujeres, sino tambi\u00e9n nuestro oro, que parece seducirlos mucho m\u00e1s que la posibilidad de que su \u00fanico dios sea m\u00e1s poderoso que los nuestros, \u00a1c\u00f3mo les brillan los ojos al ver nuestros templos dorados o los adornos de nuestras mujeres\u2026!<\/p>\n<p>&nbsp;<\/p>\n<p>&nbsp;<\/p>\n<p>&nbsp;<\/p>\n<p><a href=\"https:\/\/albertogranados.files.wordpress.com\/2015\/11\/el-nc3b1o-sirio-ahogado-frente-a-la-isla-de-kos.jpg\"><img data-recalc-dims=\"1\" decoding=\"async\" class=\"aligncenter size-full wp-image-6943\" src=\"https:\/\/albertogranados.files.wordpress.com\/2015\/11\/el-nc3b1o-sirio-ahogado-frente-a-la-isla-de-kos.jpg?w=640\" alt=\"El n\u00f1o sirio ahogado frente a la isla de Kos\" \/><\/a>\u00a0<em>Aylan Kurdy, el ni\u00f1o sirio ahogado frente a la isla de Kos<\/em><\/p>\n<p>&nbsp;<\/p>\n<p>\u2026y dice nuestro cham\u00e1n que los astros indican que pueden llegar a hacerse con el poder durante mucho tiempo\u2026 ser\u00eda un desastre\u2026 hay que arrojarlos ya de nuestro mundo y de nuestros corazones, como se echa a un lado la pesadilla que nos atormenta en la noche, ahora que estamos a tiempo, antes de que lleguen m\u00e1s y pasemos de ser los dignos amos de nuestro territorio a simples esclavos suyos\u2026 me pregunto si nuestros dioses lo permitir\u00edan\u2026 por si acaso llega la ocasi\u00f3n, afilo continuamente la hoja de obsidiana de mi cuchillo, a la espera de que llegue la noche triste, la noche de fuego y deg\u00fcello que acabe con los espa\u00f1oles, que as\u00ed se hacen llamar los extranjeros que llegaron de la mano de Hern\u00e1n Cort\u00e9s\u2026<\/p>\n<p>Alberto Granados<\/p>\n<\/div>\n","protected":false},"excerpt":{"rendered":"<p>Art\u00edculo \u00a0publicado por Alberto Granados el 21 noviembre, 2015 en Relatos (Mucho cuento)<\/p>\n","protected":false},"author":1,"featured_media":4829,"comment_status":"closed","ping_status":"closed","sticky":false,"template":"","format":"standard","meta":{"_coblocks_attr":"","_coblocks_dimensions":"","_coblocks_responsive_height":"","_coblocks_accordion_ie_support":"","jetpack_post_was_ever_published":false,"_jetpack_newsletter_access":"","_jetpack_dont_email_post_to_subs":false,"_jetpack_newsletter_tier_id":0,"_jetpack_memberships_contains_paywalled_content":false,"_jetpack_memberships_contains_paid_content":false,"footnotes":"","jetpack_publicize_message":"","jetpack_publicize_feature_enabled":true,"jetpack_social_post_already_shared":false,"jetpack_social_options":{"image_generator_settings":{"template":"highway","default_image_id":0,"enabled":false},"version":2}},"categories":[39,1161,15],"tags":[1716],"class_list":["post-4828","post","type-post","status-publish","format-standard","has-post-thumbnail","hentry","category-opinion-de-alberto-granados","category-ciudadania","category-ultimas-noticias","tag-xenofogo"],"jetpack_publicize_connections":[],"jetpack_featured_media_url":"https:\/\/i0.wp.com\/miradordeatarfe.es\/wp-content\/uploads\/2015\/11\/Xenofobia3.jpg?fit=585%2C385&ssl=1","jetpack_likes_enabled":true,"jetpack_sharing_enabled":true,"_links":{"self":[{"href":"https:\/\/miradordeatarfe.es\/index.php?rest_route=\/wp\/v2\/posts\/4828","targetHints":{"allow":["GET"]}}],"collection":[{"href":"https:\/\/miradordeatarfe.es\/index.php?rest_route=\/wp\/v2\/posts"}],"about":[{"href":"https:\/\/miradordeatarfe.es\/index.php?rest_route=\/wp\/v2\/types\/post"}],"author":[{"embeddable":true,"href":"https:\/\/miradordeatarfe.es\/index.php?rest_route=\/wp\/v2\/users\/1"}],"replies":[{"embeddable":true,"href":"https:\/\/miradordeatarfe.es\/index.php?rest_route=%2Fwp%2Fv2%2Fcomments&post=4828"}],"version-history":[{"count":1,"href":"https:\/\/miradordeatarfe.es\/index.php?rest_route=\/wp\/v2\/posts\/4828\/revisions"}],"predecessor-version":[{"id":4830,"href":"https:\/\/miradordeatarfe.es\/index.php?rest_route=\/wp\/v2\/posts\/4828\/revisions\/4830"}],"wp:featuredmedia":[{"embeddable":true,"href":"https:\/\/miradordeatarfe.es\/index.php?rest_route=\/wp\/v2\/media\/4829"}],"wp:attachment":[{"href":"https:\/\/miradordeatarfe.es\/index.php?rest_route=%2Fwp%2Fv2%2Fmedia&parent=4828"}],"wp:term":[{"taxonomy":"category","embeddable":true,"href":"https:\/\/miradordeatarfe.es\/index.php?rest_route=%2Fwp%2Fv2%2Fcategories&post=4828"},{"taxonomy":"post_tag","embeddable":true,"href":"https:\/\/miradordeatarfe.es\/index.php?rest_route=%2Fwp%2Fv2%2Ftags&post=4828"}],"curies":[{"name":"wp","href":"https:\/\/api.w.org\/{rel}","templated":true}]}}