{"id":48287,"date":"2021-06-30T11:20:14","date_gmt":"2021-06-30T09:20:14","guid":{"rendered":"http:\/\/miradordeatarfe.es\/?p=48287"},"modified":"2021-07-01T07:46:16","modified_gmt":"2021-07-01T05:46:16","slug":"atarfe-los-huertos-en-los-centros-escolares-de-nuestro-municipio","status":"publish","type":"post","link":"https:\/\/miradordeatarfe.es\/?p=48287","title":{"rendered":"ATARFE: LOS HUERTOS EN LOS CENTROS ESCOLARES DE NUESTRO MUNICIPIO"},"content":{"rendered":"<h3 style=\"text-align: justify;\">Productos de temporada, nuestra Vega, nuestra despensa\u201d \u201cAprendiendo el Valor de la Vega desde la Escuela\u201d<\/h3>\n<p style=\"text-align: justify;\">Dentro de la nueva actuaci\u00f3n de<strong> Atarfe Sostenible<\/strong> nos hacemos eco del gran trabajo realizado desde los Centros Escolares de Atarfe en el objetivo de educar a nuestra infancia y juventud para que sepan valorar <strong><em>\u201cLa Vega y el consumo de sus productos de temporada\u201d<\/em><\/strong>, y a juzgar por las im\u00e1genes lo hacen bastante bien.<\/p>\n<p style=\"text-align: justify;\">Cada vez m\u00e1s escuelas se est\u00e1n animando a <strong>construir un huerto escolar en su centro<\/strong> y eso ha sido lo que han hecho los Centros Escolares de Atarfe. \u00a1Y no es para menos! <strong>Porque esta herramienta did\u00e1ctica permite poner en pr\u00e1ctica una gran n\u00famero de competencias y disciplinas al mismo tiempo<\/strong>.<\/p>\n<p style=\"text-align: justify;\">A trav\u00e9s de diferentes tipos de preguntas se puede suscitar la curiosidad de los estudiantes y promover su inter\u00e9s por aprender conceptos, habilidades, actitudes y valores que con un m\u00e9todo tradicional podr\u00edan resultar m\u00e1s aburridos y menos eficaces.<\/p>\n<p style=\"text-align: justify;\">\u00a1Como hab\u00e9is podido observar el huerto escolar es un <strong>recurso did\u00e1ctico fant\u00e1stico para promover el aprendizaje integral<\/strong> de los ni\u00f1os y ni\u00f1as . Pero si adem\u00e1s educamos en consumir los productos de cercan\u00eda, mucho mejor.<\/p>\n<div class=\"vc_row wpb_row vc_row-fluid\">\n<div class=\"wpb_column vc_column_container vc_col-sm-12\">\n<div class=\"vc_column-inner\">\n<div class=\"wpb_wrapper\">\n<div class=\"wpb_text_column wpb_content_element \">\n<div class=\"wpb_wrapper\">\n<p style=\"text-align: justify;\">Hoy en d\u00eda estamos acostumbrados a encontrar en los estantes de los supermercados todo tipo de productos ex\u00f3ticos, que, o bien son importados, o bien se cultivan en invernaderos climatizados. Ambas modalidades tienen un gran impacto sobre el medioambiente debido a la generaci\u00f3n de residuos y la emisi\u00f3n de gases de efecto invernadero que suponen.<\/p>\n<p style=\"text-align: justify;\">Frente a este escenario, durante los \u00faltimos a\u00f1os han surgido nuevos h\u00e1bitos de consumo que incluyen <a href=\"https:\/\/enaccion.bankia.com\/articulo\/productos-ecologicos-bio-organicos-diferencias\/\">productos biol\u00f3gicos, org\u00e1nicos o ecol\u00f3gicos -con sus propias diferencias-<\/a>, signo de la <strong>mayor concienciaci\u00f3n del consumidor en cuanto a salud y<\/strong><strong> seguridad alimentaria<\/strong>. Ahora, adem\u00e1s, se suman a esta tendencia los <strong>productos los de proximidad<\/strong>.<\/p>\n<p style=\"text-align: justify;\">Los alimentos de proximidad, de corto alcance (o km0) <strong>son aquellos que se producen en un radio relativamente cercano<\/strong>, pero que <strong>tambi\u00e9n tienen que ver con la estacionalidad y la calidad<\/strong> en el sentido de poder consumir productos frescos y de temporada.<\/p>\n<\/div>\n<\/div>\n<\/div>\n<\/div>\n<\/div>\n<\/div>\n<p>\u00a1ENHORABUENA a los centros escolares!<iframe loading=\"lazy\" src=\"\/\/www.youtube.com\/embed\/2ICfyTQWlhM\" width=\"560\" height=\"314\" allowfullscreen=\"allowfullscreen\"><\/iframe><\/p>\n<p>&nbsp;<\/p>\n","protected":false},"excerpt":{"rendered":"<p>Productos de temporada, nuestra Vega, nuestra despensa\u201d \u201cAprendiendo el Valor de la Vega desde la&#8230;<\/p>\n","protected":false},"author":1,"featured_media":48289,"comment_status":"closed","ping_status":"closed","sticky":false,"template":"","format":"standard","meta":{"_coblocks_attr":"","_coblocks_dimensions":"","_coblocks_responsive_height":"","_coblocks_accordion_ie_support":"","jetpack_post_was_ever_published":false,"_jetpack_newsletter_access":"","_jetpack_dont_email_post_to_subs":false,"_jetpack_newsletter_tier_id":0,"_jetpack_memberships_contains_paywalled_content":false,"_jetpack_memberships_contains_paid_content":false,"footnotes":"","jetpack_publicize_message":"","jetpack_publicize_feature_enabled":true,"jetpack_social_post_already_shared":false,"jetpack_social_options":{"image_generator_settings":{"template":"highway","default_image_id":0,"enabled":false},"version":2}},"categories":[2,7725,1161,9,44,15],"tags":[2007,8434,2294],"class_list":["post-48287","post","type-post","status-publish","format-standard","has-post-thumbnail","hentry","category-atarfe","category-atarfe-sostenible","category-ciudadania","category-medio-ambiente","category-noticias-de-hoy","category-ultimas-noticias","tag-huertos","tag-productos-de-temporada","tag-vega"],"jetpack_publicize_connections":[],"jetpack_featured_media_url":"https:\/\/i0.wp.com\/miradordeatarfe.es\/wp-content\/uploads\/2021\/06\/Screenshot-2021-06-29-at-12-17-57-Huertos-Escolares-curso-20-21.png?fit=968%2C615&ssl=1","jetpack_likes_enabled":true,"jetpack_sharing_enabled":true,"_links":{"self":[{"href":"https:\/\/miradordeatarfe.es\/index.php?rest_route=\/wp\/v2\/posts\/48287","targetHints":{"allow":["GET"]}}],"collection":[{"href":"https:\/\/miradordeatarfe.es\/index.php?rest_route=\/wp\/v2\/posts"}],"about":[{"href":"https:\/\/miradordeatarfe.es\/index.php?rest_route=\/wp\/v2\/types\/post"}],"author":[{"embeddable":true,"href":"https:\/\/miradordeatarfe.es\/index.php?rest_route=\/wp\/v2\/users\/1"}],"replies":[{"embeddable":true,"href":"https:\/\/miradordeatarfe.es\/index.php?rest_route=%2Fwp%2Fv2%2Fcomments&post=48287"}],"version-history":[{"count":5,"href":"https:\/\/miradordeatarfe.es\/index.php?rest_route=\/wp\/v2\/posts\/48287\/revisions"}],"predecessor-version":[{"id":48317,"href":"https:\/\/miradordeatarfe.es\/index.php?rest_route=\/wp\/v2\/posts\/48287\/revisions\/48317"}],"wp:featuredmedia":[{"embeddable":true,"href":"https:\/\/miradordeatarfe.es\/index.php?rest_route=\/wp\/v2\/media\/48289"}],"wp:attachment":[{"href":"https:\/\/miradordeatarfe.es\/index.php?rest_route=%2Fwp%2Fv2%2Fmedia&parent=48287"}],"wp:term":[{"taxonomy":"category","embeddable":true,"href":"https:\/\/miradordeatarfe.es\/index.php?rest_route=%2Fwp%2Fv2%2Fcategories&post=48287"},{"taxonomy":"post_tag","embeddable":true,"href":"https:\/\/miradordeatarfe.es\/index.php?rest_route=%2Fwp%2Fv2%2Ftags&post=48287"}],"curies":[{"name":"wp","href":"https:\/\/api.w.org\/{rel}","templated":true}]}}