{"id":48368,"date":"2021-07-07T10:42:23","date_gmt":"2021-07-07T08:42:23","guid":{"rendered":"https:\/\/miradordeatarfe.es\/?p=48368"},"modified":"2022-02-12T12:31:32","modified_gmt":"2022-02-12T11:31:32","slug":"una-de-cal-y-otra-de-arena-en-el-fin-de-semana-competitivo","status":"publish","type":"post","link":"https:\/\/miradordeatarfe.es\/?p=48368","title":{"rendered":"UNA DE CAL Y OTRA DE ARENA EN EL FIN DE SEMANA COMPETITIVO."},"content":{"rendered":"<h3 align=\"JUSTIFY\"><span style=\"font-family: Times New Roman, serif;\"><span style=\"font-size: medium;\"><span style=\"font-family: Tahoma, serif;\"><span style=\"font-size: small;\">Conocido refr\u00e1n, \u201c<\/span><\/span><span style=\"color: #222222;\"><span style=\"font-family: Tahoma, serif;\"><span style=\"font-size: small;\">\u2018Dar una de cal y otra de arena\u201d,\u00a0que se usa para definir el camino a recorrer para que algo tenga un final perfecto durante el cual nos tienen que ocurrir cosas buenas y cosas malas.<\/span><\/span><\/span><\/span><\/span><\/h3>\n<p align=\"JUSTIFY\"><span style=\"font-family: Times New Roman, serif;\"><span style=\"font-size: medium;\"><span style=\"color: #222222;\"><span style=\"font-family: Tahoma, serif;\"><span style=\"font-size: small;\">Del presunto origen del dicho obtenemos su sentido. En realidad la expresi\u00f3n formaba parte de una m\u00e1s larga que dec\u00eda:\u00a0\u2018Una de cal y otra de arena, hacen la mezcla buena\u2019\u00a0y es que la mezcla a la que se refer\u00eda es la argamasa (mortero a base de arena, cal y agua) que ya los antiguos utilizaban para\u00a0la alba\u00f1iler\u00eda y la construcci\u00f3n de viviendas, muros\u2026 Para que ese mortero quedase bien compacto deb\u00eda llevar las mismas proporciones de cal y arena, pero muchas eran las ocasiones que, para abaratar costos, dicha mezcla llevaba m\u00e1s paladas de arena (que era m\u00e1s barato que la cal), por lo que la argamasa resultante era de mala calidad y, por tanto, el resultado final de la obra no era satisfactorio.<\/span><\/span><\/span><\/span><\/span><\/p>\n<p align=\"JUSTIFY\"><span style=\"font-family: Times New Roman, serif;\"><span style=\"font-size: medium;\"><span style=\"color: #222222;\"><span style=\"font-family: Tahoma, serif;\"><span style=\"font-size: small;\">Sin duda este \u00faltimo fin de semana la de cal la ha protagonizado el fondista Manuel Jim\u00e9nez L\u00f3pez que tras atravesar un \u00faltimo mes con diferentes molestias que le han impedido entrenar con normalidad afront\u00f3 un campeonato de Espa\u00f1a de 3000 en Monz\u00f3n de donde saldr\u00eda la selecci\u00f3n para el pr\u00f3ximo Europeo a disputar en Tallin. La carrera se disput\u00f3 a un ritmo medio lento que presagiaba un \u00faltimo mil a tope, a los dos \u00faltimos giros llegaron agrupados m\u00e1s de diez atletas lo que ocasion\u00f3 bastantes golpes y tropiezos y donde buscar una buena ubicaci\u00f3n se tornaba crucial para el desenlace final. En esta ocasi\u00f3n Manuel result\u00f3 uno de los damnificados pues se vio envuelto en varios lances que lastraron su habitual gran final de modo que al encarar la \u00faltima vuelta andaba encerrado y algo lejos de la cabeza, con muchos gallos en busca de un puesto que les llevara Tallin Manuel s\u00f3lo pudo ser sexto (8.25.56) y cuarto entre los atletas que acreditaban la m\u00ednima de participaci\u00f3n para el continental. <\/span><\/span><\/span><\/span><\/span><\/p>\n<p align=\"JUSTIFY\"><span style=\"font-family: Times New Roman, serif;\"><span style=\"font-size: medium;\"><span style=\"color: #222222;\"><span style=\"font-family: Tahoma, serif;\"><span style=\"font-size: small;\">De este modo y aun habiendo acreditado durante toda la temporada estar entre los mejores especialistas nacionales (mejor marca nacional en 3000 con 8.12.02, campe\u00f3n de Espa\u00f1a de 5000 y del 3000 del nacional de clubes), el seleccionado nacional dio prioridad al resultado de este \u00faltimo campeonato seleccionando a los tres primeros corredores en meta y dejando a Manuel fuera de la expedici\u00f3n en una m\u00e1s que discutible decisi\u00f3n. <\/span><\/span><\/span><\/span><\/span><\/p>\n<p align=\"JUSTIFY\"><span style=\"font-family: Times New Roman, serif;\"><span style=\"font-size: medium;\"><span style=\"color: #222222;\"><span style=\"font-family: Tahoma, serif;\"><span style=\"font-size: small;\">Las de arena han tenido diversos protagonismos, de un lado, el primer puesto absoluto para Paula Jim\u00e9nez L\u00f3pez del Triclub Baby School en la octava edici\u00f3n del Triatlon Sierra de Cazorla disputado en Pozo Alc\u00f3n. Paula se mantuvo a gran nivel en el segmento de nataci\u00f3n (4\u00ba mejor tiempo), mejor\u00f3 en bicicleta (2\u00ba crono) y se sali\u00f3 en la carrera a pie donde fue primera aventajando en m\u00e1s de dos minutos y medio a la segunda y conquistando su primer gran \u00e9xito en esta modalidad con un buen crono final de 1h18.55 para los 750 m de nado en el Pantano de la Bolera, 23 km de bici y 4.5 km de carrera.<\/span><\/span><\/span><\/span><\/span><\/p>\n<p align=\"JUSTIFY\"><a href=\"https:\/\/i0.wp.com\/miradordeatarfe.es\/wp-content\/uploads\/2021\/07\/RIO-DILAR-OTURA-2021-1.jpg?ssl=1\"><img data-recalc-dims=\"1\" loading=\"lazy\" decoding=\"async\" class=\"alignnone wp-image-48371 size-full\" src=\"https:\/\/i0.wp.com\/miradordeatarfe.es\/wp-content\/uploads\/2021\/07\/RIO-DILAR-OTURA-2021-1.jpg?resize=640%2C426&#038;ssl=1\" alt=\"\" width=\"640\" height=\"426\" srcset=\"https:\/\/i0.wp.com\/miradordeatarfe.es\/wp-content\/uploads\/2021\/07\/RIO-DILAR-OTURA-2021-1.jpg?w=1100&amp;ssl=1 1100w, https:\/\/i0.wp.com\/miradordeatarfe.es\/wp-content\/uploads\/2021\/07\/RIO-DILAR-OTURA-2021-1.jpg?resize=300%2C200&amp;ssl=1 300w, https:\/\/i0.wp.com\/miradordeatarfe.es\/wp-content\/uploads\/2021\/07\/RIO-DILAR-OTURA-2021-1.jpg?resize=1024%2C682&amp;ssl=1 1024w, https:\/\/i0.wp.com\/miradordeatarfe.es\/wp-content\/uploads\/2021\/07\/RIO-DILAR-OTURA-2021-1.jpg?resize=768%2C512&amp;ssl=1 768w\" sizes=\"auto, (max-width: 640px) 100vw, 640px\" \/><\/a><\/p>\n<p align=\"JUSTIFY\"><span style=\"font-family: Times New Roman, serif;\"><span style=\"font-size: medium;\"><span style=\"color: #222222;\"><span style=\"font-family: Tahoma, serif;\"><span style=\"font-size: small;\">M\u00e1s arena encontramos en el pantano de Colomera\/Benal\u00faa donde recal\u00f3 el circuito provincial de traves\u00edas a nado con tres componentes del Triatarfe en competici\u00f3n, destac\u00f3 el tercer puesto en M60 de Manuel Puertas Cruz siendo Antonio Oliva 16\u00ba M50 y Fran Berbel el 10\u00ba en M30, por su parte Miguel Angel Montoro del Silverback se clasifica en 5\u00aa posici\u00f3n de M40 y 12\u00ba de la general. <\/span><\/span><\/span><\/span><\/span><\/p>\n<p align=\"JUSTIFY\"><span style=\"font-family: Times New Roman, serif;\"><span style=\"font-size: medium;\"><span style=\"color: #222222;\"><span style=\"font-family: Tahoma, serif;\"><span style=\"font-size: small;\">Continuamos aportando arena con varios componentes del Atletismo Ciudad Atarfe en el control federativo disputado el viernes en el Estadio de la Juventud. Manuel Jim\u00e9nez Ca\u00f1adas 11.56 (100) y 23.72 (200), Antonio Pe\u00f1a 11.61 (100), Francisco Javier Urquiza 12.36 (100) y 54.08 (400) y Celia Mart\u00edn Santiago 13.21 en 100 y en 200 28.47; tambi\u00e9n en 200 Ra\u00fal Castillo Santiago, del Atletismo del Sur, 24.54; en 400 vallas, David Hern\u00e1ndez 1.05.96<\/span><\/span><\/span><\/span><\/span><\/p>\n<p align=\"JUSTIFY\"><span style=\"font-family: Times New Roman, serif;\"><span style=\"font-size: medium;\"><span style=\"color: #222222;\"><span style=\"font-family: Tahoma, serif;\"><span style=\"font-size: small;\">Cerramos el fin de semana con m\u00e1s arena en esta ocasi\u00f3n la que se trajeron desde Otura los miembros del Atletismo Ciudad Atarfe con la participaci\u00f3n en <\/span><\/span><\/span><span style=\"font-family: Tahoma, serif;\"><span style=\"font-size: small;\">XXXII Prueba de Fondo \u00abR\u00edo Dilar\u201d Otura. Nuevo p\u00f3dium para BEATRIZ QUEVEDO que es 2\u00aa en M\u00e1ster A y 7\u00aa de la General con VIRGINIA LOPEZ GARC\u00cdA 3\u00aa y 8\u00aa en la misma categor\u00eda. <\/span><\/span><\/span><\/span><\/p>\n<p align=\"JUSTIFY\"><span style=\"font-family: Times New Roman, serif;\"><span style=\"font-size: medium;\"><span style=\"font-family: Tahoma, serif;\"><span style=\"font-size: small;\">Por su parte, M\u00f3nica Carde\u00f1osa Avil\u00e9s del Monta\u00f1a Atarfe clasifica en esta categor\u00eda 13 y 26 de la general. <\/span><\/span><\/span><\/span><\/p>\n<p align=\"JUSTIFY\"><span style=\"font-family: Times New Roman, serif;\"><span style=\"font-size: medium;\"><span style=\"font-family: Tahoma, serif;\"><span style=\"font-size: small;\">En categor\u00eda masculina, ANTONIO JOS\u00c9 ROMERO BARRIOS es 8\u00ba en M\u00e1ster A y 12\u00ba de la general; GERMAN TRIANA RAMIREZ, 11\u00ba y 19\u00ba; SILVANO ALEJO OLMOS GALINDO 12-24, LUIS TORRES VILLALBA en Senior 16-69 JACINTO ROPERO L\u00d3PEZ M\u00e1ster B 34-85, GUSTAVO ADOLFO HERRERA \u00c1LVAREZ M\u00e1ster B 35-87 <\/span><\/span><\/span><\/span><\/p>\n<p align=\"JUSTIFY\"><a href=\"https:\/\/i0.wp.com\/miradordeatarfe.es\/wp-content\/uploads\/2021\/07\/RIO-DILAR-OTURA-2021-Beatriz-Quevedo-y-Virginia.jpg?ssl=1\"><img data-recalc-dims=\"1\" loading=\"lazy\" decoding=\"async\" class=\"alignnone wp-image-48372 size-full\" src=\"https:\/\/i0.wp.com\/miradordeatarfe.es\/wp-content\/uploads\/2021\/07\/RIO-DILAR-OTURA-2021-Beatriz-Quevedo-y-Virginia.jpg?resize=640%2C426&#038;ssl=1\" alt=\"\" width=\"640\" height=\"426\" srcset=\"https:\/\/i0.wp.com\/miradordeatarfe.es\/wp-content\/uploads\/2021\/07\/RIO-DILAR-OTURA-2021-Beatriz-Quevedo-y-Virginia.jpg?w=1100&amp;ssl=1 1100w, https:\/\/i0.wp.com\/miradordeatarfe.es\/wp-content\/uploads\/2021\/07\/RIO-DILAR-OTURA-2021-Beatriz-Quevedo-y-Virginia.jpg?resize=300%2C200&amp;ssl=1 300w, https:\/\/i0.wp.com\/miradordeatarfe.es\/wp-content\/uploads\/2021\/07\/RIO-DILAR-OTURA-2021-Beatriz-Quevedo-y-Virginia.jpg?resize=1024%2C682&amp;ssl=1 1024w, https:\/\/i0.wp.com\/miradordeatarfe.es\/wp-content\/uploads\/2021\/07\/RIO-DILAR-OTURA-2021-Beatriz-Quevedo-y-Virginia.jpg?resize=768%2C512&amp;ssl=1 768w\" sizes=\"auto, (max-width: 640px) 100vw, 640px\" \/><\/a><\/p>\n<p><span style=\"font-family: Tahoma, serif;\">. <\/span><\/p>\n","protected":false},"excerpt":{"rendered":"<p>Conocido refr\u00e1n, \u201c\u2018Dar una de cal y otra de arena\u201d,\u00a0que se usa para definir el&#8230;<\/p>\n","protected":false},"author":1,"featured_media":48369,"comment_status":"closed","ping_status":"closed","sticky":false,"template":"","format":"standard","meta":{"_coblocks_attr":"","_coblocks_dimensions":"","_coblocks_responsive_height":"","_coblocks_accordion_ie_support":"","jetpack_post_was_ever_published":false,"_jetpack_newsletter_access":"","_jetpack_dont_email_post_to_subs":false,"_jetpack_newsletter_tier_id":0,"_jetpack_memberships_contains_paywalled_content":false,"_jetpack_memberships_contains_paid_content":false,"footnotes":"","jetpack_publicize_message":"","jetpack_publicize_feature_enabled":true,"jetpack_social_post_already_shared":false,"jetpack_social_options":{"image_generator_settings":{"template":"highway","default_image_id":0,"enabled":false},"version":2}},"categories":[2,182,6915,44,15],"tags":[81,85],"class_list":["post-48368","post","type-post","status-publish","format-standard","has-post-thumbnail","hentry","category-atarfe","category-deportes","category-opinion-de-manuel-jimenez","category-noticias-de-hoy","category-ultimas-noticias","tag-atarfe","tag-atletismo"],"jetpack_publicize_connections":[],"jetpack_featured_media_url":"https:\/\/i0.wp.com\/miradordeatarfe.es\/wp-content\/uploads\/2021\/07\/Paula-Triatlon.jpeg?fit=655%2C453&ssl=1","jetpack_likes_enabled":true,"jetpack_sharing_enabled":true,"_links":{"self":[{"href":"https:\/\/miradordeatarfe.es\/index.php?rest_route=\/wp\/v2\/posts\/48368","targetHints":{"allow":["GET"]}}],"collection":[{"href":"https:\/\/miradordeatarfe.es\/index.php?rest_route=\/wp\/v2\/posts"}],"about":[{"href":"https:\/\/miradordeatarfe.es\/index.php?rest_route=\/wp\/v2\/types\/post"}],"author":[{"embeddable":true,"href":"https:\/\/miradordeatarfe.es\/index.php?rest_route=\/wp\/v2\/users\/1"}],"replies":[{"embeddable":true,"href":"https:\/\/miradordeatarfe.es\/index.php?rest_route=%2Fwp%2Fv2%2Fcomments&post=48368"}],"version-history":[{"count":2,"href":"https:\/\/miradordeatarfe.es\/index.php?rest_route=\/wp\/v2\/posts\/48368\/revisions"}],"predecessor-version":[{"id":48373,"href":"https:\/\/miradordeatarfe.es\/index.php?rest_route=\/wp\/v2\/posts\/48368\/revisions\/48373"}],"wp:featuredmedia":[{"embeddable":true,"href":"https:\/\/miradordeatarfe.es\/index.php?rest_route=\/wp\/v2\/media\/48369"}],"wp:attachment":[{"href":"https:\/\/miradordeatarfe.es\/index.php?rest_route=%2Fwp%2Fv2%2Fmedia&parent=48368"}],"wp:term":[{"taxonomy":"category","embeddable":true,"href":"https:\/\/miradordeatarfe.es\/index.php?rest_route=%2Fwp%2Fv2%2Fcategories&post=48368"},{"taxonomy":"post_tag","embeddable":true,"href":"https:\/\/miradordeatarfe.es\/index.php?rest_route=%2Fwp%2Fv2%2Ftags&post=48368"}],"curies":[{"name":"wp","href":"https:\/\/api.w.org\/{rel}","templated":true}]}}