{"id":4837,"date":"2015-11-30T09:38:48","date_gmt":"2015-11-30T09:38:48","guid":{"rendered":"http:\/\/miradordeatarfe.es\/?p=4837"},"modified":"2015-12-02T13:18:00","modified_gmt":"2015-12-02T13:18:00","slug":"el-castillejo-de-atarfe-por-jose-enrique-granados","status":"publish","type":"post","link":"https:\/\/miradordeatarfe.es\/?p=4837","title":{"rendered":"\u00abEl Castillejo\u00bb de Atarfe por Jos\u00e9 Enrique Granados"},"content":{"rendered":"<p>Memoria y fundamentos del proyecto de construcci\u00f3n de una ermita en el cerro El Castillejo, de Atarfe, abordaremos en la gacetilla de hoy, los beneficios as\u00ed como las construcciones previstas en dicho proyecto.<br \/>\n<!--more--><\/p>\n<p>Grandes son los beneficios que de la creaci\u00f3n de este templo se han de derivar, tanto en el orden espiritual como en el material, ya que ello habr\u00e1 de originar las consiguientes peregrinaciones, romer\u00edas, fiestas religiosas y aumento constante y fruct\u00edfero de la fe, sin que por otra parte con ello se ocasionen ni produzcan da\u00f1os y perjuicios de ninguna \u00edndole, por tratarse de un cerro rocoso, inh\u00f3spito, sin arbolado, vegetaci\u00f3n, pastos ni aprovechamiento alguno en cuanto se refiere a su imposibilidad absoluta de explotaci\u00f3n, sin que afecte directa ni indirectamente tampoco a ning\u00fan inter\u00e9s oficial o particular ni lesione o pueda lesionar lo m\u00e1s m\u00ednimo, en el presente ni en el futuro, al vecindario en general. S\u00f3lo, pues, cabe cosechar de esta obra beneficios incalculables, fama y honor para el creyente y virtuoso vecindario de Atarfe, que ver\u00eda en su ejecuci\u00f3n su gran anhelo satisfecho y una satisfacci\u00f3n a su tradicional religiosidad.<\/p>\n<p>Siendo preciso proveer a las atenciones del culto y a sus necesidades materiales indispensables, no han faltado tampoco almas caritativas deseosas de contribuir a su sostenimiento con largueza y desprendimiento, muy loables, que el caso requiere, como la magn\u00edfica donaci\u00f3n hecha a tal fin de la finca r\u00fastica llamada La Joya de San Felipe, situada en sus proximidades, de 15 hect\u00e1reas de tierra de secano laborable, debida a la filantrop\u00eda y generosidad de don Enrique Jim\u00e9nez Molinero, que ya en este aspecto llena cumplidamente dichas necesidades materiales de que hacemos menci\u00f3n. Y as\u00ed y, por no hacer interminables estas consideraciones, renunciamos a rese\u00f1ar todas las aunadas voluntades dispuestas a colaborar, apoyar y prestar su concurso a esta magna empresa de llevar a buen fin lo que hoy constituye ya un verdadero estado de opini\u00f3n en pos de su realizaci\u00f3n, viendo as\u00ed satisfechos y cumplidos con ansia y fervor sus m\u00e1s caros y ardientes anhelos.<\/p>\n<p>Estimamos conveniente una superficie m\u00ednima de 20.000 metros cuadrados, adoptando la forma de un rect\u00e1ngulo de 100 metros de lado por 200 de profundidad o de 110 por 182, pues, dado lo irregular del terreno, resulta un espacio poco aprovechable para grandes aglomeraciones de fieles, siendo por tanto dicha extensi\u00f3n la cantidad m\u00ednima necesaria, a cuyo efecto ser\u00e1 preciso llevar a cabo algunas obras de relleno y urbanizaci\u00f3n y plantaciones de arbolado donde sea posible y la conformaci\u00f3n del terreno lo permita, practicando las necesarias excavaciones y barrenado para los hoyos que hayan de ir provistos de tierra destinados al arbolado.<\/p>\n<p>El edificio cuya construcci\u00f3n se proyecta es de estructura completamente regular; ir\u00e1 aislado y se compondr\u00e1 de cuatro fachadas. El solar donde habr\u00e1 de construirse este edificio se encuentra a la izquierda del camino que, bordeando el cerro de El Castillejo, lugar de su emplazamiento, conduce al cortijo de Marug\u00e1n y al pueblo de Caparacena en el t\u00e9rmino distante unos dos kil\u00f3metros, aproximadamente de la villa de Atarfe. Ofrece este lugar, entre otras ventajas dignas de menci\u00f3n, ya se\u00f1aladas y descritas, por su proximidad a la capital, de r\u00e1pidas, f\u00e1ciles y c\u00f3modas v\u00edas de comunicaci\u00f3n, pues, adem\u00e1s de la carretera general de Granada a Alcaudete y que permite el acceso a ella con cualquier medio de locomoci\u00f3n, cuenta con la l\u00ednea de ferrocarril de Granada a Bobadilla y con la del tranv\u00eda el\u00e9ctrico, con servicio regular entre la capital y Pinos Puente.<\/p>\n<p>La extensi\u00f3n superficial del edificio de referencia es de 226,50 metros cuadrados de planta cubierta, de los cuales 84,00 metros cuadrados corresponden al atrio, 4,00 a la sacrist\u00eda y otros 4,00 metros cuadrados para el departamento ornamental; correspondiendo al templo propiamente dicho 134,50 metros cuadrados, o sea, una superficie \u00fatil para la instalaci\u00f3n de altares y fieles de 101,05 metros cuadrados, deducidos los gruesos del muro.<\/p>\n<p>El emplazamiento de esta Ermita ser\u00e1 en el punto m\u00e1s elevado y extremo del cerro de El Castillejo, dando frente por su fachada principal a la villa de Atarfe o parte sur, por la fachada posterior, al norte, y por sus laterales, derecha e izquierda, al este y oeste respectivamente, qued\u00e1ndole una extensi\u00f3n de terreno libre para paseos y lugares de reuni\u00f3n o aglomeraci\u00f3n de fieles, actos religiosos, romer\u00edas, peregrinaciones, etc., de 10.775,50 metros cuadrados.<\/p>\n<p>El terreno ofrece por su situaci\u00f3n y altura excelentes perspectivas y gran visualidad que, unida a su buena orientaci\u00f3n y a los bellos panoramas que, desde cualquiera de sus fachadas ofrece al observador en todas direcciones, concluye por reunir condiciones envidiables desde el punto de vista pintoresco y salubridad moderna.<\/p>\n<p>En la fotograf\u00eda se puede observar sentado en las escalinatas de la derecha, al promotor de la construcci\u00f3n, as\u00ed como el andamiaje utilizado para el levantamiento de la ermita.<\/p>\n<p>Para terminar de transcribir la Memoria y fundamentos del proyecto de construcci\u00f3n de una ermita en el cerro El Castillejo, de Atarfe, abordaremos en la gacetilla de hoy, las construcciones previstas en dicho proyecto.<\/p>\n<p>Estas comprenden, adem\u00e1s de todas las del edificio propiamente dicho, las de un aljibe con capacidad para 50.000 litros de agua para abastecer las necesidades de la Capellan\u00eda, templo y fieles, procedente de agua de lluvia por no existir fuentes ni manantiales en el expresado cerro ni en sus proximidades; la de una acera de un metro cincuenta de anchura con bordillo de piedra circundando el edificio y tambi\u00e9n los de un peque\u00f1o edificio anejo situado en un extremo opuesto del lateral izquierdo e independiente, destinado, a cobertizo, cuadra, pareja y alojamiento del guarda, cuya extensi\u00f3n superficial es de 100,00 metros cuadrados y de una sola planta .<\/p>\n<p>El edificio destinado a templo adopta la forma de cruz y su planta se halla situada 1,20 metros sobre la rasante del terreno, constando de una sola entrada por su fachada principal, con su correspondiente escalinata de acceso, componi\u00e9ndose de un atrio cubierto, de dos capillas laterales, una en cada extremo de la cruz, y altar mayor, situado en la capilla del frente principal, siendo el resto del templo el destinado para los fieles.<br \/>\nPara la construcci\u00f3n, que ser\u00e1 del tipo corriente aunque esmerada, se cimentar\u00e1 sobre la roca excavando el terreno que resulte blando hasta la profundidad necesaria en que se encuentre el firme, con un espesor de 0,80 metros de anchura, macizando las faltas o depresiones del terreno no rocoso o rocoso movedizo las zanjas por tongadas de hormig\u00f3n hidr\u00e1ulico fuertemente apisonado. Las f\u00e1bricas ser\u00e1n de mamposter\u00eda careada, con un espesor de 0,60 metros en toda su altura, siendo las columnas del \u00e1tico de cemento armado, as\u00ed como los puentes de las mismas, y los arcos de bloques de cemento. El pavimento se ejecutar\u00e1 tendiendo una capa de hormig\u00f3n hidr\u00e1ulico de 0,20 metros de espesor.<\/p>\n<p>Las armaduras de cubierta de madera con sus correspondientes apoyos, tirantes, carreras, tirantillas, pares, tablazones, vuelos y canecillos de madera de pino ir\u00e1n cuajados de tejas ordinarias, provistas de los tercinados correspondientes para evitar las cimbras.<\/p>\n<p>La escalinata de acceso ser\u00e1 de piedra, as\u00ed como los interiores en los altares y de b\u00f3vedas de rasilla de tres hiladas con cemento sobre el aljibe. La carpinter\u00eda de taller es moldeada a un haz y medio llevando los huecos de fachada vidrieras emplomadas provistas de cristal catedral, fijados con barrotillos de hierro para evitar bandeos producidos por el viento. Las puertas de los departamentos destinados a sacrist\u00eda y ornamentos sagrados ser\u00e1n de una sola hoja y de madera de pino, casta\u00f1o o nogal, y de dos hojas la puerta principal de acceso al templo, siendo los herrajes de seguridad y primera calidad.<\/p>\n<p>Los techos ir\u00e1n tendidos de yeso negro form\u00e1ndolos de ca\u00f1izo y con artesonado art\u00edstico. Los suelos ser\u00e1n de baldos\u00edn hidr\u00e1ulico blanco y rosa, de colores lisos, con cenefas en los fondos. La cerrajer\u00eda ser\u00e1 art\u00edstica.<\/p>\n<p>Los z\u00f3calos ser\u00e1n de estuco al fuego imitando m\u00e1rmol a la altura de 1,80 m. y el resto de los muros y paramentos verticales de estuco a la catalana. Las fachadas ir\u00e1n revestidas de mortero, en los fondos de mamposter\u00eda y decorados los huecos de fachadas con estuco a la catalana conforme se indica en los planos, y las cruces de remates de cemento.<\/p>\n<p>Las pinturas ser\u00e1n al temple en los interiores de la: sacrist\u00eda y ornamentos y en los techos al fresco con figuras b\u00edblicas aleg\u00f3ricas de San Juan Bautista, y la madera, zapatas, vigas, cerrajer\u00eda y herrajes ir\u00e1n pintados al \u00f3leo.<br \/>\nLa instalaci\u00f3n de agua constar\u00e1 de tuber\u00edas de plomo y de hierro fundido en los bajantes de cubierta con c\u00e1maras de decantaci\u00f3n, provistas de las llaves de paso, grifos y bocas de riego necesarias, y de una fuente p\u00fablica al exterior.<br \/>\nLa instalaci\u00f3n de luz el\u00e9ctrica ser\u00e1 oculta, provista de tubos Werman y llevar\u00e1 sus llaves, interruptores y boquillas necesarias para la colocaci\u00f3n de las l\u00e1mparas, suministr\u00e1ndose la energ\u00eda por medio de una instalaci\u00f3n del modelo a\u00e9reo-luz sistema americano regenerado por aire.<\/p>\n<p>Todos estos trabajos se efectuar\u00e1n de acuerdo con las m\u00e1s modernas normas de la construcci\u00f3n y comprender\u00e1n los necesarios hasta dejar el edificio completamente terminado y en la forma proyectada, y aquello no especificado en esta memoria de car\u00e1cter constructivo como dimensiones, alturas, calidad de los materiales, plazo de ejecuci\u00f3n, etc., ser\u00e1n los que con toda claridad y detalle se acusan en los planos, disponga la direcci\u00f3n de estas obras o se indiquen en el pliego de condiciones que haya de formularse en su d\u00eda y que deber\u00e1 formar parte de este proyecto, calcul\u00e1ndose que el costo aproximado de la obras totalmente terminadas ascender\u00e1 a la suma de 350.000 pesetas, dando con esto por concluida la presente memoria.<\/p>\n<p>En la fotograf\u00eda podemos ver al hijo de Juan de Dios, Jos\u00e9 S\u00e1nchez, llenando un vaso de agua de la fuente que abastec\u00eda el edificio, en donde podemos leer la leyenda ya rese\u00f1ada en esta Gacetilla, \u201cAgua del cielo quered, que os la manda el Se\u00f1or, sant\u00edguate al beber, de los Sanjuanes sudor\u201d.<\/p>\n<p><a href=\"https:\/\/i0.wp.com\/miradordeatarfe.es\/wp-content\/uploads\/2015\/11\/12017633_894220213997328_4734959210168926533_o.jpg?ssl=1\"><img data-recalc-dims=\"1\" loading=\"lazy\" decoding=\"async\" class=\"alignnone size-full wp-image-4839\" src=\"https:\/\/i0.wp.com\/miradordeatarfe.es\/wp-content\/uploads\/2015\/11\/12017633_894220213997328_4734959210168926533_o.jpg?resize=640%2C821&#038;ssl=1\" alt=\"12017633_894220213997328_4734959210168926533_o\" width=\"640\" height=\"821\" srcset=\"https:\/\/i0.wp.com\/miradordeatarfe.es\/wp-content\/uploads\/2015\/11\/12017633_894220213997328_4734959210168926533_o.jpg?w=748&amp;ssl=1 748w, https:\/\/i0.wp.com\/miradordeatarfe.es\/wp-content\/uploads\/2015\/11\/12017633_894220213997328_4734959210168926533_o.jpg?resize=234%2C300&amp;ssl=1 234w, https:\/\/i0.wp.com\/miradordeatarfe.es\/wp-content\/uploads\/2015\/11\/12017633_894220213997328_4734959210168926533_o.jpg?resize=600%2C770&amp;ssl=1 600w\" sizes=\"auto, (max-width: 640px) 100vw, 640px\" \/><\/a><\/p>\n<p>Curiosidades elvirenses.<\/p>\n","protected":false},"excerpt":{"rendered":"<p>Memoria y fundamentos del proyecto de construcci\u00f3n de una ermita en el cerro El Castillejo,&#8230;<\/p>\n","protected":false},"author":1,"featured_media":4838,"comment_status":"closed","ping_status":"closed","sticky":false,"template":"","format":"standard","meta":{"_coblocks_attr":"","_coblocks_dimensions":"","_coblocks_responsive_height":"","_coblocks_accordion_ie_support":"","jetpack_post_was_ever_published":false,"_jetpack_newsletter_access":"","_jetpack_dont_email_post_to_subs":false,"_jetpack_newsletter_tier_id":0,"_jetpack_memberships_contains_paywalled_content":false,"_jetpack_memberships_contains_paid_content":false,"footnotes":"","jetpack_publicize_message":"","jetpack_publicize_feature_enabled":true,"jetpack_social_post_already_shared":false,"jetpack_social_options":{"image_generator_settings":{"template":"highway","default_image_id":0,"enabled":false},"version":2}},"categories":[39,2,12,1225,15],"tags":[81,1708,719],"class_list":["post-4837","post","type-post","status-publish","format-standard","has-post-thumbnail","hentry","category-opinion-de-alberto-granados","category-atarfe","category-cultura","category-ha-de-atarfe","category-ultimas-noticias","tag-atarfe","tag-castillejo","tag-ermita"],"jetpack_publicize_connections":[],"jetpack_featured_media_url":"https:\/\/i0.wp.com\/miradordeatarfe.es\/wp-content\/uploads\/2015\/11\/12027306_893087360777280_1274734699328729598_o.jpg?fit=1760%2C1389&ssl=1","jetpack_likes_enabled":true,"jetpack_sharing_enabled":true,"_links":{"self":[{"href":"https:\/\/miradordeatarfe.es\/index.php?rest_route=\/wp\/v2\/posts\/4837","targetHints":{"allow":["GET"]}}],"collection":[{"href":"https:\/\/miradordeatarfe.es\/index.php?rest_route=\/wp\/v2\/posts"}],"about":[{"href":"https:\/\/miradordeatarfe.es\/index.php?rest_route=\/wp\/v2\/types\/post"}],"author":[{"embeddable":true,"href":"https:\/\/miradordeatarfe.es\/index.php?rest_route=\/wp\/v2\/users\/1"}],"replies":[{"embeddable":true,"href":"https:\/\/miradordeatarfe.es\/index.php?rest_route=%2Fwp%2Fv2%2Fcomments&post=4837"}],"version-history":[{"count":1,"href":"https:\/\/miradordeatarfe.es\/index.php?rest_route=\/wp\/v2\/posts\/4837\/revisions"}],"predecessor-version":[{"id":4840,"href":"https:\/\/miradordeatarfe.es\/index.php?rest_route=\/wp\/v2\/posts\/4837\/revisions\/4840"}],"wp:featuredmedia":[{"embeddable":true,"href":"https:\/\/miradordeatarfe.es\/index.php?rest_route=\/wp\/v2\/media\/4838"}],"wp:attachment":[{"href":"https:\/\/miradordeatarfe.es\/index.php?rest_route=%2Fwp%2Fv2%2Fmedia&parent=4837"}],"wp:term":[{"taxonomy":"category","embeddable":true,"href":"https:\/\/miradordeatarfe.es\/index.php?rest_route=%2Fwp%2Fv2%2Fcategories&post=4837"},{"taxonomy":"post_tag","embeddable":true,"href":"https:\/\/miradordeatarfe.es\/index.php?rest_route=%2Fwp%2Fv2%2Ftags&post=4837"}],"curies":[{"name":"wp","href":"https:\/\/api.w.org\/{rel}","templated":true}]}}