{"id":48386,"date":"2021-07-10T11:00:11","date_gmt":"2021-07-10T09:00:11","guid":{"rendered":"https:\/\/miradordeatarfe.es\/?p=48386"},"modified":"2023-10-21T10:35:40","modified_gmt":"2023-10-21T08:35:40","slug":"48386","status":"publish","type":"post","link":"https:\/\/miradordeatarfe.es\/?p=48386","title":{"rendered":"\u00abARQUEOLOG\u00cdA EN MEDINA ELVIRA\u00bb por Jos\u00e9 Enrique Granados"},"content":{"rendered":"<div>\n<div class=\"\" dir=\"auto\">\n<div id=\"jsc_c_h4\" class=\"ecm0bbzt hv4rvrfc ihqw7lf3 dati1w0a\" data-ad-comet-preview=\"message\" data-ad-preview=\"message\">\n<div class=\"j83agx80 cbu4d94t ew0dbk1b irj2b8pg\">\n<div class=\"qzhwtbm6 knvmm38d\">\n<div class=\"kvgmc6g5 cxmmr5t8 oygrvhab hcukyx3x c1et5uql ii04i59q\">\n<div dir=\"auto\" style=\"text-align: justify;\">\u00a0<\/div>\n<div dir=\"auto\" style=\"text-align: justify;\"><em>\u201cLos restos arqueol\u00f3gicos de Medina Elvira se encuentran situados entre las localidades granadinas de Atarfe y Pinos Puente. Las labores arqueol\u00f3gicas han demostrado que la ocupaci\u00f3n de este espacio ya se produc\u00eda en \u00e9pocas prehist\u00f3ricas, con restos tanto paleol\u00edticos como neol\u00edticos, pero ser\u00eda en \u00e9poca romana cuando gana un importante papel. Pero no ser\u00e1 hasta \u00e9poca musulmana cuando adquiere un papel predominante en la regi\u00f3n. Desde la conquista \u00e1rabe hasta el siglo XI, Medina Elvira fue la capital de la Cora de Elvira, una de las m\u00e1s importantes coras durante la \u00e9poca emiral y califal.<\/em><\/div>\n<div dir=\"auto\" style=\"text-align: justify;\">\u00a0<\/div>\n<div dir=\"auto\" style=\"text-align: justify;\"><em> Su origen como poblamiento musulm\u00e1n se remonta a la etapa en la que Abderram\u00e1n I llega a la Pen\u00ednsula. En el 747, tras la guerra civil ocasionada por la llegada al trono de Abderram\u00e1n, cuando el omeya consigue vencer, funda esta localidad sobre una ciudad anterior denominada Qastiya, o Castilla, posiblemente de origen romano, aunque en gran estado de abandono. Esta localidad es otorgada al Yund de Damasco y a clientes suyos tras la guerra (JIM\u00c9NEZ MATA, 1990). <\/em><\/div>\n<div dir=\"auto\" style=\"text-align: justify;\">\u00a0<\/div>\n<div dir=\"auto\" style=\"text-align: justify;\"><em>La escasez de fuentes escritas no permite conocer en gran detalle las particularidades de la ciudad, aunque s\u00ed podemos deducir que ser\u00eda una ciudad con gran 7 cultura, debido a la lista de eruditos que podr\u00edan haber vivido en ella. El primer wal\u00ed del que se tiene constancia fue Ased ben Abderram\u00e1n El Schebani, en el 759. <\/em><\/div>\n<div dir=\"auto\" style=\"text-align: justify;\">\u00a0<\/div>\n<div dir=\"auto\" style=\"text-align: justify;\"><em>Las labores arqueol\u00f3gicas siguen en curso, y a lo largo de toda la investigaci\u00f3n, incluida las excavaciones realizadas en el siglo XIX, han dado una gran cantidad de informaci\u00f3n. Antes de los hallazgos de la antigua ciudad de Medina Elvira, se hallaron los restos de un cementerio en la misma localidad, llamado Cementerio de Marug\u00e1n, que fue saqueado por los vecinos de la localidad, en 1842, para vender las losas que cubr\u00edan las sepulturas. M\u00e1s tarde, cuando hallaron uno zarcillos de oro, que pudieron vender a un precio m\u00e1s alto, el n\u00famero de vecinos que frecuentaban los restos para saquearlos aument\u00f3, llegando a encontrarse m\u00e1s de doscientas sepulturas. Fue en este momento cuando el Liceo Art\u00edstico y Literario de Granada tom\u00f3 cartas en el asunto, y comenzaron a estudiar los enterramientos, analizando un gran n\u00famero de objetos de ajuar, desde pulseras o anillos hasta cuentas de \u00e1mbar y cristales. <\/em><\/div>\n<div dir=\"auto\" style=\"text-align: justify;\">\u00a0<\/div>\n<div dir=\"auto\" style=\"text-align: justify;\"><em>A escasa distancia del cementerio se hall\u00f3 un antiguo acueducto subterr\u00e1neo. Cerca de este punto se encontraba el pago de los Tejoletes, perteneciente al cortijo llamado de las Monjas de la Encarnaci\u00f3n, donde se hallaron ladrillos y tejas y pozos secos de gran profundidad. El estudio fue encomendado a Pe\u00f1alver y Lafuente Alc\u00e1ntara, uno desde el punto de vista arqueol\u00f3gico, y otro desde el punto de vista geogr\u00e1fico. Sus estudios fueron publicados en la revista Alhambra. <\/em><\/div>\n<div dir=\"auto\" style=\"text-align: justify;\">\u00a0<\/div>\n<div dir=\"auto\" style=\"text-align: justify;\"><em>La variedad de objetos encontrados, algunos de ellos de \u00e9poca romana, sirvieron a Lafuente Alc\u00e1ntara para defender que eran restos de la antigua ciudad romana de Iliberri. Pero estos hallazgos cayeron pronto en el olvido, hasta que en 1868, con motivo de la construcci\u00f3n de una nueva carretera entre Pinos Puente y Alcal\u00e1 la Real, se hallaron de nuevo restos arqueol\u00f3gicos (G\u00d3MEZ-MORENO, 1872). <\/em><\/div>\n<div dir=\"auto\" style=\"text-align: justify;\">\u00a0<\/div>\n<div dir=\"auto\" style=\"text-align: justify;\"><em>De todos los nuevos objetos hallados, solo se recogieron para la Comisi\u00f3n de Monumentos una teja plana, fragmentos de otras y un ladrillo cortado por uno de sus extremos al modo que se prepara la madera para el ensamble llamado cola de milano. El resto fueron llevados al Museo Arqueol\u00f3gico de Madrid. Tambi\u00e9n se hallaron restos de construcciones.<\/em><\/div>\n<div dir=\"auto\" style=\"text-align: justify;\">\u00a0<\/div>\n<div dir=\"auto\" style=\"text-align: justify;\"><em> En 1870, en Noviembre, hallaron en uno de los estribos inferiores de la sierra una losa de m\u00e1rmol blanco que conten\u00eda la mitad de una inscripci\u00f3n latina, referente a un individuo que hab\u00eda fallecido el a\u00f1o 1002. La otra mitad no fue hallada, pero esto dio pie a que se formalizara una investigaci\u00f3n exhaustiva del lugar, empezando por la elaboraci\u00f3n de planos de toda la localidad de Atarfe, se\u00f1alando los lugares en los que hab\u00edan aparecido restos.<\/em><\/div>\n<div dir=\"auto\" style=\"text-align: justify;\">\u00a0<\/div>\n<div dir=\"auto\" style=\"text-align: justify;\"><em> En los a\u00f1os siguientes el goteo de hallazgos de restos no par\u00f3. Siendo en Marzo de 1872 el n\u00famero de sepulturas abiertas m\u00e1s de mil doscientas. (G\u00d3MEZ-MORENO, 1872) Los estudios en el llamado Secano de la Mezquita, donde Ibn Hayyan situaba la mezquita, empezaron ese mismo a\u00f1o, en Septiembre, en una zona con una superficie de cinco a seis mil metros y con restos visibles de haber albergado un gran edificio. Se abri\u00f3 una zanja de cinco metros, hall\u00e1ndose a medio metro de profundidad un muro 8 destruido de ladrillos, una gran capa de materias carbonizadas y otra de restos de piedra franca como si hubiera habido un obrador de cantero.<\/em><\/div>\n<div dir=\"auto\" style=\"text-align: justify;\">\u00a0<\/div>\n<div dir=\"auto\" style=\"text-align: justify;\"><em> En el 2007 adem\u00e1s se hallaron dos enterramientos cercanos, lo que podr\u00eda indicar la proximidad de un lugar de culto. (fig. 4) As\u00ed mismo, la alcazaba podr\u00eda estar situada en el cerro del Sombrerete. Ibn Hayyan ya habla de su existencia en el siglo IX, per\u00edodo en el que se produce la primera Fitna. En esta guerra, Elvira es tomada por los mulad\u00edes, al mando de Omar Ibn Hafs\u00fan, que se enfrenta a los \u00e1rabes, que seg\u00fan las fuentes se fortalecieron en un hisn o castillo que estar\u00eda situado en la actual Granada, en el Albaic\u00edn, dirigidos por Sawwar. <\/em><\/div>\n<div dir=\"auto\" style=\"text-align: justify;\">\u00a0<\/div>\n<div dir=\"auto\" style=\"text-align: justify;\"><em>Es posible que tras la victoria de Abderram\u00e1n III, esta alcazaba fuese destruida, y los sublevados, obligados a vivir en el llano, para evitar una nueva sublevaci\u00f3n, impidi\u00e9ndoles la defensa en alto (G\u00d3MEZ-MORENO, 1872). <\/em><\/div>\n<div dir=\"auto\" style=\"text-align: justify;\">\u00a0<\/div>\n<div dir=\"auto\" style=\"text-align: justify;\"><em>Es posible que en sus primeros momentos de existencia no pueda ser definida como ciudad, sino como una agrupaci\u00f3n de alquer\u00edas semiindependientes, con un sistema de captaci\u00f3n de agua particular. No ser\u00eda hasta el siglo IX, bajo el reinado de Abderram\u00e1n II, cuando estas alquer\u00edas se uniesen, hecho que pudo desembocar en la construcci\u00f3n de la mezquita aljama en un lugar central, y una muralla que separase el territorio urbano y el rural (G\u00d3MEZ-MORENO, 1872). <\/em><\/div>\n<div dir=\"auto\" style=\"text-align: justify;\">\u00a0<\/div>\n<div dir=\"auto\" style=\"text-align: justify;\"><em>Durante el per\u00edodo califal, la ciudad vivir\u00eda una \u00e9poca de aparente esplendor, ya que estaba situada en una zona de paso desde los puertos mar\u00edtimos, como Pechina, hacia la capital cordobesa. Esto hizo que no hubiese m\u00e1s revueltas en este per\u00edodo, pero era una paz aparente. De esta forma llegamos al per\u00edodo de la ca\u00edda del Califato y el cambio en la capital del nuevo reino de Taifa hacia Granada\u201d.<\/em><\/div>\n<\/div>\n<div class=\"o9v6fnle cxmmr5t8 oygrvhab hcukyx3x c1et5uql ii04i59q\">\n<div dir=\"auto\">\u00a0<\/div>\n<div dir=\"auto\">Extracto del TFG de Adri\u00e1n Serrano Vargas, dirigido por Jos\u00e9 Mar\u00eda Mart\u00edn Civantos. En la fotograf\u00eda, enterramiento encontrado en el pago de la Mezquita.<\/div>\n<div dir=\"auto\">\u00a0<\/div>\n<div dir=\"auto\"><strong>Curiosidades elvirenses.<\/strong><\/div>\n<div dir=\"auto\">\u00a0<\/div>\n<\/div>\n<\/div>\n<\/div>\n<\/div>\n<\/div>\n<div id=\"jsc_c_h5\" class=\"l9j0dhe7\">\n<div class=\"l9j0dhe7\">\n<div>\n<div class=\"bp9cbjyn cwj9ozl2 j83agx80 cbu4d94t ni8dbmo4 stjgntxs l9j0dhe7 k4urcfbm\">\n<div>\n<div class=\"do00u71z ni8dbmo4 stjgntxs l9j0dhe7\">\n<div class=\"pmk7jnqg kr520xx4\"><img loading=\"lazy\" decoding=\"async\" class=\"i09qtzwb n7fi1qx3 datstx6m pmk7jnqg j9ispegn kr520xx4 k4urcfbm bixrwtb6\" src=\"https:\/\/scontent-mad1-1.xx.fbcdn.net\/v\/t1.6435-0\/s640x640\/208659702_189061493227341_9201609886292257482_n.jpg?_nc_cat=101&amp;ccb=1-3&amp;_nc_sid=730e14&amp;_nc_ohc=qI0bH2dV-FcAX9455qo&amp;_nc_ht=scontent-mad1-1.xx&amp;tp=7&amp;oh=1d00a8f6a5067da04ab21fb6b68eef49&amp;oe=60EB0880\" alt=\"Puede ser una imagen de al aire libre\" width=\"525\" height=\"640\" \/><\/div>\n<\/div>\n<\/div>\n<\/div>\n<div class=\"linmgsc8 opwvks06 i09qtzwb n7fi1qx3 hzruof5a pmk7jnqg j9ispegn kr520xx4\">\u00a0<\/div>\n<div class=\"n00je7tq arfg74bv qs9ysxi8 k77z8yql i09qtzwb n7fi1qx3 b5wmifdl hzruof5a pmk7jnqg j9ispegn kr520xx4 c5ndavph art1omkt ot9fgl3s\" data-visualcompletion=\"ignore\">\u00a0<\/div>\n<\/div>\n<\/div>\n<\/div>\n<\/div>\n<div>\n<div class=\"stjgntxs ni8dbmo4 l82x9zwi uo3d90p7 h905i5nu monazrh9\" data-visualcompletion=\"ignore-dynamic\">\n<div>\n<div>\n<div>\n<div class=\"tvfksri0 ozuftl9m\">\n<div class=\"rq0escxv l9j0dhe7 du4w35lb j83agx80 pfnyh3mw i1fnvgqd gs1a9yip owycx6da btwxx1t3 ph5uu5jm b3onmgus e5nlhep0 ecm0bbzt nkwizq5d roh60bw9 mysgfdmx hddg9phg\">\n<div class=\"rq0escxv l9j0dhe7 du4w35lb j83agx80 cbu4d94t g5gj957u d2edcug0 hpfvmrgz rj1gh0hx buofh1pr n8tt0mok hyh9befq iuny7tx3 ipjc6fyt\">\n<div class=\"oajrlxb2 gs1a9yip g5ia77u1 mtkw9kbi tlpljxtp qensuy8j ppp5ayq2 goun2846 ccm00jje s44p3ltw mk2mc5f4 rt8b4zig n8ej3o3l agehan2d sk4xxmp2 rq0escxv nhd2j8a9 pq6dq46d mg4g778l btwxx1t3 pfnyh3mw p7hjln8o kvgmc6g5 cxmmr5t8 oygrvhab hcukyx3x tgvbjcpo hpfvmrgz jb3vyjys rz4wbd8a qt6c0cv9 a8nywdso l9j0dhe7 i1ao9s8h esuyzwwr f1sip0of du4w35lb lzcic4wl abiwlrkh p8dawk7l\" tabindex=\"0\" role=\"button\" aria-label=\"Env\u00edalo a amigos o publ\u00edcalo en tu biograf\u00eda.\">\n<div class=\"rq0escxv l9j0dhe7 du4w35lb j83agx80 g5gj957u rj1gh0hx buofh1pr hpfvmrgz taijpn5t bp9cbjyn owycx6da btwxx1t3 d1544ag0 tw6a2znq jb3vyjys dlv3wnog rl04r1d5 mysgfdmx hddg9phg qu8okrzs g0qnabr5\">\n<div class=\"rq0escxv l9j0dhe7 du4w35lb j83agx80 cbu4d94t pfnyh3mw d2edcug0 hpfvmrgz ph5uu5jm b3onmgus iuny7tx3 ipjc6fyt\">\u00a0<\/div>\n<\/div>\n<div class=\"n00je7tq arfg74bv qs9ysxi8 k77z8yql i09qtzwb n7fi1qx3 b5wmifdl hzruof5a pmk7jnqg j9ispegn kr520xx4 c5ndavph art1omkt ot9fgl3s rnr61an3\" data-visualcompletion=\"ignore\">\u00a0<\/div>\n<\/div>\n<\/div>\n<div class=\"rq0escxv l9j0dhe7 du4w35lb j83agx80 cbu4d94t pfnyh3mw d2edcug0 hpfvmrgz n8tt0mok hyh9befq iuny7tx3 ipjc6fyt\">\n<div>\u00a0<\/div>\n<\/div>\n<\/div>\n<\/div>\n<\/div>\n<\/div>\n<\/div>\n<\/div>\n<\/div>\n","protected":false},"excerpt":{"rendered":"<p>\u00a0 \u201cLos restos arqueol\u00f3gicos de Medina Elvira se encuentran situados entre las localidades granadinas de&#8230;<\/p>\n","protected":false},"author":1,"featured_media":48387,"comment_status":"closed","ping_status":"closed","sticky":false,"template":"","format":"standard","meta":{"_coblocks_attr":"","_coblocks_dimensions":"","_coblocks_responsive_height":"","_coblocks_accordion_ie_support":"","jetpack_post_was_ever_published":false,"_jetpack_newsletter_access":"","_jetpack_dont_email_post_to_subs":false,"_jetpack_newsletter_tier_id":0,"_jetpack_memberships_contains_paywalled_content":false,"_jetpack_memberships_contains_paid_content":false,"footnotes":"","jetpack_publicize_message":"","jetpack_publicize_feature_enabled":true,"jetpack_social_post_already_shared":false,"jetpack_social_options":{"image_generator_settings":{"template":"highway","default_image_id":0,"enabled":false},"version":2}},"categories":[1225,38,5359,10431,15],"tags":[5337,79],"class_list":["post-48386","post","type-post","status-publish","format-standard","has-post-thumbnail","hentry","category-ha-de-atarfe","category-opinion-de-jose-enrique-granados","category-madinat-ilbira","category-medina-elvira-2","category-ultimas-noticias","tag-excavaciones-medina-elvira","tag-medina-elvira"],"jetpack_publicize_connections":[],"jetpack_featured_media_url":"https:\/\/i0.wp.com\/miradordeatarfe.es\/wp-content\/uploads\/2021\/07\/4.jpg?fit=847%2C598&ssl=1","jetpack_likes_enabled":true,"jetpack_sharing_enabled":true,"_links":{"self":[{"href":"https:\/\/miradordeatarfe.es\/index.php?rest_route=\/wp\/v2\/posts\/48386","targetHints":{"allow":["GET"]}}],"collection":[{"href":"https:\/\/miradordeatarfe.es\/index.php?rest_route=\/wp\/v2\/posts"}],"about":[{"href":"https:\/\/miradordeatarfe.es\/index.php?rest_route=\/wp\/v2\/types\/post"}],"author":[{"embeddable":true,"href":"https:\/\/miradordeatarfe.es\/index.php?rest_route=\/wp\/v2\/users\/1"}],"replies":[{"embeddable":true,"href":"https:\/\/miradordeatarfe.es\/index.php?rest_route=%2Fwp%2Fv2%2Fcomments&post=48386"}],"version-history":[{"count":3,"href":"https:\/\/miradordeatarfe.es\/index.php?rest_route=\/wp\/v2\/posts\/48386\/revisions"}],"predecessor-version":[{"id":48390,"href":"https:\/\/miradordeatarfe.es\/index.php?rest_route=\/wp\/v2\/posts\/48386\/revisions\/48390"}],"wp:featuredmedia":[{"embeddable":true,"href":"https:\/\/miradordeatarfe.es\/index.php?rest_route=\/wp\/v2\/media\/48387"}],"wp:attachment":[{"href":"https:\/\/miradordeatarfe.es\/index.php?rest_route=%2Fwp%2Fv2%2Fmedia&parent=48386"}],"wp:term":[{"taxonomy":"category","embeddable":true,"href":"https:\/\/miradordeatarfe.es\/index.php?rest_route=%2Fwp%2Fv2%2Fcategories&post=48386"},{"taxonomy":"post_tag","embeddable":true,"href":"https:\/\/miradordeatarfe.es\/index.php?rest_route=%2Fwp%2Fv2%2Ftags&post=48386"}],"curies":[{"name":"wp","href":"https:\/\/api.w.org\/{rel}","templated":true}]}}