{"id":484,"date":"2015-03-23T09:30:33","date_gmt":"2015-03-23T09:30:33","guid":{"rendered":"http:\/\/miradordeatarfe.es\/?p=484"},"modified":"2015-03-24T08:53:03","modified_gmt":"2015-03-24T08:53:03","slug":"emmy-noether-la-mujer-mas-importante-en-la-historia-de-las-matematicas","status":"publish","type":"post","link":"https:\/\/miradordeatarfe.es\/?p=484","title":{"rendered":"Emmy Noether, la mujer m\u00e1s importante en la historia de las matem\u00e1ticas"},"content":{"rendered":"<p>Nacida tal d\u00eda como hoy, el Mirador rinde homenaje a esta mujer cient\u00edfica, f\u00e1cilmente olvidada por la historia. Hoy homenajeamos a una de las mujeres m\u00e1s trascendentes de la ciencia universal<\/p>\n<p><!--more--><\/p>\n<p>La figura de la mujer como la resoluci\u00f3n de un gran problema social y matem\u00e1tico. Ella es <span id=\"U3073447725541jCC\"><a href=\"http:\/\/es.wikipedia.org\/wiki\/Emmy_Noether\" target=\"_blank\">Emmy Noether<\/a><\/span> y hoy Google conseguir\u00e1 que muchos internautas se pregunten qui\u00e9n es ella. Su trayectoria profesional nos dar\u00eda para hablar de ella durante horas, pero basta una idea para subrayar su trascendencia: es la mujer m\u00e1s importante de la historia de las matem\u00e1ticas.<span id=\"U3073447725541DxE\">Emmy Noether<\/span> naci\u00f3 en Baviera el 23 de marzo de 1882, as\u00ed que hoy celebramos el que ser\u00eda su 133 cumplea\u00f1os. Esta matem\u00e1tica guarda un importante reconocimiento por sus trabajos relacionados con al f\u00edsica te\u00f3rica y el \u00e1lgebra abstracta.<\/p>\n<p>Al papel de <span id=\"U3073447725541rEH\">Emmy Noether<\/span> en la investigaci\u00f3n, le sumamos su labor en la formaci\u00f3n de alumnos y en la inspiraci\u00f3n que provoc\u00f3 para otros grandes genios de la historia como, por ejemplo, el mism\u00edsimo Albert Einstein.Gran homenaje a la mujer. En concreto a la mujer cient\u00edfica, f\u00e1cilmente olvidada por la historia. Feliz cumplea\u00f1os, <span id=\"U3073447725541LbH\">Emmy<\/span>.<\/p>\n","protected":false},"excerpt":{"rendered":"<p>Nacida tal d\u00eda como hoy, el Mirador rinde homenaje a esta mujer cient\u00edfica, f\u00e1cilmente olvidada&#8230;<\/p>\n","protected":false},"author":1,"featured_media":485,"comment_status":"closed","ping_status":"closed","sticky":false,"template":"","format":"standard","meta":{"_coblocks_attr":"","_coblocks_dimensions":"","_coblocks_responsive_height":"","_coblocks_accordion_ie_support":"","jetpack_post_was_ever_published":false,"_jetpack_newsletter_access":"","_jetpack_dont_email_post_to_subs":false,"_jetpack_newsletter_tier_id":0,"_jetpack_memberships_contains_paywalled_content":false,"_jetpack_memberships_contains_paid_content":false,"footnotes":"","jetpack_publicize_message":"","jetpack_publicize_feature_enabled":true,"jetpack_social_post_already_shared":false,"jetpack_social_options":{"image_generator_settings":{"template":"highway","default_image_id":0,"enabled":false},"version":2}},"categories":[14,15],"tags":[53,241,19],"class_list":["post-484","post","type-post","status-publish","format-standard","has-post-thumbnail","hentry","category-feminismo","category-ultimas-noticias","tag-ciencia","tag-matematicas","tag-mujeres"],"jetpack_publicize_connections":[],"jetpack_featured_media_url":"https:\/\/i0.wp.com\/miradordeatarfe.es\/wp-content\/uploads\/2015\/03\/emmy.jpg?fit=294%2C171&ssl=1","jetpack_likes_enabled":true,"jetpack_sharing_enabled":true,"_links":{"self":[{"href":"https:\/\/miradordeatarfe.es\/index.php?rest_route=\/wp\/v2\/posts\/484","targetHints":{"allow":["GET"]}}],"collection":[{"href":"https:\/\/miradordeatarfe.es\/index.php?rest_route=\/wp\/v2\/posts"}],"about":[{"href":"https:\/\/miradordeatarfe.es\/index.php?rest_route=\/wp\/v2\/types\/post"}],"author":[{"embeddable":true,"href":"https:\/\/miradordeatarfe.es\/index.php?rest_route=\/wp\/v2\/users\/1"}],"replies":[{"embeddable":true,"href":"https:\/\/miradordeatarfe.es\/index.php?rest_route=%2Fwp%2Fv2%2Fcomments&post=484"}],"version-history":[{"count":1,"href":"https:\/\/miradordeatarfe.es\/index.php?rest_route=\/wp\/v2\/posts\/484\/revisions"}],"predecessor-version":[{"id":486,"href":"https:\/\/miradordeatarfe.es\/index.php?rest_route=\/wp\/v2\/posts\/484\/revisions\/486"}],"wp:featuredmedia":[{"embeddable":true,"href":"https:\/\/miradordeatarfe.es\/index.php?rest_route=\/wp\/v2\/media\/485"}],"wp:attachment":[{"href":"https:\/\/miradordeatarfe.es\/index.php?rest_route=%2Fwp%2Fv2%2Fmedia&parent=484"}],"wp:term":[{"taxonomy":"category","embeddable":true,"href":"https:\/\/miradordeatarfe.es\/index.php?rest_route=%2Fwp%2Fv2%2Fcategories&post=484"},{"taxonomy":"post_tag","embeddable":true,"href":"https:\/\/miradordeatarfe.es\/index.php?rest_route=%2Fwp%2Fv2%2Ftags&post=484"}],"curies":[{"name":"wp","href":"https:\/\/api.w.org\/{rel}","templated":true}]}}