{"id":48446,"date":"2021-07-14T11:05:36","date_gmt":"2021-07-14T09:05:36","guid":{"rendered":"http:\/\/miradordeatarfe.es\/?p=48446"},"modified":"2021-09-22T19:00:15","modified_gmt":"2021-09-22T17:00:15","slug":"antonio-sanchez-y-las-fiestas-de-atarfe-por-jose-enrique-granados","status":"publish","type":"post","link":"https:\/\/miradordeatarfe.es\/?p=48446","title":{"rendered":"\u00abANTONIO SANCHEZ Y LAS FIESTAS DE ATARFE\u00bb por Jos\u00e9 Enrique Granados"},"content":{"rendered":"<div class=\"\" dir=\"auto\">\n<div id=\"jsc_c_ag\" class=\"ecm0bbzt hv4rvrfc ihqw7lf3 dati1w0a\" data-ad-comet-preview=\"message\" data-ad-preview=\"message\">\n<div class=\"j83agx80 cbu4d94t ew0dbk1b irj2b8pg\">\n<div class=\"qzhwtbm6 knvmm38d\">\n<div class=\"kvgmc6g5 cxmmr5t8 oygrvhab hcukyx3x c1et5uql ii04i59q\">\n<h3 dir=\"auto\" style=\"text-align: justify;\">Entrevista a Antonio S\u00e1nchez L\u00f3pez publicada en IDEAL el 9 de septiembre de 1975.<\/h3>\n<div dir=\"auto\" style=\"text-align: justify;\">\u00a0<\/div>\n<div dir=\"auto\" style=\"text-align: justify;\">EL PROGRAMA FESTERO BAJO EL SIGNO DE SUPERACI\u00d3N<\/div>\n<div dir=\"auto\" style=\"text-align: justify;\">\u00abAntonio, \u00a1desp\u00e1chame, corre!\u00bb; \u00abAntonio \u00bftienes. . .?\u00bb; \u00ab\u00a1D. Antonio que llame usted al alcalde!\u201d; \u00abD. Antonio, \u00bfqu\u00e9 pasa con los carteles y los programas?\u00bb. . . As\u00ed entre esta terrible mezcolanza tan dispar, entremezclando trabajo y fiestas, por lo menos treinta d\u00edas antes de \u00e9stas que hoy comienzan, se desarrolla la vida de don Antonio S\u00e1nchez L\u00f3pez, presidente de la Comisi\u00f3n de Fiestas del Ayuntamiento durante nada m\u00e1s y nada menos que nueve a\u00f1os. Nueve a\u00f1os de superaci\u00f3n, ciento ocho meses de trabajo en mayor o menor intensidad, seg\u00fan se acerquen las fiestas que tradicionalmente en honor del Sant\u00edsimo Sacramento y de Santa Aria ofrece Atarfe en este mes de septiembre, con excepci\u00f3n de un a\u00f1o que fueron celebradas en el mes de julio, pero siempre, al estilo de las comisiones falleras, valencianas, pensando en lo que el a\u00f1o que viene hay que traer y que este ha faltado, o transformado lo actual en algo de mayor brillantez y esplendor.<\/div>\n<div dir=\"auto\" style=\"text-align: justify;\">\u00a0<\/div>\n<div dir=\"auto\" style=\"text-align: justify;\">UNA BELLA TRAYECTORIAFESTERA: 1967-1975 Una gran trayectoria ha venido trazando durante a\u00f1os don Antonio S\u00e1nchez, con el benepl\u00e1cito de todos, visitantes y atarfe\u00f1os, y con el pensamiento recorriendo distintos aspectos de la vida de la ciudad. \u00a1Este a\u00f1o me cambian! \u00a1Ha entrado Fulanito, que es estupendo para este cargo! Pero a\u00f1o tras a\u00f1o vuelven a reproducirse las escenas que -antes hemos narrado para usted y nuevamente hay que entenderse y visitarlo, hasta el punto de que casi se puede considerar vitalicio el cargo, aunque nosotros nos atrevemos a preguntar:<\/div>\n<div dir=\"auto\" style=\"text-align: justify;\">&#8211; \u00bfCansado, don Antonio? -No, piense que todos formamos parte de un engranaje social y todas nuestras actividades o acciones repercuten en mayor o menor grado en nuestros semejantes, y ello nos impulsa, a mejorarlas cada d\u00eda a fin de que sean nuestras mejores cualidades las que lleguen hasta ellos. No, ser\u00eda lo \u00faltimo que yo pensara y tampoco porque no va con mi forma de pensar y vivir. A m\u00ed han venido encomend\u00e1ndome esta tarea y para m\u00ed supone un orgullo que Atarfe necesite de mis pobres servicios, y pongo todo mi trabajo y sacrificio en realizarlo, pese a que en muchos momentos he pedido el relevo e incluso he aprovechado las p\u00e1ginas de IDEAL para despedirme de amigos, convecinos y visitantes.<\/div>\n<div dir=\"auto\" style=\"text-align: justify;\">&#8211; \u00bfQu\u00e9 presenta Atarfe en las fiestas que hoy comienzan? -Cada a\u00f1o es m\u00e1s dif\u00edcil ser presidente de la Comisi\u00f3n de Fiestas, por la gran cantidad de actos que hay que organizar y que el paso de los a\u00f1os aumenta, pero -que, afortunadamente, se supera, gracias al optimismo y compenetraci\u00f3n de mi compa\u00f1ero de Comisi\u00f3n, don Antonio Fern\u00e1ndez Lamolda, que es el verdadero basti\u00f3n, en momentos de desaliento, y as\u00ed, con colaboradores de este calibre es m\u00e1s f\u00e1cil la tarea.<\/div>\n<div dir=\"auto\" style=\"text-align: justify;\">\u00a0<\/div>\n<div dir=\"auto\" style=\"text-align: justify;\">MISA Y CONCIERTO DE LOS NI\u00d1OS CANTORES DE GUADIX<\/div>\n<div dir=\"auto\" style=\"text-align: justify;\">Y sigue: \u201cEs dif\u00edcil entresacar lo que uno considera importante de las fiestas y ello es debido a que todo lo hemos preparado nosotros y le tenemos cogido cari\u00f1o, cada uno en la parte que cubre de las mismas. Pero vamos a intentarlo.<\/div>\n<div dir=\"auto\" style=\"text-align: justify;\">El n\u00famero que creemos que ser\u00e1 m\u00e1s del agrado de todos es, sin duda, los \u201cNi\u00f1os Cantores de Guadix\u201d quienes visitar\u00e1n nuestra ciudad el s\u00e1bado d\u00eda 6, en una doble actuaci\u00f3n, ya que por la ma\u00f1ana lo har\u00e1n en la solemne funci\u00f3n religiosa en honor de Santa Ana, y por la tarde, en la iglesia parroquial obsequiar\u00e1n a todos con un recital, que dada la indudable val\u00eda de este coro, constituir\u00e1 un rotundo \u00e9xito. Estas actuaciones, que se esperan con mucho inter\u00e9s, ya que su calidad y sobre todo las pocas ocasiones que hay de escucharlos, hacen que la expectaci\u00f3n sea muy importante.<\/div>\n<div dir=\"auto\" style=\"text-align: justify;\">\u00a0<\/div>\n<div dir=\"auto\" style=\"text-align: justify;\"><a href=\"https:\/\/i0.wp.com\/miradordeatarfe.es\/wp-content\/uploads\/2021\/07\/209558652_189651939834963_7578162253028484132_n.jpg?ssl=1\"><img data-recalc-dims=\"1\" loading=\"lazy\" decoding=\"async\" class=\"wp-image-48447 size-full aligncenter\" src=\"https:\/\/i0.wp.com\/miradordeatarfe.es\/wp-content\/uploads\/2021\/07\/209558652_189651939834963_7578162253028484132_n.jpg?resize=526%2C769&#038;ssl=1\" alt=\"\" width=\"526\" height=\"769\" srcset=\"https:\/\/i0.wp.com\/miradordeatarfe.es\/wp-content\/uploads\/2021\/07\/209558652_189651939834963_7578162253028484132_n.jpg?w=526&amp;ssl=1 526w, https:\/\/i0.wp.com\/miradordeatarfe.es\/wp-content\/uploads\/2021\/07\/209558652_189651939834963_7578162253028484132_n.jpg?resize=205%2C300&amp;ssl=1 205w\" sizes=\"auto, (max-width: 526px) 100vw, 526px\" \/><\/a><\/div>\n<div dir=\"auto\">\u00a0<\/div>\n<div dir=\"auto\" style=\"text-align: justify;\">II CERTAMEN HIPICO Y ROMERIA A LAS \u00abMADRES DEL RAO\u00bb<\/div>\n<div dir=\"auto\" style=\"text-align: justify;\">La tarde del s\u00e1bado y la ma\u00f1ana del domingo van a quedar unidas de una manera que podemos considerar definitiva y que va a constituir en a\u00f1os venideros uno de los n\u00fameros fijos y fuertes del programa, puesto que en ambas se dan las mismas caracter\u00edsticas en cuanto a participantes: caballos y caballistas. El II Certamen H\u00edpico de Atarfe, viene a refrendar de modo absoluto el \u00e9xito que su primera edici\u00f3n tuvo el pasado a\u00f1o, la que ha dispuesto su inclusi\u00f3n en el programa bajo el patrocinio del Ayuntamiento, en las modalidades de doma vaquera y doma libre, con car\u00e1cter provincial y cuya organizaci\u00f3n est\u00e1 a cargo de don Antonio Serrano y don Jos\u00e9 Antonio Zurita. Ellos han corrido con el peso de la misma. Se han recibido ya m\u00e1s de veinte inscripciones, que se ver\u00e1n aumentadas, ya que en este deporte es costumbre de realizarse en los preliminares de la misma.<\/div>\n<div dir=\"auto\" style=\"text-align: justify;\">Todos estos participantes, a los que hay que unir todos los amantes de los caballos que si bien hacen sus pinitos a\u00fan no se atreven, o no les gusta participar de forma reglamentaria, tomar\u00e1n parte en la romer\u00eda a las \u00abMadres del Rao\u00bb, que por vez primera hemos incluido en el programa, de un lado, recogiendo el sentir de la calle y de otro, con el pensamiento de que va a resultar un espect\u00e1culo brillante y colorista.<\/div>\n<div dir=\"auto\" style=\"text-align: justify;\">\u00a0<\/div>\n<div dir=\"auto\" style=\"text-align: justify;\">DIEGO Y SUS RUMBERO5, CARRETE, PILI CARMONA Y LAS MAJORETTES DE LA PUEBLA<\/div>\n<div dir=\"auto\" style=\"text-align: justify;\">Las veladas populares han tenido de siempre una especial expectaci\u00f3n dentro de la programaci\u00f3n, por nuestro expl\u00edcito deseo de que as\u00ed resultara, y ello nos mueve a buscar cada a\u00f1o nuevas figuras que presentar, habi\u00e9ndose pensado en el grupo santafesino \u00abDiego y sus Rumberos\u00bb, a quienes acompa\u00f1an el, bailaor \u00abCarrete\u00bb y su peque\u00f1a, pro gran figura en ciernes, Pili Carmona y es precisamente de ella de quien quiero hablar a sus lectores, porque la chica se lo merece, ya que a sus escasos nueve a\u00f1os une unas posibilidades de futuro espl\u00e9ndidas, puesto que no baila porque se lo haya visto hacer a sus mayores, nada de eso, sino porque para ella el baile es algo innato, lo lleva en la sangre . Como tuvimos ocasi\u00f3n de admirar en Santa Fe d\u00edas pasados, vemos que lo vive de una forma admirable, como todos tendr\u00e1n ocasi\u00f3n de admirar. Y por \u00faltimo hay que necesariamente referirse a la actuaci\u00f3n del grupo de tambores, cornetas y Majorettes de la Hermandad del Santo \u00c1ngel de la Puebla de Don Fadrique que, tras su ruidoso \u00e9xito del pasado a\u00f1o, vuelven en este a deleitarnos con la marcialidad de su desfile y la calidad art\u00edstica y musical del mismo.<\/div>\n<div dir=\"auto\" style=\"text-align: justify;\">\u00a0<\/div>\n<div dir=\"auto\" style=\"text-align: justify;\">LA HERMANDAD DE SANTA ANA EN CAMINO DE SUPERACION<\/div>\n<div dir=\"auto\" style=\"text-align: justify;\">Indiscutiblemente la parte religiosa de nuestros festejos es considerada por todos, como la m\u00e1s importante, no s\u00f3lo por lo que significa, sino por la brillantez de todos sus actos y ello es lo que ha movido a que la Hermandad, a cuyo cargo est\u00e1n todos estos actos, haya llevado a efecto un profundo estudio de renovaci\u00f3n merced a la savia joven que ha sido elegida para los cargos directivos. Ha modificado, ampliado y mejorado el funcionamiento de la misma, hasta el punto de que en estas mismas fiestas vamos a poder contemplar el trabajo desarrollado por ellos, que culminar\u00e1 en la solemne funci\u00f3n religiosa en honor del Sant\u00edsimo Sacramento, en la ma\u00f1ana del domingo, d\u00eda 7, final de fiestas.<\/div>\n<div dir=\"auto\" style=\"text-align: justify;\">\u00a0<\/div>\n<div dir=\"auto\" style=\"text-align: justify;\">BANDA DE CORNETAS Y TAMBORES DE LA GUARDIA CIVIL Y AGRUPACION MUSICAL GRANADINA<\/div>\n<div dir=\"auto\" style=\"text-align: justify;\">Y ya queda poco ; solamente referirme a la inapreciable colaboraci\u00f3n de la Comandancia de la Guardia Civil de Granada, que nuevamente, y como en a\u00f1os anteriores, nos env\u00eda su extraordinaria banda de tambores y cornetas ; como asimismo a la Agrupaci\u00f3n Musical granadina, a cuyo cargo corren todos los festejos oficiales en su parte musical, que comienza el primer d\u00eda de fiestas con la diana anunciadora de las mismas, el concierto infantil y la proclamaci\u00f3n de la reina de las fiestas, cuyo acto ser\u00e1 presentado por Jos\u00e9 Mar\u00eda Guadalupe. Corta pero saborosa ha sido la exposici\u00f3n por parte de don Antonio S\u00e1nchez de lo que encierra el programa de fiestas del presente a\u00f1o, a nosotros nos toca despedirnos preguntando:<\/div>\n<div dir=\"auto\" style=\"text-align: justify;\">&#8211; \u00bfAlgo m\u00e1s. . .? -Solamente agradecer a todos; firmas, entidades y colaboradores, la ayuda que para la confecci\u00f3n del programa y cuya narraci\u00f3n ser\u00eda muy larga, cayendo el fallo de siempre de olvidar a cualquiera de ellos, y a todos mis convecinos que sea de su agrado todo lo que por ellos y para ellos hemos elaborado, finalizando con una petici\u00f3n: \u00abOlvidar el asfalto y las aceras de las calles y expansionar con vuestra sana alegr\u00eda por lo menos un d\u00eda de las fiestas\u00bb.<\/div>\n<div dir=\"auto\">\u00a0<\/div>\n<div dir=\"auto\">Curiosidades elvirenses.<\/div>\n<div dir=\"auto\">https:\/\/www.facebook.com\/profile.php?id=100063704734064<\/div>\n<div dir=\"auto\">foto: <span class=\"d2edcug0 hpfvmrgz qv66sw1b c1et5uql lr9zc1uh a8c37x1j keod5gw0 nxhoafnm aigsh9s9 d3f4x2em fe6kdd0r mau55g9w c8b282yb iv3no6db jq4qci2q a3bd9o3v knj5qynh oo9gr5id hzawbc8m\" dir=\"auto\">Atarfe en fiestas, 1971<\/span><\/div>\n<\/div>\n<\/div>\n<\/div>\n<\/div>\n<\/div>\n","protected":false},"excerpt":{"rendered":"<p>Entrevista a Antonio S\u00e1nchez L\u00f3pez publicada en IDEAL el 9 de septiembre de 1975. \u00a0&#8230;<\/p>\n","protected":false},"author":1,"featured_media":48450,"comment_status":"closed","ping_status":"closed","sticky":false,"template":"","format":"standard","meta":{"_coblocks_attr":"","_coblocks_dimensions":"","_coblocks_responsive_height":"","_coblocks_accordion_ie_support":"","jetpack_post_was_ever_published":false,"_jetpack_newsletter_access":"","_jetpack_dont_email_post_to_subs":false,"_jetpack_newsletter_tier_id":0,"_jetpack_memberships_contains_paywalled_content":false,"_jetpack_memberships_contains_paid_content":false,"footnotes":"","jetpack_publicize_message":"","jetpack_publicize_feature_enabled":true,"jetpack_social_post_already_shared":false,"jetpack_social_options":{"image_generator_settings":{"template":"highway","default_image_id":0,"enabled":false},"version":2}},"categories":[2,12,6916,1161,38,44,15],"tags":[4293,8483],"class_list":["post-48446","post","type-post","status-publish","format-standard","has-post-thumbnail","hentry","category-atarfe","category-cultura","category-ayuntamiento-de-atarfe","category-ciudadania","category-opinion-de-jose-enrique-granados","category-noticias-de-hoy","category-ultimas-noticias","tag-ayuntamiento-de-atarfe","tag-fiestas-de-atarfe-1975"],"jetpack_publicize_connections":[],"jetpack_featured_media_url":"https:\/\/i0.wp.com\/miradordeatarfe.es\/wp-content\/uploads\/2021\/07\/81756974_2768864876532843_7134437125335810048_n.jpg?fit=716%2C540&ssl=1","jetpack_likes_enabled":true,"jetpack_sharing_enabled":true,"_links":{"self":[{"href":"https:\/\/miradordeatarfe.es\/index.php?rest_route=\/wp\/v2\/posts\/48446","targetHints":{"allow":["GET"]}}],"collection":[{"href":"https:\/\/miradordeatarfe.es\/index.php?rest_route=\/wp\/v2\/posts"}],"about":[{"href":"https:\/\/miradordeatarfe.es\/index.php?rest_route=\/wp\/v2\/types\/post"}],"author":[{"embeddable":true,"href":"https:\/\/miradordeatarfe.es\/index.php?rest_route=\/wp\/v2\/users\/1"}],"replies":[{"embeddable":true,"href":"https:\/\/miradordeatarfe.es\/index.php?rest_route=%2Fwp%2Fv2%2Fcomments&post=48446"}],"version-history":[{"count":3,"href":"https:\/\/miradordeatarfe.es\/index.php?rest_route=\/wp\/v2\/posts\/48446\/revisions"}],"predecessor-version":[{"id":48451,"href":"https:\/\/miradordeatarfe.es\/index.php?rest_route=\/wp\/v2\/posts\/48446\/revisions\/48451"}],"wp:featuredmedia":[{"embeddable":true,"href":"https:\/\/miradordeatarfe.es\/index.php?rest_route=\/wp\/v2\/media\/48450"}],"wp:attachment":[{"href":"https:\/\/miradordeatarfe.es\/index.php?rest_route=%2Fwp%2Fv2%2Fmedia&parent=48446"}],"wp:term":[{"taxonomy":"category","embeddable":true,"href":"https:\/\/miradordeatarfe.es\/index.php?rest_route=%2Fwp%2Fv2%2Fcategories&post=48446"},{"taxonomy":"post_tag","embeddable":true,"href":"https:\/\/miradordeatarfe.es\/index.php?rest_route=%2Fwp%2Fv2%2Ftags&post=48446"}],"curies":[{"name":"wp","href":"https:\/\/api.w.org\/{rel}","templated":true}]}}