{"id":4845,"date":"2015-11-28T07:01:08","date_gmt":"2015-11-28T07:01:08","guid":{"rendered":"http:\/\/miradordeatarfe.es\/?p=4845"},"modified":"2015-11-29T17:32:45","modified_gmt":"2015-11-29T17:32:45","slug":"4845","status":"publish","type":"post","link":"https:\/\/miradordeatarfe.es\/?p=4845","title":{"rendered":"Francia: Medidas de emergencia deben proteger a la poblaci\u00f3n sin pisotear los derechos humanos"},"content":{"rendered":"<p style=\"text-align: justify;\">Las medidas de emergencia que se est\u00e1n tramitando a toda prisa en el Parlamento franc\u00e9s tras los atroces atentados de Par\u00eds no deben convertirse en un elemento fijo del arsenal antiterrorista de Francia. As\u00ed lo ha advertido Amnist\u00eda Internacional .<!--more--><\/p>\n<blockquote><p>\u201cEn estos momentos, la protecci\u00f3n de la poblaci\u00f3n frente a nuevos ataques inminentes es, con raz\u00f3n, la prioridad n\u00famero uno. Pero los poderes de emergencia que se est\u00e1n tramitando a toda prisa en el Parlamento otorgan un amplio aumento de los poderes del ejecutivo a expensas de salvaguardias fundamentales de derechos humanos. Esos poderes s\u00f3lo deben utilizarse cuando sea estrictamente necesario, y no deben convertirse en una adici\u00f3n permanente al arsenal antiterrorista de Francia\u201d, ha manifestado John Dalhuisen, director del Programa para Europa y Asia Central de Amnist\u00eda Internacional.<\/p><\/blockquote>\n<p style=\"text-align: justify;\">El estado de excepci\u00f3n de 12 d\u00edas de duraci\u00f3n declarado tras los atentados del 13 de noviembre otorga a la polic\u00eda toda una serie de poderes adicionales. El proyecto de ley propuesto ayer ampl\u00eda el estado de excepci\u00f3n otros tres meses e incluye una serie de medidas adicionales.<\/p>\n<p style=\"text-align: justify;\">Entre ellas se encuentran poderes para llevar a cabo registros domiciliarios e imponer arrestos domiciliarios sin necesidad de autorizaci\u00f3n judicial. Adem\u00e1s, se han ampliado los poderes para prohibir asociaciones de forma permanente, y se han prohibido las manifestaciones p\u00fablicas.<\/p>\n<p style=\"text-align: justify;\">Unas medidas tan extraordinarias s\u00f3lo pueden ser admisibles en un estado de excepci\u00f3n declarado formalmente, ya que se apartan del derecho penal ordinario y restringen libertades civiles y derechos humanos. Las medidas de emergencia deben ser necesarias y proporcionadas, tanto en su alcance como en su duraci\u00f3n. Adem\u00e1s, y esto es fundamental, deben ser temporales, deben estar sometidas a vigilancia y deben utilizarse juiciosamente, es decir, s\u00f3lo cuando sean absolutamente necesarias.<\/p>\n<blockquote><p>\u201cA medida que pasen los d\u00edas y que los cuerpos encargados de hacer cumplir la ley tanto en Francia como en toda la regi\u00f3n trabajen con diligencia para llevar a los responsables ante la justicia y evitar amenazas inminentes, ser\u00e1 preciso reevaluar cuidadosamente la necesidad de unos poderes de emergencia que se apartan del derecho ordinario y conculcan derechos humanos. Resulta parad\u00f3jico suspender derechos humanos para defenderlos\u201d, ha manifestado John Dalhuisen.<\/p><\/blockquote>\n<p style=\"text-align: justify;\">Entre los cambios legislativos a largo plazo m\u00e1s problem\u00e1ticos propuestos por el presidente Hollande se encuentran una revisi\u00f3n de las reglas sobre el uso de la fuerza letal y una ampliaci\u00f3n de los ya de por s\u00ed amplios poderes de vigilancia en Francia. El presidente tambi\u00e9n ha propuesto privar de su nacionalidad francesa a las personas con doble nacionalidad, prohibir a la entrada y estancia en el pa\u00eds a determinadas personas, y recurrir a m\u00e9todos acelerados de expulsi\u00f3n para los extranjeros considerados sospechosos de ser una amenaza para la seguridad. Algunos pol\u00edticos de oposici\u00f3n tambi\u00e9n han pedido que se otorguen poderes para detener preventivamente a sospechosos de ser una amenaza para la seguridad nacional.<\/p>\n<blockquote>\n<p style=\"text-align: justify;\">\u201cUna y otra vez, hemos presenciado c\u00f3mo las medidas de emergencia se ampl\u00edan y se codifican hasta convertirse en parte integrante del derecho ordinario, reduciendo cada vez m\u00e1s los derechos humanos. A largo plazo, la perniciosa ideolog\u00eda que subyace bajo los atentados de Par\u00eds s\u00f3lo podr\u00e1 derrotarse defendiendo y sustentando los valores fundacionales de la Rep\u00fablica Francesa\u201d, ha manifestado John Dalhuisen.<\/p>\n<p style=\"text-align: justify;\">\u201cEn su discurso del lunes al Parlamento, el presidente Hollande afirm\u00f3 con audacia el compromiso de Francia de acoger a las personas refugiadas que huyen de los conflictos, la persecuci\u00f3n y el mismo horror que azot\u00f3 las calles de Par\u00eds. Esta visi\u00f3n de principios deber\u00eda hacerse extensiva a la lucha a largo plazo contra el terrorismo.\u201d<\/p>\n<\/blockquote>\n","protected":false},"excerpt":{"rendered":"<p>Las medidas de emergencia que se est\u00e1n tramitando a toda prisa en el Parlamento franc\u00e9s&#8230;<\/p>\n","protected":false},"author":1,"featured_media":4860,"comment_status":"closed","ping_status":"closed","sticky":false,"template":"","format":"standard","meta":{"_coblocks_attr":"","_coblocks_dimensions":"","_coblocks_responsive_height":"","_coblocks_accordion_ie_support":"","jetpack_post_was_ever_published":false,"_jetpack_newsletter_access":"","_jetpack_dont_email_post_to_subs":false,"_jetpack_newsletter_tier_id":0,"_jetpack_memberships_contains_paywalled_content":false,"_jetpack_memberships_contains_paid_content":false,"footnotes":"","jetpack_publicize_message":"","jetpack_publicize_feature_enabled":true,"jetpack_social_post_already_shared":false,"jetpack_social_options":{"image_generator_settings":{"template":"highway","default_image_id":0,"enabled":false},"version":2}},"categories":[1161,15],"tags":[293,1646,1711],"class_list":["post-4845","post","type-post","status-publish","format-standard","has-post-thumbnail","hentry","category-ciudadania","category-ultimas-noticias","tag-derechos-humanos","tag-francia","tag-violencia-terrorismo"],"jetpack_publicize_connections":[],"jetpack_featured_media_url":"https:\/\/i0.wp.com\/miradordeatarfe.es\/wp-content\/uploads\/2015\/11\/logoembajada_de_francia.gif?fit=300%2C177&ssl=1","jetpack_likes_enabled":true,"jetpack_sharing_enabled":true,"_links":{"self":[{"href":"https:\/\/miradordeatarfe.es\/index.php?rest_route=\/wp\/v2\/posts\/4845","targetHints":{"allow":["GET"]}}],"collection":[{"href":"https:\/\/miradordeatarfe.es\/index.php?rest_route=\/wp\/v2\/posts"}],"about":[{"href":"https:\/\/miradordeatarfe.es\/index.php?rest_route=\/wp\/v2\/types\/post"}],"author":[{"embeddable":true,"href":"https:\/\/miradordeatarfe.es\/index.php?rest_route=\/wp\/v2\/users\/1"}],"replies":[{"embeddable":true,"href":"https:\/\/miradordeatarfe.es\/index.php?rest_route=%2Fwp%2Fv2%2Fcomments&post=4845"}],"version-history":[{"count":3,"href":"https:\/\/miradordeatarfe.es\/index.php?rest_route=\/wp\/v2\/posts\/4845\/revisions"}],"predecessor-version":[{"id":4861,"href":"https:\/\/miradordeatarfe.es\/index.php?rest_route=\/wp\/v2\/posts\/4845\/revisions\/4861"}],"wp:featuredmedia":[{"embeddable":true,"href":"https:\/\/miradordeatarfe.es\/index.php?rest_route=\/wp\/v2\/media\/4860"}],"wp:attachment":[{"href":"https:\/\/miradordeatarfe.es\/index.php?rest_route=%2Fwp%2Fv2%2Fmedia&parent=4845"}],"wp:term":[{"taxonomy":"category","embeddable":true,"href":"https:\/\/miradordeatarfe.es\/index.php?rest_route=%2Fwp%2Fv2%2Fcategories&post=4845"},{"taxonomy":"post_tag","embeddable":true,"href":"https:\/\/miradordeatarfe.es\/index.php?rest_route=%2Fwp%2Fv2%2Ftags&post=4845"}],"curies":[{"name":"wp","href":"https:\/\/api.w.org\/{rel}","templated":true}]}}