{"id":48455,"date":"2021-07-12T11:30:12","date_gmt":"2021-07-12T09:30:12","guid":{"rendered":"http:\/\/miradordeatarfe.es\/?p=48455"},"modified":"2021-07-11T12:57:08","modified_gmt":"2021-07-11T10:57:08","slug":"la-hora-de-granada-por-remedios-sanchez","status":"publish","type":"post","link":"https:\/\/miradordeatarfe.es\/?p=48455","title":{"rendered":"\u00abLA HORA DE GRANADA\u00bb por Remedios S\u00e1nchez"},"content":{"rendered":"<h3 align=\"JUSTIFY\"><span lang=\"es-ES\">Es el momento de tomar decisiones por consenso mayoritario cumpliendo la palabra dada al ciudadano<\/span><\/h3>\n<p align=\"JUSTIFY\"><span style=\"font-family: Times New Roman, serif;\"><span style=\"font-size: medium;\"><span lang=\"es-ES\">El mi\u00e9rcoles, con su cara de cansancio y su calor de julio, no fue un d\u00eda cualquiera. El mi\u00e9rcoles parece que se puso fin a un mes de incertidumbre y sonrojo, de preocupaci\u00f3n por la soberbia de quien se aferraba al sill\u00f3n a toda costa. Granada, esta tierra que tiene sus or\u00edgenes en los remotos tiempos \u00edberos, necesita un poco de paz para reconstruir todo lo que se ha roto en la Plaza del Carmen y para recobrarse despu\u00e9s de una epidemia brutal que se ha cebado con nuestras gentes, con nuestra econom\u00eda, con nuestra esperanza. Porque al granadino ya s\u00f3lo le falta que le roben la esperanza \u00faltima, \u00e9sa que es casi inconsciente, bien disimulada por nuestro esp\u00edritu melanc\u00f3licamente desnutrido y triste (parafraseando a Mariluz Escribano), el que se aloja justo al lado del coraz\u00f3n incluso en los momentos m\u00e1s adversos. Se necesita ahora paz y concordia, que la clase pol\u00edtica y la sociedad civil nos demos otra vez la mano y caminemos juntos, hablar con franqueza para empezar otra vez en una oportunidad que no es solo para nosotros, sino tambi\u00e9n para el futuro de los que vendr\u00e1n. No s\u00e9 si esto lo han comprendido bien los veinticinco concejales fiables (todos van a ser esenciales), independientemente del papel que deban cumplir los pr\u00f3ximos dos a\u00f1os. Y digo veinticinco porque hay dos, el se\u00f1or Salvador y el se\u00f1or Huertas que, a tenor de sus actos, ir\u00e1n donde mejor les sople el aire, ya sea ese centro de Ciudadanos que los expedienta (y cuyos integrantes, hoy, caben en un microb\u00fas dejando los espacios preceptivos de seguridad sanitaria), la derecha de la que se han vengado porque no les sigui\u00f3 el juego y exigi\u00f3 el cumplimiento del pacto, o la izquierda donde quiere retornar Salvador, cual hijo pr\u00f3digo, despu\u00e9s de haber cambiado de caballo hace seis a\u00f1os. Conf\u00edo en que esto tambi\u00e9n lo entiendan todos los ediles que tendr\u00e1n que hacer de la responsabilidad su bandera y que est\u00e1n condenados a entenderse por el bien com\u00fan.<\/span><\/span><\/span><\/p>\n<p align=\"JUSTIFY\"><span style=\"font-family: Times New Roman, serif;\"><span style=\"font-size: medium;\"><span lang=\"es-ES\">En esa l\u00ednea fue el discurso de Paco Cuenca que, nada m\u00e1s coger el bast\u00f3n de alcalde, utiliz\u00f3 t\u00e9rminos que son claves y que convierten a quien las dice, si es capaz de cumplirlos, en un referente que enlaza con el futuro. Unidad, compromiso y pacto por una capital que tiene ahora una larga traves\u00eda del desierto mientras no retorne el turismo o se active y diversifique un tejido empresarial que las consecuencias del COVID han dejado exhausto. Es, y lo dijo Cuenca, el momento de tomar decisiones por consenso mayoritario cumpliendo la palabra dada al ciudadano. Eso estoy convencida de que lo debiera suscribir cualquier candidato que sepa en qu\u00e9 contexto estamos y precisamente eso es lo que demandar\u00e1n los granadinos. No implica empezar de cero: supone aprovechar las cosas bien hechas en distintas \u00e1reas y desarrollar un proyecto de ciudad en el que quepamos todos, en el que no sobre nadie, salvo los se\u00f1oritos que han invocado la patria para venderla, que dir\u00eda Machado. Queremos sentirnos orgullosos de unos representantes p\u00fablicos que tengan honor y vocaci\u00f3n de servicio, pero deben dar argumentos para recobrar la confianza de la sociedad granadina que puede perdonar errores, pero que no olvidar\u00e1 el da\u00f1o infligido. Que necesita que le demuestren, como afirm\u00f3 Paco Cuenca, que verdaderamente estamos en la hora de Granada.<\/span><\/span><\/span><\/p>\n","protected":false},"excerpt":{"rendered":"<p>Es el momento de tomar decisiones por consenso mayoritario cumpliendo la palabra dada al ciudadano&#8230;<\/p>\n","protected":false},"author":1,"featured_media":48456,"comment_status":"closed","ping_status":"closed","sticky":false,"template":"","format":"standard","meta":{"_coblocks_attr":"","_coblocks_dimensions":"","_coblocks_responsive_height":"","_coblocks_accordion_ie_support":"","jetpack_post_was_ever_published":false,"_jetpack_newsletter_access":"","_jetpack_dont_email_post_to_subs":false,"_jetpack_newsletter_tier_id":0,"_jetpack_memberships_contains_paywalled_content":false,"_jetpack_memberships_contains_paid_content":false,"footnotes":"","jetpack_publicize_message":"","jetpack_publicize_feature_enabled":true,"jetpack_social_post_already_shared":false,"jetpack_social_options":{"image_generator_settings":{"template":"highway","default_image_id":0,"enabled":false},"version":2}},"categories":[1161,44,7671,6914,15],"tags":[8484,259],"class_list":["post-48455","post","type-post","status-publish","format-standard","has-post-thumbnail","hentry","category-ciudadania","category-noticias-de-hoy","category-politica","category-opinion-de-reme-sanchez","category-ultimas-noticias","tag-ayuntameinto-de-granada","tag-concejales"],"jetpack_publicize_connections":[],"jetpack_featured_media_url":"https:\/\/i0.wp.com\/miradordeatarfe.es\/wp-content\/uploads\/2021\/07\/collage-ediles-granada-kcND-U80508249123TD-1248x770%40Ideal.jpg?fit=1248%2C770&ssl=1","jetpack_likes_enabled":true,"jetpack_sharing_enabled":true,"_links":{"self":[{"href":"https:\/\/miradordeatarfe.es\/index.php?rest_route=\/wp\/v2\/posts\/48455","targetHints":{"allow":["GET"]}}],"collection":[{"href":"https:\/\/miradordeatarfe.es\/index.php?rest_route=\/wp\/v2\/posts"}],"about":[{"href":"https:\/\/miradordeatarfe.es\/index.php?rest_route=\/wp\/v2\/types\/post"}],"author":[{"embeddable":true,"href":"https:\/\/miradordeatarfe.es\/index.php?rest_route=\/wp\/v2\/users\/1"}],"replies":[{"embeddable":true,"href":"https:\/\/miradordeatarfe.es\/index.php?rest_route=%2Fwp%2Fv2%2Fcomments&post=48455"}],"version-history":[{"count":1,"href":"https:\/\/miradordeatarfe.es\/index.php?rest_route=\/wp\/v2\/posts\/48455\/revisions"}],"predecessor-version":[{"id":48457,"href":"https:\/\/miradordeatarfe.es\/index.php?rest_route=\/wp\/v2\/posts\/48455\/revisions\/48457"}],"wp:featuredmedia":[{"embeddable":true,"href":"https:\/\/miradordeatarfe.es\/index.php?rest_route=\/wp\/v2\/media\/48456"}],"wp:attachment":[{"href":"https:\/\/miradordeatarfe.es\/index.php?rest_route=%2Fwp%2Fv2%2Fmedia&parent=48455"}],"wp:term":[{"taxonomy":"category","embeddable":true,"href":"https:\/\/miradordeatarfe.es\/index.php?rest_route=%2Fwp%2Fv2%2Fcategories&post=48455"},{"taxonomy":"post_tag","embeddable":true,"href":"https:\/\/miradordeatarfe.es\/index.php?rest_route=%2Fwp%2Fv2%2Ftags&post=48455"}],"curies":[{"name":"wp","href":"https:\/\/api.w.org\/{rel}","templated":true}]}}