{"id":48458,"date":"2021-07-13T09:00:14","date_gmt":"2021-07-13T07:00:14","guid":{"rendered":"http:\/\/miradordeatarfe.es\/?p=48458"},"modified":"2021-07-11T13:03:55","modified_gmt":"2021-07-11T11:03:55","slug":"como-saber-si-estoy-acreditado-en-el-imserso","status":"publish","type":"post","link":"https:\/\/miradordeatarfe.es\/?p=48458","title":{"rendered":"C\u00f3mo saber si estoy acreditado en el Imserso"},"content":{"rendered":"<h2 class=\"subtitulo\">La apertura de los plazos para nuevas solicitudes comenz\u00f3 el 1 de julio y finalizar\u00e1 el proximo 30 de julio<\/h2>\n<p>Despu\u00e9s de un a\u00f1o y medio suspendidos a causa de la situaci\u00f3n epidemiol\u00f3gica derivada de la pandemia de <strong>coronavirus<\/strong>, los <strong>viajes del Imserso<\/strong> para la temporada 2021-2022 volver\u00e1n en el mes de octubre. Contar\u00e1n con <strong>816.029 plazas<\/strong>, cuyos precios ir\u00e1n desde los 195,72 euros a los 455,81 euros.<\/p>\n<p>Podr\u00e1n beneficiarse del <strong>Programa de Turismo del Imserso<\/strong> aquellas personas residentes en Espa\u00f1a que sean pensionistas de <strong>jubilaci\u00f3n, viudedad u otros conceptos<\/strong>, que sean asegurados o beneficiarios del Sistema de la Seguridad Social con <strong>65 a\u00f1os o m\u00e1s<\/strong> o que sean emigrantes retornados a Espa\u00f1a y pensionistas del Sistema p\u00fablico de la <strong>Seguridad Social<\/strong> del pa\u00eds del que han retornado. Tambi\u00e9n podr\u00e1n participar en este programa los espa\u00f1oles residentes en el exterior con los requisitos anteriores y los espa\u00f1oles de origen emigrante que hayan retornado a Espa\u00f1a, siempre que sean pensionistas de los sistemas p\u00fablicos de la Seguridad social del pa\u00eds o pa\u00edses a los que hubieran emigrado.<\/p>\n<div id=\"_wmass_502\">\u00a0<\/div>\n<p>Aquellas personas que quieran acreditarse en el Imserso para participar en los viajes podr\u00e1n hacerlo a trav\u00e9s de la <strong>Sede Electr\u00f3nica del Imserso<\/strong>, cumplimentando el modelo de solicitud en l\u00ednea dispuesto para la temporada 2021 &#8211; 2022 o rellenando <a href=\"https:\/\/sede.imserso.gob.es\/InterPresent1\/groups\/imserso\/documents\/binario\/solicitudmanual_turismo_21_22.pdf\" data-voc-vtm-id=\"in-text-traffic\"> este impreso<\/a>, que podr\u00e1n presentar a trav\u00e9s de los registros electr\u00f3nicos oficiales relacionados en el art\u00edculo 7 de la Orden SCB\/926\/2018, de 10 de septiembre, por la que se regula el programa de Turismo del Imserso, o envi\u00e1ndolo en sobre franqueado, no por correo certificado, a la direcci\u00f3n Programa de Turismo del Imserso, apartado de correos 10.140 28080, Madrid.<\/p>\n<p>El plazo para presentar las <strong>nuevas altas<\/strong> va desde el pasado 1 de julio hasta el pr\u00f3ximo viernes 30 de julio, ambos d\u00edas incluidos.<\/p>\n<h3 class=\"ladillo\">Comprobar la acreditaci\u00f3n<\/h3>\n<p>Aquellas personas que se hayan dado de alta en el Programa Tur\u00edstico del Imserso podr\u00e1n comprobar que su solicitud se ha realizado correctamente a trav\u00e9s de la <strong>Sede Electr\u00f3nica del Imserso<\/strong>, en cuyo caso las personas interesadas lo podr\u00e1n comprobar inmediatamente en la propia Sede, mediante el sistema Cl@ve.<\/p>\n<p>\u00bfY qu\u00e9 ocurre si <strong>una persona se acredit\u00f3 el a\u00f1o anterior <\/strong>para poder participar en el Programa de Turismo? \u00bfC\u00f3mo puede saber si este a\u00f1o lo estar\u00e1?<\/p>\n<h3 class=\"ladillo\">Renovaciones<\/h3>\n<p>Todas las personas que se acreditaran en a\u00f1os anteriores en el <strong>Programa de Turismo <\/strong>recibieron una <strong>carta de renovaci\u00f3n <\/strong>a lo largo de la primera quincena del mes de junio de 2021 con los datos que figuran en la base de datos del Imserso y un impreso de solicitud.<\/p>\n<p>Si los datos que vienen en la carta son correctos y no hay nada que deba modificarse, los usuarios no tienen que hacer nada. En el caso de que no est\u00e9n de acuerdo, deben realizar los <strong>cambios correspondientes a trav\u00e9s de la Sede Electr\u00f3nica del Imserso <\/strong>utilizando el n\u00famero de referencia que aparece en el documento o el sistema Cl@ve.<\/p>\n<p>En el caso de que no se pueda utilizar esta v\u00eda, podr\u00e1 remitirse el impreso de la solicitud cumplimentado con los nuevos datos hasta el <strong>viernes 30 de julio de 2021 <\/strong>en sobre franqueado, a la direcci\u00f3n Programa de Turismo del Imserso, apartado de correos 10.140 28080, Madrid.<\/p>\n<footer class=\"autores\"><span class=\"autor\"><a class=\"nombre\" title=\"ABC\">ABC<\/a><\/span><\/footer>\n<p><span id=\"viajar\" class=\"main\"><span class=\"cuerpo-texto \"><span class=\"data\"><span class=\"datos-articulo\"><span class=\"datos\"><span class=\"fecha\">FOTO: <\/span><\/span><\/span><\/span><\/span><\/span>Los viajes del Imserso comenzar\u00e1n en el mes de octubre &#8211; <span class=\"firma\">Juan Carlos Soler<\/span><\/p>\n<p>https:\/\/www.abc.es\/viajar\/abci-como-saber-acreditado-imserso-nsv-202107091748_noticia.html<\/p>\n","protected":false},"excerpt":{"rendered":"<p>La apertura de los plazos para nuevas solicitudes comenz\u00f3 el 1 de julio y finalizar\u00e1&#8230;<\/p>\n","protected":false},"author":1,"featured_media":48459,"comment_status":"closed","ping_status":"closed","sticky":false,"template":"","format":"standard","meta":{"_coblocks_attr":"","_coblocks_dimensions":"","_coblocks_responsive_height":"","_coblocks_accordion_ie_support":"","jetpack_post_was_ever_published":false,"_jetpack_newsletter_access":"","_jetpack_dont_email_post_to_subs":false,"_jetpack_newsletter_tier_id":0,"_jetpack_memberships_contains_paywalled_content":false,"_jetpack_memberships_contains_paid_content":false,"footnotes":"","jetpack_publicize_message":"","jetpack_publicize_feature_enabled":true,"jetpack_social_post_already_shared":false,"jetpack_social_options":{"image_generator_settings":{"template":"highway","default_image_id":0,"enabled":false},"version":2}},"categories":[1161,44,6937,15,10],"tags":[6430,56],"class_list":["post-48458","post","type-post","status-publish","format-standard","has-post-thumbnail","hentry","category-ciudadania","category-noticias-de-hoy","category-sociedad","category-ultimas-noticias","category-salud","tag-imserso","tag-turismo"],"jetpack_publicize_connections":[],"jetpack_featured_media_url":"https:\/\/i0.wp.com\/miradordeatarfe.es\/wp-content\/uploads\/2021\/07\/ABC.jpg?fit=620%2C349&ssl=1","jetpack_likes_enabled":true,"jetpack_sharing_enabled":true,"_links":{"self":[{"href":"https:\/\/miradordeatarfe.es\/index.php?rest_route=\/wp\/v2\/posts\/48458","targetHints":{"allow":["GET"]}}],"collection":[{"href":"https:\/\/miradordeatarfe.es\/index.php?rest_route=\/wp\/v2\/posts"}],"about":[{"href":"https:\/\/miradordeatarfe.es\/index.php?rest_route=\/wp\/v2\/types\/post"}],"author":[{"embeddable":true,"href":"https:\/\/miradordeatarfe.es\/index.php?rest_route=\/wp\/v2\/users\/1"}],"replies":[{"embeddable":true,"href":"https:\/\/miradordeatarfe.es\/index.php?rest_route=%2Fwp%2Fv2%2Fcomments&post=48458"}],"version-history":[{"count":1,"href":"https:\/\/miradordeatarfe.es\/index.php?rest_route=\/wp\/v2\/posts\/48458\/revisions"}],"predecessor-version":[{"id":48460,"href":"https:\/\/miradordeatarfe.es\/index.php?rest_route=\/wp\/v2\/posts\/48458\/revisions\/48460"}],"wp:featuredmedia":[{"embeddable":true,"href":"https:\/\/miradordeatarfe.es\/index.php?rest_route=\/wp\/v2\/media\/48459"}],"wp:attachment":[{"href":"https:\/\/miradordeatarfe.es\/index.php?rest_route=%2Fwp%2Fv2%2Fmedia&parent=48458"}],"wp:term":[{"taxonomy":"category","embeddable":true,"href":"https:\/\/miradordeatarfe.es\/index.php?rest_route=%2Fwp%2Fv2%2Fcategories&post=48458"},{"taxonomy":"post_tag","embeddable":true,"href":"https:\/\/miradordeatarfe.es\/index.php?rest_route=%2Fwp%2Fv2%2Ftags&post=48458"}],"curies":[{"name":"wp","href":"https:\/\/api.w.org\/{rel}","templated":true}]}}