{"id":48477,"date":"2021-07-13T08:43:54","date_gmt":"2021-07-13T06:43:54","guid":{"rendered":"http:\/\/miradordeatarfe.es\/?p=48477"},"modified":"2021-07-11T13:48:39","modified_gmt":"2021-07-11T11:48:39","slug":"ares-gonzalez-en-la-crianza-como-en-todo-los-adultos-tenemos-la-obligacion-de-ponernos-limites-a-nosotros-mismos","status":"publish","type":"post","link":"https:\/\/miradordeatarfe.es\/?p=48477","title":{"rendered":"Ares Gonz\u00e1lez: \u00abEn la crianza, como en todo, los adultos tenemos la obligaci\u00f3n de ponernos l\u00edmites a nosotros mismos\u00bb"},"content":{"rendered":"<div class=\"c-header\">\n<div class=\"news-header\">\n<ul class=\"footer\">\n<li>\n<h3 style=\"text-align: justify;\">En su \u00faltimo libro, &#8216;Educar sin GPS&#8217; (Planeta), este formador en educaci\u00f3n y crianza defiende que el bienestar de las ni\u00f1as y los ni\u00f1os depende en gran medida de la destreza de sus progenitores para explorar y desarrollar una maternidad y paternidad propias<\/h3>\n<\/li>\n<\/ul>\n<\/div>\n<div class=\"partner-wrapper article-page__body-row \">\n<div class=\"second-col\">\n<p class=\"article-text\" style=\"text-align: justify;\">Aunque a veces parezca que en la crianza, como en la conducci\u00f3n, hace falta un GPS para guiarnos en el camino, puede que en realidad llegar al destino con \u00e9xito requiera de menos indicaciones de las que pensamos. Si observamos a los ni\u00f1os sin la mirada infantilizadora a la que estamos acostumbrados, podremos ver que son personas aut\u00f3nomas capaces de resolver sus necesidades y que no necesitan mucho m\u00e1s de sus progenitores que su presencia y acompa\u00f1amiento.\u00a0<\/p>\n<p class=\"article-text\" style=\"text-align: justify;\">En su \u00faltimo libro, <em>Educar sin GPS <\/em>(Planeta), el maestro y formador en educaci\u00f3n y crianza, tambi\u00e9n padre de familia numerosa, Ares Gonz\u00e1lez, habla de \u00abeducar simplificando\u00bb y \u00abeducar en la vida real\u00bb. Un anti-m\u00e9todo para el que no hace falta haber comprado el \u00faltimo modelo de carrito, aunque pueda resultar muy c\u00f3modo para el beb\u00e9, ni una cama a ras de suelo, aunque pueda favorecer su autonom\u00eda. Lo que el profesor defiende a lo largo de las p\u00e1ginas de este libro es que el bienestar de las ni\u00f1as y los ni\u00f1os depende en gran medida de la destreza de sus progenitores para explorar y desarrollar una maternidad y paternidad propias. Esta tarea no es f\u00e1cil, a los condicionantes sociales y publicitarios ahora se suma la &#8216;infoxicaci\u00f3n&#8217;: demasiados libros, demasiadas recetas, cientos de manuales con la f\u00f3rmula perfecta de la crianza.\u00a0\u00a0<\/p>\n<p class=\"article-text\" style=\"text-align: justify;\"><strong>Habla de la necesidad de educar en la vida real, \u00bfc\u00f3mo est\u00e1bamos educando entonces hasta ahora?\u00a0<\/strong><\/p>\n<p class=\"article-text\" style=\"text-align: justify;\">Un poco bajo las leyes del mercado. Todo el mercado y la sociedad nos lleva a cosas que no son necesarias para nuestros hijos e hijas, y lo que hace el libro es poner en el centro lo que es necesario para el bienestar de todos los miembros de la familia. Por ejemplo, preguntarnos: \u00bfLos ni\u00f1os tienen que saber de todo y apuntarse a mil extraescolares, o pasar tiempo con los padres? Pues impera lo primero, pero el sentido com\u00fan dice que lo segundo.\u00a0<\/p>\n<p class=\"article-text\" style=\"text-align: justify;\"><strong>Dice que la ausencia de los progenitores en la crianza provoca mayor dependencia en los hijos, en vez de favorecer su autonom\u00eda.<\/strong><\/p>\n<p class=\"article-text\" style=\"text-align: justify;\">Cuando estamos ausentes hacemos que nuestros hijos sean supervivientes. De lo que hay disponible, coger\u00e1n lo que puedan, pero para coger o hacer lo correcto necesitan a alguien que acompa\u00f1e sus emociones y sus pensamientos. Necesitan a los padres como figura de referencia. La mera presencia crea el vinculo que nos va a dar la seguridad cuando nos alejemos. Si hay ausencia, generaremos dependencia porque el ni\u00f1o o la ni\u00f1a se siente inseguro pensando que tiene que &#8216;sobrevivir&#8217;.<\/p>\n<figure class=\"embed-container embed-container--type-embed \" style=\"text-align: justify;\">\n<p><img data-recalc-dims=\"1\" decoding=\"async\" src=\"https:\/\/i0.wp.com\/static.eldiario.es\/clip\/8effd812-29ff-44f2-ac75-918effcbefed_source-aspect-ratio_default_0.jpg?w=250&#038;ssl=1\" alt=\"100%\"  align=\"left\" data-title=\"\" \/><\/p>\n<\/figure>\n<p class=\"article-text\" style=\"text-align: justify;\"><strong>\u00bfCu\u00e1l es la edad en la que los ni\u00f1os se encuentran m\u00e1s perdidos, o se sienten m\u00e1s incomprendidos?<\/strong><\/p>\n<p class=\"article-text\" style=\"text-align: justify;\">La edad en la que sufren m\u00e1s incomprensi\u00f3n por parte de los adultos es la de los dos a\u00f1os, y sobre todo cuando tienen rabietas. Cuando hablo de rabietas las defino, de hecho, como un momento de incomprensi\u00f3n del mundo hacia el ni\u00f1o o del ni\u00f1o hacia el mundo. En este \u00faltimo caso es porque no tiene la capacidad cognitiva para aceptar que las cosas no van a ser como quiere. Pero la realidad es que la mayor\u00eda de las veces es el mundo el que no comprende al peque\u00f1o. No respetamos su &#8216;tempo&#8217;, les llevamos m\u00e1s r\u00e1pido de lo que sus ritmos le piden, no tienen sue\u00f1os regulares, est\u00e1n cansados, les ofrecemos cosas o actividades cuando no corresponde les sobreestimulamos con pantallas\u2026 Un ejemplo es cuando un beb\u00e9 est\u00e1 pasando de mano en mano de un grupo de gente y llora, en ese mismo momento o quiz\u00e1 despu\u00e9s. Pues llora porque se ha frustrado con lo que ha vivido.\u00a0<\/p>\n<p class=\"article-text\" style=\"text-align: justify;\"><strong>C\u00f3mo respetar ese &#8216;tempo&#8217; del ni\u00f1o cuando los progenitores tienen que hacer encajes de piezas imposibles para conciliar\u2026<\/strong><\/p>\n<p class=\"article-text\" style=\"text-align: justify;\">El estr\u00e9s que vivimos a nivel social lo sufrimos todos: los que tenemos hijos y los que no. Al final, una reflexi\u00f3n que me gusta es que los adultos tenemos la obligaci\u00f3n de ponernos l\u00edmites a nosotros mismos: si tenemos que trabajar, no podemos ver todas las pelis que queremos, o si queremos cuidarnos no podemos comer todo lo que nos apetece. Pues es lo mismo, cuando eres padre o madre tienes que decidir lo que quieres y lo que no quieres.\u00a0<\/p>\n<p class=\"article-text\" style=\"text-align: justify;\">El sistema nos lo pone dif\u00edcil y normalmente no nos damos cuenta. Habr\u00eda que hacer una lista de qu\u00e9 cosas hacemos a lo largo del d\u00eda y si nos conduce a lo que realmente queremos conseguir. Por ejemplo, para escribir este libro tuve que quitarme tiempo de otras cosas, como por ejemplo ver redes sociales. Cuando tenemos hijos esta distribuci\u00f3n del tiempo se complica porque tenemos muchas m\u00e1s demandas por su parte y todos los horarios son m\u00e1s r\u00edgidos. .\u00a0\u00a0<\/p>\n<p class=\"article-text\" style=\"text-align: justify;\"><strong>En el libro dice que cuando llega la paternidad o maternidad \u00abla persona que somos se va diluyendo\u00bb. \u00bfPor qu\u00e9 es importante no llegar a permitir que eso ocurra?\u00a0<\/strong><\/p>\n<p class=\"article-text\" style=\"text-align: justify;\">Hay una evoluci\u00f3n natural cuando eres padre o madre, por una especie de explosi\u00f3n hormonal, que te lleva a un \u00abestado de enamoramiento\u00bb durante algunos meses: miras al beb\u00e9 todo el rato, te fijas incluso en c\u00f3mo ha movido el dedo me\u00f1ique o en c\u00f3mo respira. Y esto, que se junta con que el beb\u00e9 necesita mucha atenci\u00f3n y presencia, hace que a veces nos olvidemos de nosotros mismos por el camino. En alg\u00fan momento hay que parar a preguntarse: &#8216;oye, la persona que yo era, que iba al gimnasio, que sal\u00eda a tomarse algo con amigos, que iba a cenar con su pareja\u2026 \u00bfd\u00f3nde est\u00e1? \u00bfCu\u00e1ndo es la \u00faltima vez que hab\u00e9is ido al cine? Conviene ir haciendo poco a poco tu vida porque de lo contrario no vas a estar bien. La crianza requiere mucho esfuerzo y energ\u00eda y si no estamos bien nuestros cr\u00edos tampoco lo van a estar. El otro d\u00eda mi hijo me dijo que le apetec\u00eda estar conmigo esa tarde, pero le dije que no pod\u00eda porque ten\u00eda que leer, que tengo otros intereses y era mi momento. Yo me puse a leer, y \u00e9l se puso a leer a mi lado. Si ellos reciben el ejemplo de que nos cuidamos, de mayores se cuidar\u00e1n, si no, no.\u00a0<\/p>\n<p class=\"article-text\" style=\"text-align: justify;\"><strong>Habla a lo largo de las p\u00e1ginas de estar presente en la vida de los hijos, de mostrarse contento, de tener paciencia, de comprenderles\u2026 Pero, \u00bfcu\u00e1l es la v\u00eda de escape cuando ya no podemos m\u00e1s?\u00a0<\/strong><\/p>\n<p class=\"article-text\" style=\"text-align: justify;\">Cuando te desbordas lo mejor es irte unos minutos por tu lado, bajar las emociones y volver a la realidad. En alg\u00fan momento todos y todas sentimos que no podemos m\u00e1s porque la crianza es un momento intenso, pero puede tener sus partes maravillosas o ser un sufrimiento absoluto. Por eso el libro habla de disfrutar, de anticipar lo que va a ocurrir y de tener una actitud de &#8216;oye, aqu\u00ed estamos para disfrutar y no para sufrir&#8217;, y liberarnos.<\/p>\n<p class=\"article-text\" style=\"text-align: justify;\"><strong>\u00bfQu\u00e9 influencia tienen los juicios externos sobre esa auto-exigencia que nos imponemos y que no nos deja disfrutar? Se ha pasado del &#8216;qu\u00e9 dir\u00e1n&#8217; en los corrillos de vecinos al &#8216;qu\u00e9 dir\u00e1n&#8217; en los grupos de WhatsApp de padres y otras redes sociales.\u00a0<\/strong><\/p>\n<p class=\"article-text\" style=\"text-align: justify;\">Aqu\u00ed lo que pasa, y lo tenemos que reconocer todos, es que desde el parto, algo tan complejo, y cuando tienes a tu hijo en brazos, sufres un miedo y una inseguridad tremendos y te preguntas: \u00bfc\u00f3mo sacamos ahora esto adelante? Te llegan consejos externos que te dicen qu\u00e9 y c\u00f3mo tienes que hacer las cosas con tus hijos. Lo primero que nos condiciona es nuestra cultura de origen, c\u00f3mo nos han educado a nosotros. Luego los 200 libros que nos leemos porque tenemos la suerte de tener mucha informaci\u00f3n. Y por \u00faltimo c\u00f3mo educan o qu\u00e9 pautas siguen nuestras amistades. Por ejemplo, en un entorno en el que dar el biber\u00f3n es lo normal, puede sonar raro que t\u00fa decidas dar la teta, y viceversa. Te juzgan. Depende mucho de la cultura que rodea a la madre. Sabemos mucho m\u00e1s de lo que sabemos hace veinte a\u00f1os de lo que necesitan los ni\u00f1os y ni\u00f1as para crecer, ahora el reto es simplificarlo al m\u00e1ximo.<\/p>\n<p class=\"article-text\" style=\"text-align: justify;\"><strong>Nos hemos dejado la influencia de la publicidad\u2026<\/strong><\/p>\n<p class=\"article-text\" style=\"text-align: justify;\">S\u00ed, las necesidades que nos generan a nivel <em>m\u00e1rketing:<\/em> la ba\u00f1era no s\u00e9 qu\u00e9, el term\u00f3metro con luz, la leche en polvo omega 3 con dos mil cereales, y una cama Montessori para fomentar su autonom\u00eda. Pero lo que necesitan nuestros hijos, en realidad, es mucho m\u00e1s b\u00e1sico. Sue\u00f1o regular, alimentaci\u00f3n, presencia, espacio para desarrollar su autonom\u00eda, l\u00edmites, y bienestar familiar. Nos estamos metiendo necesidades que no tenemos.\u00a0<\/p>\n<p class=\"article-text\" style=\"text-align: justify;\"><strong>\u00bfC\u00f3mo equilibrar nuestra presencia con dejarles libertad para que adquieran autonom\u00eda, o el amor incondicional sin caer en el amor ciego?<\/strong><\/p>\n<p class=\"article-text\" style=\"text-align: justify;\">El amor incondicional es aquel que est\u00e1 ah\u00ed independientemente de lo que ocurra, y el ciego es el que no es capaz de distinguir las necesidades de los ni\u00f1os con las suyas propias. Un buen ejercicio es observarlos. Si\u00e9ntate a su lado y observa, d\u00e9jales actuar. A veces, por amor ciego no le dejo subir solo un escal\u00f3n, por si le pasa algo, pero la realidad es que tiene que hacerlo porque tiene que explorar. Si les hacemos nosotros la exploraci\u00f3n, ni van a ser aut\u00f3nomos ni van a aprender. Se trata de estar al lado y permitirles desarrollar sus propias capacidades. Nosotros en el aula, por ejemplo, les decimos: aqu\u00ed tienes tu ropa, c\u00e1mbiate t\u00fa.\u00a0<\/p>\n<aside class=\"news-outlook\">\n<figure>\n<div class=\"second-col\">\n<figure class=\"ni-figure\"><figcaption class=\"image-footer\"><span class=\"title\">FOTO: Ares Gonz\u00e1lez. <span class=\"author\"> Foto: \u00a9 Carlos Ruiz B.k. Contumaz Studio.<\/span> <\/span><\/figcaption><\/figure>\n<\/div>\n<footer class=\"news-info\">\n<div class=\"info-wrapper\">\n<p class=\"authors\"><a href=\"https:\/\/www.eldiario.es\/autores\/patricia_gea\/\"><strong>Patricia Gea<\/strong><\/a><\/p>\n<\/div>\n<\/footer>\n<\/figure>\n<\/aside>\n<\/div>\n<\/div>\n<\/div>\n","protected":false},"excerpt":{"rendered":"<p>En su \u00faltimo libro, &#8216;Educar sin GPS&#8217; (Planeta), este formador en educaci\u00f3n y crianza defiende&#8230;<\/p>\n","protected":false},"author":1,"featured_media":48478,"comment_status":"closed","ping_status":"closed","sticky":false,"template":"","format":"standard","meta":{"_coblocks_attr":"","_coblocks_dimensions":"","_coblocks_responsive_height":"","_coblocks_accordion_ie_support":"","jetpack_post_was_ever_published":false,"_jetpack_newsletter_access":"","_jetpack_dont_email_post_to_subs":false,"_jetpack_newsletter_tier_id":0,"_jetpack_memberships_contains_paywalled_content":false,"_jetpack_memberships_contains_paid_content":false,"footnotes":"","jetpack_publicize_message":"","jetpack_publicize_feature_enabled":true,"jetpack_social_post_already_shared":false,"jetpack_social_options":{"image_generator_settings":{"template":"highway","default_image_id":0,"enabled":false},"version":2}},"categories":[187,1161,44,6937,15,10],"tags":[27,854,2271],"class_list":["post-48477","post","type-post","status-publish","format-standard","has-post-thumbnail","hentry","category-centros-educativos","category-ciudadania","category-noticias-de-hoy","category-sociedad","category-ultimas-noticias","category-salud","tag-educacion","tag-hijos","tag-padres-y-madres"],"jetpack_publicize_connections":[],"jetpack_featured_media_url":"https:\/\/i0.wp.com\/miradordeatarfe.es\/wp-content\/uploads\/2021\/07\/a2f5c751-34d6-48a3-9c0a-b57d070369e4_16-9-aspect-ratio_default_0.jpg?fit=880%2C495&ssl=1","jetpack_likes_enabled":true,"jetpack_sharing_enabled":true,"_links":{"self":[{"href":"https:\/\/miradordeatarfe.es\/index.php?rest_route=\/wp\/v2\/posts\/48477","targetHints":{"allow":["GET"]}}],"collection":[{"href":"https:\/\/miradordeatarfe.es\/index.php?rest_route=\/wp\/v2\/posts"}],"about":[{"href":"https:\/\/miradordeatarfe.es\/index.php?rest_route=\/wp\/v2\/types\/post"}],"author":[{"embeddable":true,"href":"https:\/\/miradordeatarfe.es\/index.php?rest_route=\/wp\/v2\/users\/1"}],"replies":[{"embeddable":true,"href":"https:\/\/miradordeatarfe.es\/index.php?rest_route=%2Fwp%2Fv2%2Fcomments&post=48477"}],"version-history":[{"count":1,"href":"https:\/\/miradordeatarfe.es\/index.php?rest_route=\/wp\/v2\/posts\/48477\/revisions"}],"predecessor-version":[{"id":48479,"href":"https:\/\/miradordeatarfe.es\/index.php?rest_route=\/wp\/v2\/posts\/48477\/revisions\/48479"}],"wp:featuredmedia":[{"embeddable":true,"href":"https:\/\/miradordeatarfe.es\/index.php?rest_route=\/wp\/v2\/media\/48478"}],"wp:attachment":[{"href":"https:\/\/miradordeatarfe.es\/index.php?rest_route=%2Fwp%2Fv2%2Fmedia&parent=48477"}],"wp:term":[{"taxonomy":"category","embeddable":true,"href":"https:\/\/miradordeatarfe.es\/index.php?rest_route=%2Fwp%2Fv2%2Fcategories&post=48477"},{"taxonomy":"post_tag","embeddable":true,"href":"https:\/\/miradordeatarfe.es\/index.php?rest_route=%2Fwp%2Fv2%2Ftags&post=48477"}],"curies":[{"name":"wp","href":"https:\/\/api.w.org\/{rel}","templated":true}]}}