{"id":48497,"date":"2021-07-14T08:41:15","date_gmt":"2021-07-14T06:41:15","guid":{"rendered":"http:\/\/miradordeatarfe.es\/?p=48497"},"modified":"2021-07-12T14:44:10","modified_gmt":"2021-07-12T12:44:10","slug":"las-ciudades-del-futuro-seran-inteligentes-o-no-seran","status":"publish","type":"post","link":"https:\/\/miradordeatarfe.es\/?p=48497","title":{"rendered":"Las ciudades del futuro ser\u00e1n inteligentes o no ser\u00e1n"},"content":{"rendered":"<div id=\"articulo-titulares\" class=\"articulo-titulares\">\n<div class=\"articulo-subtitulos\">\n<h2 class=\"articulo-subtitulo\" style=\"text-align: justify;\">La modernizaci\u00f3n de los espacios se revela como un mercado estrat\u00e9gico y transversal<\/h2>\n<\/div>\n<\/div>\n<div id=\"articulo__contenedor\" class=\"articulo__contenedor\" style=\"text-align: justify;\">\n<div id=\"cuerpo_noticia\" class=\"articulo-cuerpo\">\n<p>Dar es Salaam es una ciudad en Tanzania de casi cinco millones de habitantes que ha tenido un desarrollo espectacular en los \u00faltimos a\u00f1os, fruto del crecimiento econ\u00f3mico y de la emigraci\u00f3n rural a la capital. Este polo de atracci\u00f3n econ\u00f3mico (que los expertos denominan Agglomeration economies) se refleja en la construcci\u00f3n de nuevas infraestructuras, como el BRT (<em>Bus Rapid Transit<\/em>, autob\u00fas de tr\u00e1nsito r\u00e1pido) que conecta barrios perif\u00e9ricos con el centro econ\u00f3mico de la ciudad.<\/p>\n<p>Jaipur es una ciudad del noreste de India, capital del estado de Rajast\u00e1n, con una poblaci\u00f3n de tres millones de habitantes y con un alto valor patrimonial. Es lo que se conoce como una <em>heritage city<\/em> (ciudad patrimonio), un lugar al que acuden cientos de miles de visitantes y turistas nacionales e internacionales atra\u00eddos por los magn\u00edficos templos, fortalezas y dem\u00e1s maravillas de \u00e9pocas pasadas, entre las que se encuentra el palacio de Jaipur o los bazares que inundan la ciudad amurallada.<\/p>\n<\/div>\n<\/div>\n<p style=\"text-align: justify;\">Jiangbei es un nuevo distrito que se est\u00e1 dise\u00f1ando y empezando a construir en la ciudad de Nanjing (China), con una extensi\u00f3n de 788 km2, concebido como una ecociudad sostenible y dotada de las m\u00e1s modernas infraestructuras interconectadas.<\/p>\n<p style=\"text-align: justify;\">Valdespartera es un ecobarrio situado en el suroeste de Zaragoza, con una poblaci\u00f3n estimada de 25.000 personas y una infraestructura inteligente que monitoriza los consumos y resuelve cualquier incidencia (por ejemplo, en la red de riego) en el menor tiempo posible. La orientaci\u00f3n y arquitectura bioclim\u00e1tica de las viviendas contribuye a la optimizaci\u00f3n de los consumos energ\u00e9ticos y al bienestar de los residentes.<\/p>\n<p style=\"text-align: justify;\">\u00bfQu\u00e9 tienen en com\u00fan estas ciudades y barrios, tan distantes unas de otras, y tan diferentes en su morfolog\u00eda urbana? Muy sencillo, todas ellas quieren convertirse en ciudades inteligentes. Mucho se ha hablado y debatido sobre el concepto desde su aparici\u00f3n en los primeros a\u00f1os del siglo XXI. Por ello, abundan las definiciones, que var\u00edan desde la puramente tecnol\u00f3gica, centrada en las TIC como elemento articulador, hasta otras m\u00e1s centradas en la sostenibilidad urbana y en el ciudadano.<\/p>\n<p style=\"text-align: justify;\">Hablamos de un mercado que, seg\u00fan la consultora Frost &amp; Sullivan supondr\u00e1 1.500 millones de d\u00f3lares para el a\u00f1o 2020, con una clase media que significar\u00e1 un 42% de la poblaci\u00f3n mundial, y por tanto con poder adquisitivo para consumir tecnolog\u00eda adaptada a sus preferencias. Un mercado en el que habr\u00e1 35 megaciudades de m\u00e1s de ocho millones de habitantes (la mayor\u00eda en econom\u00edas en desarrollo o emergentes), ya que el crecimiento exponencial de la poblaci\u00f3n urbana vendr\u00e1 en su mayor parte causado por la emigraci\u00f3n desde el campo a la ciudad de pa\u00edses asi\u00e1ticos y, en especial, China e India.<\/p>\n<p style=\"text-align: justify;\">Un mercado que ya est\u00e1 generando nuevos modelos de negocio, y en el que se imponen ya nuevas tendencias ligadas a la movilidad (car\u00adsharing, carpooling, park\u00adsharing y log\u00edstica de la \u00faltima milla), a las nuevas formas de pago por uso, a la optimizaci\u00f3n del consumo energ\u00e9tico adaptado a la dom\u00f3tica, y a la ubicuidad y conectividad como factores que est\u00e1n transformando por completo el uso de la tecnolog\u00eda y su aplicaci\u00f3n a las ciudades.<\/p>\n<p style=\"text-align: justify;\">Pero detr\u00e1s de estas cifras aparecen los problemas reales a los que las ciudades deben hacer frente, y para los cuales la tecnolog\u00eda puede contribuir, aunque no sea la soluci\u00f3n a todo. Ya en 1961, la gran soci\u00f3loga norteamericana Jane Jacobs se\u00f1alaba algunos de estos problemas en su trabajo The Death and Life of Great American Cities. Uno de ellos era, y sigue siendo, la fragilidad, diversidad y complejidad de los ecosistemas urbanos, que deben analizarse y enfocarse desde una perspectiva transversal y poniendo al ciudadano en el centro de la ecuaci\u00f3n, asumiendo que las soluciones simples no funcionan.<\/p>\n<p style=\"text-align: justify;\">Ciudades que deben mantener su identidad, o reencontrarse con ella en caso de haberla perdido. Esto es m\u00e1s complicado en el caso de los nuevas ciudades, surgidas de la nada, y cuyo caso m\u00e1s extremo es el de las ciudades fantasma en China.<\/p>\n<p style=\"text-align: justify;\">Quiz\u00e1 por todo ello, en los \u00faltimos a\u00f1os, el concepto ha evolucionado hacia una visi\u00f3n centrada en el ciudadano, como consumidor y como prescriptor de soluciones tecnol\u00f3gicas, y ello es as\u00ed porque la infraestructura tecnol\u00f3gica nunca puede ser un fin en s\u00ed misma, sino un medio para optimizar el funcionamiento de nuestras ciudades y, por tanto, la calidad de vida en las mismas.<\/p>\n<p style=\"text-align: justify;\">La lucha contra los efectos del cambio clim\u00e1tico, las nuevas agendas urbanas y los Objetivos de Desarrollo Sostenible (ODS) han contribuido a este nuevo enfoque de la ciudad inteligente, que se ha convertido en mayoritario y que, en cualquier caso, sit\u00faa al ciudadano como agente activo de la ciudad sostenible, como no podr\u00eda ser de otra manera. Podemos hablar entonces de un viraje, de una fusi\u00f3n entre la tecnolog\u00eda y la sostenibilidad, etiquetada como tendencia y expresada como Smart is the New Green.<\/p>\n<p style=\"text-align: justify;\">Un mercado, en definitiva, estrat\u00e9gico, por cuanto se extiende a muchos sectores y disciplinas, que engloba a toda la cadena de valor, desde integradores de soluciones tecnol\u00f3gicas, empresas proveedoras de servicios y apps, empresas que proporcionan y operan la infraestructura, hasta las propias autoridades municipales, empresas de servicios locales y ciudadanos como receptores y beneficiarios.<\/p>\n<p style=\"text-align: justify;\">Un mercado en el que las ciudades y las empresas espa\u00f1olas son punteras en su transici\u00f3n y evoluci\u00f3n hacia la ciudad inteligente, y esta es la mejor tarjeta de presentaci\u00f3n para competir en la econom\u00eda global.<\/p>\n<p><strong>Luis Frauca<\/strong> es director de tecnolog\u00eda e innovaci\u00f3n de Eptisa<\/p>\n<figure class=\"foto\"><a class=\"enlace\" href=\"https:\/\/cincodias.elpais.com\/autor\/cinco_dias\/a\/\"><img data-recalc-dims=\"1\" loading=\"lazy\" decoding=\"async\" src=\"https:\/\/i0.wp.com\/d500.epimg.net\/cincodias\/iconos\/v2.x\/v2.1\/avatar.png?resize=80%2C80&#038;ssl=1\" alt=\"Luis Frauca\" width=\"80\" height=\"80\" \/> <\/a><\/figure>\n<div class=\"autor-texto\"><span class=\"autor-nombre\"> <a title=\"Ver todas las noticias de Luis Frauca\" href=\"https:\/\/cincodias.elpais.com\/autor\/cinco_dias\/a\/\"> Luis Frauca <\/a><\/span><\/div>\n<div>\n<figure class=\"foto derecha foto_w980\"><figcaption class=\"foto-pie\"><span class=\"foto-texto\">FOTO: Zona de la Ciudad Amurallada, en la ciudad india de Jaipur.<\/span> <span class=\"foto-firma\"> <span class=\"foto-agencia\">EFE<\/span><\/span><\/figcaption><\/figure>\n<aside id=\"compartir_superior\" class=\"compartir\">\n<div class=\"compartir__interior\">\u00a0<\/div>\n<\/aside>\n<div id=\"articulo__contenedor\" class=\"articulo__contenedor\">\n<div class=\"articulo-datos\">https:\/\/cincodias.elpais.com\/cincodias\/2019\/08\/28\/economia\/1567013760_710847.html?rel=mas<\/div>\n<\/div>\n<\/div>\n","protected":false},"excerpt":{"rendered":"<p>La modernizaci\u00f3n de los espacios se revela como un mercado estrat\u00e9gico y transversal Dar es&#8230;<\/p>\n","protected":false},"author":1,"featured_media":48498,"comment_status":"closed","ping_status":"closed","sticky":false,"template":"","format":"standard","meta":{"_coblocks_attr":"","_coblocks_dimensions":"","_coblocks_responsive_height":"","_coblocks_accordion_ie_support":"","jetpack_post_was_ever_published":false,"_jetpack_newsletter_access":"","_jetpack_dont_email_post_to_subs":false,"_jetpack_newsletter_tier_id":0,"_jetpack_memberships_contains_paywalled_content":false,"_jetpack_memberships_contains_paid_content":false,"footnotes":"","jetpack_publicize_message":"","jetpack_publicize_feature_enabled":true,"jetpack_social_post_already_shared":false,"jetpack_social_options":{"image_generator_settings":{"template":"highway","default_image_id":0,"enabled":false},"version":2}},"categories":[2,1161,44,7671,6937,15,10],"tags":[1735,1468,3666],"class_list":["post-48497","post","type-post","status-publish","format-standard","has-post-thumbnail","hentry","category-atarfe","category-ciudadania","category-noticias-de-hoy","category-politica","category-sociedad","category-ultimas-noticias","category-salud","tag-ciudades","tag-futuro","tag-inteligencia-artificial"],"jetpack_publicize_connections":[],"jetpack_featured_media_url":"https:\/\/i0.wp.com\/miradordeatarfe.es\/wp-content\/uploads\/2021\/07\/CIUDADAD.jpg?fit=1960%2C1196&ssl=1","jetpack_likes_enabled":true,"jetpack_sharing_enabled":true,"_links":{"self":[{"href":"https:\/\/miradordeatarfe.es\/index.php?rest_route=\/wp\/v2\/posts\/48497","targetHints":{"allow":["GET"]}}],"collection":[{"href":"https:\/\/miradordeatarfe.es\/index.php?rest_route=\/wp\/v2\/posts"}],"about":[{"href":"https:\/\/miradordeatarfe.es\/index.php?rest_route=\/wp\/v2\/types\/post"}],"author":[{"embeddable":true,"href":"https:\/\/miradordeatarfe.es\/index.php?rest_route=\/wp\/v2\/users\/1"}],"replies":[{"embeddable":true,"href":"https:\/\/miradordeatarfe.es\/index.php?rest_route=%2Fwp%2Fv2%2Fcomments&post=48497"}],"version-history":[{"count":1,"href":"https:\/\/miradordeatarfe.es\/index.php?rest_route=\/wp\/v2\/posts\/48497\/revisions"}],"predecessor-version":[{"id":48499,"href":"https:\/\/miradordeatarfe.es\/index.php?rest_route=\/wp\/v2\/posts\/48497\/revisions\/48499"}],"wp:featuredmedia":[{"embeddable":true,"href":"https:\/\/miradordeatarfe.es\/index.php?rest_route=\/wp\/v2\/media\/48498"}],"wp:attachment":[{"href":"https:\/\/miradordeatarfe.es\/index.php?rest_route=%2Fwp%2Fv2%2Fmedia&parent=48497"}],"wp:term":[{"taxonomy":"category","embeddable":true,"href":"https:\/\/miradordeatarfe.es\/index.php?rest_route=%2Fwp%2Fv2%2Fcategories&post=48497"},{"taxonomy":"post_tag","embeddable":true,"href":"https:\/\/miradordeatarfe.es\/index.php?rest_route=%2Fwp%2Fv2%2Ftags&post=48497"}],"curies":[{"name":"wp","href":"https:\/\/api.w.org\/{rel}","templated":true}]}}