{"id":48500,"date":"2021-07-14T11:02:22","date_gmt":"2021-07-14T09:02:22","guid":{"rendered":"http:\/\/miradordeatarfe.es\/?p=48500"},"modified":"2021-07-14T09:09:49","modified_gmt":"2021-07-14T07:09:49","slug":"fin-de-semana-pasado-por-agua-con-sorpreson-final-por-manuel-jimenez","status":"publish","type":"post","link":"https:\/\/miradordeatarfe.es\/?p=48500","title":{"rendered":"\u00abFIN DE SEMANA PASADO POR AGUA CON SORPRES\u00d3N FINAL\u00bb por Manuel Jim\u00e9nez"},"content":{"rendered":"<h3 align=\"JUSTIFY\"><span style=\"font-family: Arial, serif;\"><span style=\"font-size: medium;\">Este fin de semana la actividad de los deportistas atarfe\u00f1os dedicados a pruebas aer\u00f3bicas ha estado pasada por agua, con o sin carreras a pie de por medio. <\/span><\/span><\/h3>\n<p align=\"JUSTIFY\"><span style=\"font-family: Arial, serif;\"><span style=\"font-size: medium;\">Nos trasladamos en primer lugar a la playa de Santa Mar\u00eda del Mar en la capital gaditana. En plena Costa de la Luz ha tenido lugar el Campeonato de Andaluc\u00eda Infantil y Alev\u00edn de Acuatl\u00f3n coincidiendo con la disputa del II Acuatl\u00f3n de menores Tirabuz\u00f3n Ciudad de C\u00e1diz. La Escuela de Triatlon de Atarfe ha estado muy bien representada por Vera Ramos P\u00e9rez, actual campeona regional en las modalidades de Triatl\u00f3n y Duatl\u00f3n. En esta ocasi\u00f3n los triatletas se enfrentaban a sendas carreras a pie de 250 metros con 100 metros a nado entre medias. Vera ha clasificado en un meritorio tercer lugar cerrando as\u00ed una gran temporada donde ha crecido significativamente en todas las disciplinas fiel exponente del salto de calidad que se ha dado en el seno de la Escuela. <\/span><\/span><\/p>\n<p align=\"JUSTIFY\"><span style=\"font-family: Arial, serif;\"><span style=\"font-size: medium;\">Por su parte, Sandro Ramos P\u00e9rez toma parte en el acuatl\u00f3n Ciudad de C\u00e1diz en categor\u00eda benjam\u00edn aup\u00e1ndose tambi\u00e9n al tercer pelda\u00f1o del p\u00f3dium. <\/span><\/span><\/p>\n<p align=\"JUSTIFY\"><span style=\"font-family: Arial, serif;\"><span style=\"font-size: medium;\">Del Atl\u00e1ntico nos trasladamos a la playa interior de Cuevas del Campo en el pantano del Negrat\u00edn donde se disput\u00f3 el domingo la tercera etapa del Circuito Provincial de Traves\u00edas a nado. Gran actuaci\u00f3n de Candela Oliva Garc\u00eda del CDU Nataci\u00f3n Granada que con un gran crono de 22.53 se clasifica segunda de la general a tan solo tres segundos de la primera clasificada, a un ritmo de 1.32 el 100. Cuartos puestos tanto para Paula Jim\u00e9nez L\u00f3pez del Triclub Baby School en senior femenino (22\u00aa de la general con 30.12), Custodio Castro Aguilar del CDU Nataci\u00f3n Granada en M50 (55\u00ba, 27.28) y Manuel Puertas Cruz del Triatarfe en M60 (90\u00ba, 33.40). Completan actuaci\u00f3n atarfe\u00f1a Manuel Jim\u00e9nez Lara 8\u00ba M50 (81\u00ba, 32.11) y Antonio Oliva Esp\u00ednola 12\u00ba M50 (91\u00ba, 34.14). <\/span><\/span><\/p>\n<p align=\"JUSTIFY\"><a href=\"https:\/\/i0.wp.com\/miradordeatarfe.es\/wp-content\/uploads\/2021\/07\/IMG_0043.jpg?ssl=1\"><img data-recalc-dims=\"1\" loading=\"lazy\" decoding=\"async\" class=\"alignnone wp-image-48504 size-large\" src=\"https:\/\/i0.wp.com\/miradordeatarfe.es\/wp-content\/uploads\/2021\/07\/IMG_0043.jpg?resize=618%2C609&#038;ssl=1\" alt=\"\" width=\"618\" height=\"609\" srcset=\"https:\/\/i0.wp.com\/miradordeatarfe.es\/wp-content\/uploads\/2021\/07\/IMG_0043.jpg?resize=1024%2C1009&amp;ssl=1 1024w, https:\/\/i0.wp.com\/miradordeatarfe.es\/wp-content\/uploads\/2021\/07\/IMG_0043.jpg?resize=300%2C295&amp;ssl=1 300w, https:\/\/i0.wp.com\/miradordeatarfe.es\/wp-content\/uploads\/2021\/07\/IMG_0043.jpg?resize=768%2C756&amp;ssl=1 768w, https:\/\/i0.wp.com\/miradordeatarfe.es\/wp-content\/uploads\/2021\/07\/IMG_0043.jpg?w=1125&amp;ssl=1 1125w\" sizes=\"auto, (max-width: 618px) 100vw, 618px\" \/><\/a><\/p>\n<p align=\"JUSTIFY\"><span style=\"font-family: Arial, serif;\"><span style=\"font-size: medium;\">Y nos vamos ahora al Mediterr\u00e1neo a la Playa del Poniente en Almerimar (El Ejido) para dar cuenta de la participaci\u00f3n de otro miembro del Triclub Baby School y de la Escuela municipal de Triatlon, Samuel Montoro Navarrete que consigue un m\u00e1s que meritorio segundo puesto en la categor\u00eda Promoci\u00f3n Menores a tan solo 4 segundos del primer puesto, totalizando los 750 m del recorrido en 15.37. A su zaga, su mentor, Miguel Angel Montoro Mu\u00f1oz del SCB Team Silverback, clasifica en tercer lugar en Veterano A (9\u00ba de la general) con un tiempo de 27.52 para los 1.500 metros de singladura. <\/span><\/span><\/p>\n<p align=\"JUSTIFY\"><span style=\"font-family: Arial, serif;\"><span style=\"font-size: medium;\">Recuperamos finalmente una noticia que se nos hab\u00eda escapado en una anterior entrega semanal y es el primer puesto en el Triatlon de Baena en categor\u00eda juvenil de Elsa Molina Roz\u00faa del Tribaby School, otra perla sacada de la cantera de la Escuela de Triatlon local. <\/span><\/span><\/p>\n<p align=\"JUSTIFY\"><span style=\"font-family: Arial, serif;\"><span style=\"font-size: medium;\">Nos salimos del agua para informar sobre el Campeonato de Andaluc\u00eda Sub 18 celebrado en San Fernando (C\u00e1diz) donde el atleta del Ciudad Atarfe Pablo Lozano es 7\u00ba en disco con 30.93 y se queda en semis en 100 con 12.65. De otro lado, los atletas formados en la escuela de atletismo del Ciudad Atarfe, Angel Torres Villalba y Alejandro Vico Guzm\u00e1n son 6\u00ba (2.04.45) y 10\u00ba (2.05.74) respectivamente en el 800. <\/span><\/span><\/p>\n<p align=\"JUSTIFY\"><a href=\"https:\/\/i0.wp.com\/miradordeatarfe.es\/wp-content\/uploads\/2021\/07\/IMG_0041-1.jpg?ssl=1\"><img data-recalc-dims=\"1\" loading=\"lazy\" decoding=\"async\" class=\"alignnone wp-image-48505 size-large\" src=\"https:\/\/i0.wp.com\/miradordeatarfe.es\/wp-content\/uploads\/2021\/07\/IMG_0041-1.jpg?resize=618%2C608&#038;ssl=1\" alt=\"\" width=\"618\" height=\"608\" srcset=\"https:\/\/i0.wp.com\/miradordeatarfe.es\/wp-content\/uploads\/2021\/07\/IMG_0041-1.jpg?resize=1024%2C1008&amp;ssl=1 1024w, https:\/\/i0.wp.com\/miradordeatarfe.es\/wp-content\/uploads\/2021\/07\/IMG_0041-1.jpg?resize=300%2C295&amp;ssl=1 300w, https:\/\/i0.wp.com\/miradordeatarfe.es\/wp-content\/uploads\/2021\/07\/IMG_0041-1.jpg?resize=768%2C756&amp;ssl=1 768w, https:\/\/i0.wp.com\/miradordeatarfe.es\/wp-content\/uploads\/2021\/07\/IMG_0041-1.jpg?w=1125&amp;ssl=1 1125w\" sizes=\"auto, (max-width: 618px) 100vw, 618px\" \/><\/a><\/p>\n<p align=\"JUSTIFY\"><span style=\"font-family: Arial, serif;\"><span style=\"font-size: medium;\">Despedimos cr\u00f3nica con la sorpresa del fin de semana que no es otra que la selecci\u00f3n del fondista local Manuel Jim\u00e9nez L\u00f3pez para participar en el 26\u00ba Campeonato de Europa Sub 20 que tendr\u00e1 lugar en Tallin (Estonia) entre los d\u00edas 15 a 18 de julio. Manuel ser\u00e1 de la partida en la prueba de 3000 m lisos que disputar\u00e1 las series clasificatorias el jueves a las 17.00 horas y de conseguir pasar a la final la misma tendr\u00e1 lugar el s\u00e1bado a las 19.00 horas. Podremos seguir las evoluciones de Manuel a trav\u00e9s del Streaming de la organizaci\u00f3n en la p\u00e1gina web federativa. <\/span><\/span><\/p>\n<p align=\"JUSTIFY\"><a href=\"https:\/\/i0.wp.com\/miradordeatarfe.es\/wp-content\/uploads\/2021\/07\/IMG_0044.jpg?ssl=1\"><img data-recalc-dims=\"1\" loading=\"lazy\" decoding=\"async\" class=\"alignnone wp-image-48506 size-full\" src=\"https:\/\/i0.wp.com\/miradordeatarfe.es\/wp-content\/uploads\/2021\/07\/IMG_0044.jpg?resize=640%2C622&#038;ssl=1\" alt=\"\" width=\"640\" height=\"622\" srcset=\"https:\/\/i0.wp.com\/miradordeatarfe.es\/wp-content\/uploads\/2021\/07\/IMG_0044.jpg?w=1125&amp;ssl=1 1125w, https:\/\/i0.wp.com\/miradordeatarfe.es\/wp-content\/uploads\/2021\/07\/IMG_0044.jpg?resize=300%2C292&amp;ssl=1 300w, https:\/\/i0.wp.com\/miradordeatarfe.es\/wp-content\/uploads\/2021\/07\/IMG_0044.jpg?resize=1024%2C996&amp;ssl=1 1024w, https:\/\/i0.wp.com\/miradordeatarfe.es\/wp-content\/uploads\/2021\/07\/IMG_0044.jpg?resize=768%2C747&amp;ssl=1 768w\" sizes=\"auto, (max-width: 640px) 100vw, 640px\" \/><\/a><\/p>\n","protected":false},"excerpt":{"rendered":"<p>Este fin de semana la actividad de los deportistas atarfe\u00f1os dedicados a pruebas aer\u00f3bicas ha&#8230;<\/p>\n","protected":false},"author":1,"featured_media":48503,"comment_status":"closed","ping_status":"closed","sticky":false,"template":"","format":"standard","meta":{"_coblocks_attr":"","_coblocks_dimensions":"","_coblocks_responsive_height":"","_coblocks_accordion_ie_support":"","jetpack_post_was_ever_published":false,"_jetpack_newsletter_access":"","_jetpack_dont_email_post_to_subs":false,"_jetpack_newsletter_tier_id":0,"_jetpack_memberships_contains_paywalled_content":false,"_jetpack_memberships_contains_paid_content":false,"footnotes":"","jetpack_publicize_message":"","jetpack_publicize_feature_enabled":true,"jetpack_social_post_already_shared":false,"jetpack_social_options":{"image_generator_settings":{"template":"highway","default_image_id":0,"enabled":false},"version":2}},"categories":[2,182,6915,44,15],"tags":[81,85,123],"class_list":["post-48500","post","type-post","status-publish","format-standard","has-post-thumbnail","hentry","category-atarfe","category-deportes","category-opinion-de-manuel-jimenez","category-noticias-de-hoy","category-ultimas-noticias","tag-atarfe","tag-atletismo","tag-deportes"],"jetpack_publicize_connections":[],"jetpack_featured_media_url":"https:\/\/i0.wp.com\/miradordeatarfe.es\/wp-content\/uploads\/2021\/07\/IMG_0042.jpg?fit=1125%2C1105&ssl=1","jetpack_likes_enabled":true,"jetpack_sharing_enabled":true,"_links":{"self":[{"href":"https:\/\/miradordeatarfe.es\/index.php?rest_route=\/wp\/v2\/posts\/48500","targetHints":{"allow":["GET"]}}],"collection":[{"href":"https:\/\/miradordeatarfe.es\/index.php?rest_route=\/wp\/v2\/posts"}],"about":[{"href":"https:\/\/miradordeatarfe.es\/index.php?rest_route=\/wp\/v2\/types\/post"}],"author":[{"embeddable":true,"href":"https:\/\/miradordeatarfe.es\/index.php?rest_route=\/wp\/v2\/users\/1"}],"replies":[{"embeddable":true,"href":"https:\/\/miradordeatarfe.es\/index.php?rest_route=%2Fwp%2Fv2%2Fcomments&post=48500"}],"version-history":[{"count":2,"href":"https:\/\/miradordeatarfe.es\/index.php?rest_route=\/wp\/v2\/posts\/48500\/revisions"}],"predecessor-version":[{"id":48507,"href":"https:\/\/miradordeatarfe.es\/index.php?rest_route=\/wp\/v2\/posts\/48500\/revisions\/48507"}],"wp:featuredmedia":[{"embeddable":true,"href":"https:\/\/miradordeatarfe.es\/index.php?rest_route=\/wp\/v2\/media\/48503"}],"wp:attachment":[{"href":"https:\/\/miradordeatarfe.es\/index.php?rest_route=%2Fwp%2Fv2%2Fmedia&parent=48500"}],"wp:term":[{"taxonomy":"category","embeddable":true,"href":"https:\/\/miradordeatarfe.es\/index.php?rest_route=%2Fwp%2Fv2%2Fcategories&post=48500"},{"taxonomy":"post_tag","embeddable":true,"href":"https:\/\/miradordeatarfe.es\/index.php?rest_route=%2Fwp%2Fv2%2Ftags&post=48500"}],"curies":[{"name":"wp","href":"https:\/\/api.w.org\/{rel}","templated":true}]}}