{"id":48509,"date":"2021-07-20T17:39:26","date_gmt":"2021-07-20T15:39:26","guid":{"rendered":"https:\/\/miradordeatarfe.es\/?p=48509"},"modified":"2021-09-22T18:56:23","modified_gmt":"2021-09-22T16:56:23","slug":"la-realidad-y-los-tribunales-por-remedios-sanchez","status":"publish","type":"post","link":"https:\/\/miradordeatarfe.es\/?p=48509","title":{"rendered":"\u00abLA REALIDAD Y LOS TRIBUNALES\u00bb por Remedios S\u00e1nchez"},"content":{"rendered":"<p align=\"RIGHT\">\u00a0<\/p>\n<p align=\"JUSTIFY\"><span style=\"font-family: Times New Roman, serif;\"><span style=\"font-size: medium;\"><span lang=\"es-ES\">Y lleg\u00f3 el catorce de marzo, y se cerni\u00f3 sobre el mundo un manto de desconcierto, de angustia y de un luto tan amargo que reventaba de dolor los pechos y asfixiaba las gargantas en llanto. Fue entonces cuando la luz se apag\u00f3 con la misma brutalidad con la que se cercena una flor, precisamente las rosas m\u00e1s exquisitas de un jard\u00edn que, con la pureza de su blancor, alumbraban la existencia de cientos de miles de personas. Esas rosas se llamaban mam\u00e1, pap\u00e1, abuelo o abuela, hermano, hijo\u2026 y eran esenciales en cada hogar. M\u00e1s de ochenta mil, que se fueron de golpe, d\u00eda a d\u00eda, tronchadas en su esplendor, dejando un vac\u00edo inmenso, un universo de l\u00e1grimas que es oc\u00e9ano sin final concentrado en las pupilas de quienes busc\u00e1bamos respuesta al sinsentido de un virus semejante a las epidemias que anta\u00f1o asolaron Europa, Asia o Am\u00e9rica. Era todo inexplicable para nosotros que nos sent\u00edamos invencibles y, de pronto, vimos que \u00e9ramos agua en cestillo de mimbre. <\/span><\/span><\/span><\/p>\n<p align=\"JUSTIFY\"><span style=\"font-family: Times New Roman, serif;\"><span style=\"font-size: medium;\"><span lang=\"es-ES\">En resumen, que est\u00e1bamos ante algo que nadie comprend\u00eda bien, pero que el gobierno ten\u00eda la obligaci\u00f3n de frenar a cualquier precio porque tanta muerte, tanta desesperaci\u00f3n, era inasumible. Eso exactamente es lo que sucedi\u00f3 en marzo de 2014, cuando el Congreso de los Diputados de Espa\u00f1a declar\u00f3 el estado de alarma. \u201cLa realidad, s\u00ed, la realidad,\/ ese rel\u00e1mpago de lo invisible\/ que revela en nosotros la soledad de Dios\u201d, que escribiera la poeta argentina Olga Orozco homenajeando a Cernuda. Una realidad que hoy no entienden seis de los once jueces del Tribunal Constitucional que, ahora, han creado un problema al Estado con may\u00fasculas porque afirman que se restringieron los derechos de libertad de reuni\u00f3n y de circulaci\u00f3n a la ciudadan\u00eda entre marzo y junio. Imagino que se refieren al derecho a morir aislados en un hospital, o en una UCI entubados mientras los sanitarios se dejaban el alma. A ser mantenidos luego en congeladores, como el del Palacio del Hielo de Madrid, para que sus seres queridos los buscasen en un mar de ata\u00fades infinito cuando las circunstancias sanitarias lo permitieran. Si es que no hab\u00edan sido incinerados previamente, claro, y entregados a sus familiares en una urna tres meses despu\u00e9s. Sin funeral, sin un beso postrero. Sin nada.<\/span><\/span><\/span><\/p>\n<p align=\"JUSTIFY\"><span style=\"font-family: Times New Roman, serif;\"><span style=\"font-size: medium;\"><span lang=\"es-ES\">Exactamente eso es lo que han rubricado estos magistrados a posteriori, retorciendo la Constituci\u00f3n (art\u00edculo, 16, dicen), evidenciando que, a veces, tribunales, leyes y justicia son tres cosas distintas y distantes cuando la ideolog\u00eda se mete por medio. Es la constataci\u00f3n de un fracaso m\u00e1s, de que ni siquiera honramos a nuestros muertos con dignidad, habiendo tratado de proteger, dentro de lo que era posible, la vida. Algunos tuvimos la esperanza de salir de la pandemia m\u00e1s sabios, m\u00e1s unidos en nuestra fragilidad, m\u00e1s humanizados por nuestro sufrimiento compartido, pero es evidente que no. Que no hemos aprendido nada como sociedad, que la polarizaci\u00f3n nos ha podido a pesar de que, en aquel momento, el parlamento votara un\u00e1nimemente porque no quedaba otra para salvarnos, incluso del ego\u00edsmo de nosotros mismos. Esa es la verdad resumida para personas normales. \u201cLa realidad, s\u00ed, la realidad:\/un sello de clausura sobre todas las puertas del deseo\u201d ha propiciado que,<\/span><\/span><\/span> <span style=\"font-family: Times New Roman, serif;\"><span style=\"font-size: medium;\"><span lang=\"es-ES\">aunque sea con mascarilla, hoy muchos sigamos a\u00fan respirando mientras nuestros muertos observan tanta indignante torpeza desde m\u00e1s all\u00e1 de las estrellas.<\/span><\/span><\/span><\/p>\n<p align=\"JUSTIFY\">foto: Los 6 magistrados del TC que han declarado inconstitucional el estado de alarma. EP<\/p>\n","protected":false},"excerpt":{"rendered":"<p>\u00a0 Y lleg\u00f3 el catorce de marzo, y se cerni\u00f3 sobre el mundo un manto&#8230;<\/p>\n","protected":false},"author":1,"featured_media":48510,"comment_status":"closed","ping_status":"closed","sticky":false,"template":"","format":"standard","meta":{"_coblocks_attr":"","_coblocks_dimensions":"","_coblocks_responsive_height":"","_coblocks_accordion_ie_support":"","jetpack_post_was_ever_published":false,"_jetpack_newsletter_access":"","_jetpack_dont_email_post_to_subs":false,"_jetpack_newsletter_tier_id":0,"_jetpack_memberships_contains_paywalled_content":false,"_jetpack_memberships_contains_paid_content":false,"footnotes":"","jetpack_publicize_message":"","jetpack_publicize_feature_enabled":true,"jetpack_social_post_already_shared":false,"jetpack_social_options":{"image_generator_settings":{"template":"highway","default_image_id":0,"enabled":false},"version":2}},"categories":[1161,7149,44,7671,6914,6937,15],"tags":[1121],"class_list":["post-48509","post","type-post","status-publish","format-standard","has-post-thumbnail","hentry","category-ciudadania","category-coronavirus","category-noticias-de-hoy","category-politica","category-opinion-de-reme-sanchez","category-sociedad","category-ultimas-noticias","tag-tribunal-constitucional"],"jetpack_publicize_connections":[],"jetpack_featured_media_url":"https:\/\/i0.wp.com\/miradordeatarfe.es\/wp-content\/uploads\/2021\/07\/6.jpeg?fit=585%2C329&ssl=1","jetpack_likes_enabled":true,"jetpack_sharing_enabled":true,"_links":{"self":[{"href":"https:\/\/miradordeatarfe.es\/index.php?rest_route=\/wp\/v2\/posts\/48509","targetHints":{"allow":["GET"]}}],"collection":[{"href":"https:\/\/miradordeatarfe.es\/index.php?rest_route=\/wp\/v2\/posts"}],"about":[{"href":"https:\/\/miradordeatarfe.es\/index.php?rest_route=\/wp\/v2\/types\/post"}],"author":[{"embeddable":true,"href":"https:\/\/miradordeatarfe.es\/index.php?rest_route=\/wp\/v2\/users\/1"}],"replies":[{"embeddable":true,"href":"https:\/\/miradordeatarfe.es\/index.php?rest_route=%2Fwp%2Fv2%2Fcomments&post=48509"}],"version-history":[{"count":1,"href":"https:\/\/miradordeatarfe.es\/index.php?rest_route=\/wp\/v2\/posts\/48509\/revisions"}],"predecessor-version":[{"id":48511,"href":"https:\/\/miradordeatarfe.es\/index.php?rest_route=\/wp\/v2\/posts\/48509\/revisions\/48511"}],"wp:featuredmedia":[{"embeddable":true,"href":"https:\/\/miradordeatarfe.es\/index.php?rest_route=\/wp\/v2\/media\/48510"}],"wp:attachment":[{"href":"https:\/\/miradordeatarfe.es\/index.php?rest_route=%2Fwp%2Fv2%2Fmedia&parent=48509"}],"wp:term":[{"taxonomy":"category","embeddable":true,"href":"https:\/\/miradordeatarfe.es\/index.php?rest_route=%2Fwp%2Fv2%2Fcategories&post=48509"},{"taxonomy":"post_tag","embeddable":true,"href":"https:\/\/miradordeatarfe.es\/index.php?rest_route=%2Fwp%2Fv2%2Ftags&post=48509"}],"curies":[{"name":"wp","href":"https:\/\/api.w.org\/{rel}","templated":true}]}}