{"id":48512,"date":"2021-07-26T17:48:19","date_gmt":"2021-07-26T15:48:19","guid":{"rendered":"https:\/\/miradordeatarfe.es\/?p=48512"},"modified":"2021-07-26T18:37:32","modified_gmt":"2021-07-26T16:37:32","slug":"maldad-o-locura-por-francisco-l-rajoy-varela","status":"publish","type":"post","link":"https:\/\/miradordeatarfe.es\/?p=48512","title":{"rendered":"\u00bfMALDAD O LOCURA? por Francisco L. Rajoy Varela"},"content":{"rendered":"<h3 style=\"text-align: justify;\">Hace tiempo que me vengo planteando en c\u00f3mo enfocar este art\u00edculo. Y no es porque no se me ocurra nada, sencillamente pretendo que quien lo lea, sepa comprenderlo y no haya lugar a malas interpretaciones.<\/h3>\n<p style=\"text-align: justify;\">La opini\u00f3n que sostengo desde que ocurri\u00f3 la pandemia es que hubo un antes y ahora hay un despu\u00e9s. Es como si estuvi\u00e9semos asistiendo al final de un ciclo hist\u00f3rico y al nacimiento de uno nuevo, si repasamos la historia de la humanidad observaremos que hay muchos elementos coincidentes, y este fen\u00f3meno se traduce en la situaci\u00f3n de caos, des\u00e1nimo, tristeza, crispaci\u00f3n y un<br \/>\nlargo etc\u00e9tera de sensaciones negativas que estamos experimentando.<\/p>\n<p style=\"text-align: justify;\">Todo este c\u00famulo de sentimientos, hace que en la sociedad se est\u00e9n dando una serie de actitudes, incluso mucho antes de la pandemia y originadas incluso por una profunda crisis de valores. Por<br \/>\ndecirlo de alguna manera, la sociedad era ya un polvor\u00edn y el virus ha sido la cerilla que ha provocado que todo salte por los aires y salga lo peor de nosotros. Difiero de esos iluminados, de esos falsos profetas, que dijeron que la pandemia sacar\u00eda lo mejor de cada uno.<\/p>\n<p style=\"text-align: justify;\">S\u00ed, sacamos lo mejor al balc\u00f3n de nuestras casas, pero al bajar a la calle, m\u00e1s de lo mismo, sacamos la fiera que llevamos dentro, una cuadrilla de inconscientes, de irresponsables, de zafios y de imb\u00e9ciles. Siempre hay excepciones y afortunadamente no toda la gente es igual, aunque tambi\u00e9n, y no es menos cierto, son una minor\u00eda silenciosa.<\/p>\n<p style=\"text-align: justify;\">Por todo lo expuesto, me planteo la pregunta que encabeza este art\u00edculo, \u00bfmaldad o locura?<\/p>\n<p style=\"text-align: justify;\">Que la sociedad esta gravemente enferma en su esp\u00edritu y su mente es manifiesto, pero c\u00f3mo\u00a0 delimitar la frontera de la maldad y la locura, nada tan f\u00e1cil como acudir a la definici\u00f3n de una y otra. La maldad para la \u00e9tica es una condici\u00f3n negativa atribuida al ser humano que indica la ausencia de principios morales, bondad, caridad, empat\u00eda o afecto natural por el entorno y las personas que figuran en \u00e9l. La locura es el trastorno o perturbaci\u00f3n patol\u00f3gica de las facultades mentales o la acci\u00f3n imprudente, insensata o poco razonable que realiza una persona de forma irreflexiva o temeraria.<br \/>\nUna vez definidos ambos conceptos, la frontera entre un t\u00e9rmino y otro queda bastante claro.<\/p>\n<p style=\"text-align: justify;\">Recuerdo que en mis a\u00f1os de infancia y adolescencia en Atarfe, hab\u00eda personas que padec\u00edan trastornos mentales. Unos desaparec\u00edan del pueblo una temporada y volv\u00edan al cabo de un tiempo y<br \/>\nno recordaban donde hab\u00edan estado, otros, la mayor\u00eda, recurr\u00edan al suicidio, o se ahorcaban en los olivares o se arrojaban a las v\u00edas del tren. Pero jam\u00e1s, jam\u00e1s hicieron da\u00f1o ni a familiares, amigos o vecinos.<\/p>\n<p style=\"text-align: justify;\">Ahora bien, esta maldad a la que estamos asistiendo como espectadores estupefactos e indignados, la hab\u00edamos vivido de forma espor\u00e1dica. Ahora ha pasado a formar parte de nuestras vidas de forma bastante habitual, como si esta degradaci\u00f3n moral de muchos individuos formarse parte del paisaje habitual de nuestra convivencia.<br \/>\nLlevo habitando en este mundo bastantes, demasiados a\u00f1os y nunca hab\u00eda asistido a un espect\u00e1culo de tanta miseria moral del ser humano. Esto no es locura, esto es atravesar la l\u00ednea e instalarse en la maldad. Esto no es libertad, es un absoluto desprecio a la libertad y la vida de los dem\u00e1s. \u00bfPuede el ser humano ser m\u00e1s miserable y caer m\u00e1s bajo?<\/p>\n<p style=\"text-align: justify;\">Padres que matan a sus hijos, personas que matan a sus parejas, agresiones hom\u00f3fobas salvajes, individuos que bajo los efectos del alcohol y las drogas conducen un veh\u00edculo y matan a otro. Esto<br \/>\npor se\u00f1alar unos cuantos ejemplos de un largo etc\u00e9tera.Los animales matan por instinto de supervivencia, el ser humano mata por puro placer de hacerlo.No le veo otra explicaci\u00f3n m\u00e1s razonable ni m\u00e1s l\u00f3gica. Amparados en una falsa pol\u00edtica social y jur\u00eddica, se apela al respeto de los derechos humanos.<\/p>\n<p style=\"text-align: justify;\">Veamos, \u00bfno hemos vuelto imbeciles? Una persona que viola los derechos de otro, no tiene derecho a que se respeten los suyos. En el Antiguo Testamento se hace referencia a la ley del Tali\u00f3n, \u201cojo por ojo, diente por diente\u201d o el m\u00e1s reciente \u201cel que la hace la paga\u201d, de ah\u00ed hemos pasado a un sistema jur\u00eddico en el que todo el mundo es presuntamente inocente, hasta que no se demuestre lo contrario. Entre un extremo y otro hay un t\u00e9rmino medio donde dicen que se haya la virtud.<\/p>\n<p style=\"text-align: justify;\">Es inadmisible esta imbecilidad, esta hipocres\u00eda jur\u00eddica. Por poner un ejemplo, si el primero que mat\u00f3 a su mujer hubiese recibido un castigo ejemplar, el segundo ya se lo hubiese pensado dos<br \/>\nveces. Lo que es un asesinato lo consideran un homicidio. A lo que se a\u00f1aden las atenuantes de enajenaci\u00f3n mental transitoria, actuar bajos los efectos del alcohol y las drogas y otra serie de<br \/>\netiquetas. Ahora lo que ya es el descojone, que el juez ordene tu puesta en libertad siempre que te comprometas a no delinquir en un plazo de dos a\u00f1os. Si se\u00f1or\u00eda, con un par.<br \/>\nYa se pueden celebrar manifestaciones silenciosas, guardar minutos de silencio, efectuar siempre las mismas declaraciones pol\u00edticas de repulsa y condena de cara a la galer\u00eda que hasta que no se<br \/>\ngarantice un sistema jur\u00eddico justo y s\u00f3lido, esto ser\u00e1 el cuento de nunca acabar.<\/p>\n<p style=\"text-align: justify;\">Una verdad es incuestionable, por la que se lucha desde hace muchos siglos y no se acaba de consolidar en la sociedad, sin justicia social no habr\u00e1 igualdad.<br \/>\nFrancisco L. Rajoy Varela<br \/>\nprajoy55@gmail.com<\/p>\n<p>&nbsp;<\/p>\n<p>FOTO : AMERIDIA<\/p>\n","protected":false},"excerpt":{"rendered":"<p>Hace tiempo que me vengo planteando en c\u00f3mo enfocar este art\u00edculo. Y no es porque&#8230;<\/p>\n","protected":false},"author":1,"featured_media":48521,"comment_status":"closed","ping_status":"closed","sticky":false,"template":"","format":"standard","meta":{"_coblocks_attr":"","_coblocks_dimensions":"","_coblocks_responsive_height":"","_coblocks_accordion_ie_support":"","jetpack_post_was_ever_published":false,"_jetpack_newsletter_access":"","_jetpack_dont_email_post_to_subs":false,"_jetpack_newsletter_tier_id":0,"_jetpack_memberships_contains_paywalled_content":false,"_jetpack_memberships_contains_paid_content":false,"footnotes":"","jetpack_publicize_message":"","jetpack_publicize_feature_enabled":true,"jetpack_social_post_already_shared":false,"jetpack_social_options":{"image_generator_settings":{"template":"highway","default_image_id":0,"enabled":false},"version":2}},"categories":[1161,7167,44,6937,15],"tags":[8494,8495,749],"class_list":["post-48512","post","type-post","status-publish","format-standard","has-post-thumbnail","hentry","category-ciudadania","category-opinion-de-fco-luis-rajoy","category-noticias-de-hoy","category-sociedad","category-ultimas-noticias","tag-inocencia","tag-locura","tag-tribunal-de-justicia"],"jetpack_publicize_connections":[],"jetpack_featured_media_url":"https:\/\/i0.wp.com\/miradordeatarfe.es\/wp-content\/uploads\/2021\/07\/JUSR.jpg?fit=998%2C561&ssl=1","jetpack_likes_enabled":true,"jetpack_sharing_enabled":true,"_links":{"self":[{"href":"https:\/\/miradordeatarfe.es\/index.php?rest_route=\/wp\/v2\/posts\/48512","targetHints":{"allow":["GET"]}}],"collection":[{"href":"https:\/\/miradordeatarfe.es\/index.php?rest_route=\/wp\/v2\/posts"}],"about":[{"href":"https:\/\/miradordeatarfe.es\/index.php?rest_route=\/wp\/v2\/types\/post"}],"author":[{"embeddable":true,"href":"https:\/\/miradordeatarfe.es\/index.php?rest_route=\/wp\/v2\/users\/1"}],"replies":[{"embeddable":true,"href":"https:\/\/miradordeatarfe.es\/index.php?rest_route=%2Fwp%2Fv2%2Fcomments&post=48512"}],"version-history":[{"count":5,"href":"https:\/\/miradordeatarfe.es\/index.php?rest_route=\/wp\/v2\/posts\/48512\/revisions"}],"predecessor-version":[{"id":48523,"href":"https:\/\/miradordeatarfe.es\/index.php?rest_route=\/wp\/v2\/posts\/48512\/revisions\/48523"}],"wp:featuredmedia":[{"embeddable":true,"href":"https:\/\/miradordeatarfe.es\/index.php?rest_route=\/wp\/v2\/media\/48521"}],"wp:attachment":[{"href":"https:\/\/miradordeatarfe.es\/index.php?rest_route=%2Fwp%2Fv2%2Fmedia&parent=48512"}],"wp:term":[{"taxonomy":"category","embeddable":true,"href":"https:\/\/miradordeatarfe.es\/index.php?rest_route=%2Fwp%2Fv2%2Fcategories&post=48512"},{"taxonomy":"post_tag","embeddable":true,"href":"https:\/\/miradordeatarfe.es\/index.php?rest_route=%2Fwp%2Fv2%2Ftags&post=48512"}],"curies":[{"name":"wp","href":"https:\/\/api.w.org\/{rel}","templated":true}]}}