{"id":48524,"date":"2021-09-01T11:43:27","date_gmt":"2021-09-01T09:43:27","guid":{"rendered":"https:\/\/miradordeatarfe.es\/?p=48524"},"modified":"2021-08-27T19:57:14","modified_gmt":"2021-08-27T17:57:14","slug":"la-tormenta-por-fuencisla-moreno","status":"publish","type":"post","link":"https:\/\/miradordeatarfe.es\/?p=48524","title":{"rendered":"\u00abLA TORMENTA\u00bb por Fuencisla Moreno"},"content":{"rendered":"<h3 dir=\"auto\">RELATO EXTRAIDO DEL FACEBOOK DE FUENCISLA MORENO<\/h3>\n<div dir=\"auto\">\u00a0<\/div>\n<div dir=\"auto\" style=\"text-align: justify;\">El agua arrastraba todo cu\u00e1nto encontraba a su paso. Con furia buscaba viejas ramblas, hoy repletas de escombros y suciedad, sorteaba los obst\u00e1culos que el hombre hab\u00eda puesto en su camino e intentaba buscar el cauce seco de alg\u00fan r\u00edo o de alg\u00fan riachuelo de los que bajaban por las laderas de las monta\u00f1as y que, desde el principio de los tiempos, hab\u00edan recibido gustosos las lluvias que las tormentas de verano dejaban en el lugar.<\/div>\n<div dir=\"auto\" style=\"text-align: justify;\">\u00a0<\/div>\n<div dir=\"auto\" style=\"text-align: justify;\">Los rel\u00e1mpagos culebreaban por el cielo oscuro, denso, profundo&#8230; los truenos romp\u00edan la noche, la lluvia no dejaba de caer y el paisaje cambiaba r\u00e1pida y peligrosamente.<\/div>\n<div dir=\"auto\" style=\"text-align: justify;\">\u00a0<\/div>\n<div dir=\"auto\" style=\"text-align: justify;\">Los r\u00edos vieron aumentar su caudal, los arboles, arrancados violentamente de la tierra, iban a la deriva dejando trozos de su vida en aquel azaroso y tr\u00e1gico viaje. Los troncos y el follaje de las ramas taponaron los ojos de los puentes y el agua se embals\u00f3 anegando campos y sepultando pueblos.<\/div>\n<div dir=\"auto\" style=\"text-align: justify;\">\u00a0<\/div>\n<div dir=\"auto\" style=\"text-align: justify;\">Murieron animales.<\/div>\n<div dir=\"auto\" style=\"text-align: justify;\">Murieron personas.<\/div>\n<div dir=\"auto\" style=\"text-align: justify;\">Murieron las cosechas.<\/div>\n<div dir=\"auto\" style=\"text-align: justify;\">Muri\u00f3 el caracol de la sierra, la mariposa azul y la orqu\u00eddea salvaje.<\/div>\n<div dir=\"auto\" style=\"text-align: justify;\">\u00a0<\/div>\n<div dir=\"auto\" style=\"text-align: justify;\">Y pese al desastre, ni el agua ni la tormenta se sent\u00edan culpables de lo ocurrido.<\/div>\n<div dir=\"auto\">\u00a0<\/div>\n<div dir=\"auto\" style=\"text-align: justify;\">Muy alejado de all\u00ed, un grupo de expertos, protegidos y a salvo de tales peligros, se lamentaban de que aquella da\u00f1ina tormenta hubiera asolado tan f\u00e9rtil y prospera comarca y, mientras evaluaban da\u00f1os y buscaban soluciones, unas d\u00e9biles gotas de agua golpeaban el cristal de sus ventanas advirti\u00e9ndoles de algo que nunca iban a llegar a entender.<\/div>\n<div dir=\"auto\" style=\"text-align: justify;\">\u00a0<\/div>\n<div dir=\"auto\" style=\"text-align: justify;\">FUEMCISLA MORENO RUEDA<\/div>\n<div dir=\"auto\">(publicado en su facebook)<\/div>\n","protected":false},"excerpt":{"rendered":"<p>RELATO EXTRAIDO DEL FACEBOOK DE FUENCISLA MORENO \u00a0 El agua arrastraba todo cu\u00e1nto encontraba a&#8230;<\/p>\n","protected":false},"author":1,"featured_media":48525,"comment_status":"closed","ping_status":"closed","sticky":false,"template":"","format":"standard","meta":{"_coblocks_attr":"","_coblocks_dimensions":"","_coblocks_responsive_height":"","_coblocks_accordion_ie_support":"","jetpack_post_was_ever_published":false,"_jetpack_newsletter_access":"","_jetpack_dont_email_post_to_subs":false,"_jetpack_newsletter_tier_id":0,"_jetpack_memberships_contains_paywalled_content":false,"_jetpack_memberships_contains_paid_content":false,"footnotes":"","jetpack_publicize_message":"","jetpack_publicize_feature_enabled":true,"jetpack_social_post_already_shared":false,"jetpack_social_options":{"image_generator_settings":{"template":"highway","default_image_id":0,"enabled":false},"version":2}},"categories":[2949,9,44,6937,15],"tags":[99,4995],"class_list":["post-48524","post","type-post","status-publish","format-standard","has-post-thumbnail","hentry","category-opinion-de-fuencisla-moreno","category-medio-ambiente","category-noticias-de-hoy","category-sociedad","category-ultimas-noticias","tag-medio-ambiente","tag-tormenta"],"jetpack_publicize_connections":[],"jetpack_featured_media_url":"https:\/\/i0.wp.com\/miradordeatarfe.es\/wp-content\/uploads\/2021\/08\/TORMENTA.jpeg?fit=980%2C551&ssl=1","jetpack_likes_enabled":true,"jetpack_sharing_enabled":true,"_links":{"self":[{"href":"https:\/\/miradordeatarfe.es\/index.php?rest_route=\/wp\/v2\/posts\/48524","targetHints":{"allow":["GET"]}}],"collection":[{"href":"https:\/\/miradordeatarfe.es\/index.php?rest_route=\/wp\/v2\/posts"}],"about":[{"href":"https:\/\/miradordeatarfe.es\/index.php?rest_route=\/wp\/v2\/types\/post"}],"author":[{"embeddable":true,"href":"https:\/\/miradordeatarfe.es\/index.php?rest_route=\/wp\/v2\/users\/1"}],"replies":[{"embeddable":true,"href":"https:\/\/miradordeatarfe.es\/index.php?rest_route=%2Fwp%2Fv2%2Fcomments&post=48524"}],"version-history":[{"count":2,"href":"https:\/\/miradordeatarfe.es\/index.php?rest_route=\/wp\/v2\/posts\/48524\/revisions"}],"predecessor-version":[{"id":48527,"href":"https:\/\/miradordeatarfe.es\/index.php?rest_route=\/wp\/v2\/posts\/48524\/revisions\/48527"}],"wp:featuredmedia":[{"embeddable":true,"href":"https:\/\/miradordeatarfe.es\/index.php?rest_route=\/wp\/v2\/media\/48525"}],"wp:attachment":[{"href":"https:\/\/miradordeatarfe.es\/index.php?rest_route=%2Fwp%2Fv2%2Fmedia&parent=48524"}],"wp:term":[{"taxonomy":"category","embeddable":true,"href":"https:\/\/miradordeatarfe.es\/index.php?rest_route=%2Fwp%2Fv2%2Fcategories&post=48524"},{"taxonomy":"post_tag","embeddable":true,"href":"https:\/\/miradordeatarfe.es\/index.php?rest_route=%2Fwp%2Fv2%2Ftags&post=48524"}],"curies":[{"name":"wp","href":"https:\/\/api.w.org\/{rel}","templated":true}]}}