{"id":48532,"date":"2021-09-02T10:15:15","date_gmt":"2021-09-02T08:15:15","guid":{"rendered":"https:\/\/miradordeatarfe.es\/?p=48532"},"modified":"2021-08-30T17:44:18","modified_gmt":"2021-08-30T15:44:18","slug":"afganistan-duele","status":"publish","type":"post","link":"https:\/\/miradordeatarfe.es\/?p=48532","title":{"rendered":"AFGANISTAN DUELE"},"content":{"rendered":"<h3 style=\"text-align: justify;\">La historia juzgar\u00e1 estos momentos con la objetividad que se merecen, pero todo apunta a un grav\u00edsimo error.<\/h3>\n<p class=\"mce capitalize-first-letter\" style=\"text-align: justify;\">stamos asistiendo con horror a los acontecimientos derivados del acceso al poder de los talibanes en Afganist\u00e1n y estoy seguro que todos sentimos dolor, indignaci\u00f3n y una gran preocupaci\u00f3n.<\/p>\n<p class=\"mce\" style=\"text-align: justify;\">La retirada de Estados Unidos de Afganist\u00e1n y la forma en que se ha planteado parece poner en evidencia un enorme fallo de inteligencia militar, que puede tener unas consecuencias de enormes dimensiones. La historia juzgar\u00e1 estos momentos con la objetividad que se merecen, pero todo apunta a un grav\u00edsimo error.<\/p>\n<p class=\"mce\" style=\"text-align: justify;\">A\u00fan estamos bajo el impacto de las im\u00e1genes que nos muestran el miedo y la desesperaci\u00f3n de miles de afganos que quieren huir del pa\u00eds; tambi\u00e9n estamos inmersos en el dif\u00edcil proceso de repatriaci\u00f3n de los ciudadanos de los diferentes pa\u00edses presentes all\u00ed (Espa\u00f1a entre otros) y de los int\u00e9rpretes y otros ciudadanos afganos que han colaborado con las fuerzas militares en estos \u00faltimos a\u00f1os.<\/p>\n<p class=\"mce\" style=\"text-align: justify;\">Se avecina un aut\u00e9ntico desastre humanitario no s\u00f3lo en lo que supone de p\u00e9rdida de derechos y libertades (en especial en mujeres y ni\u00f1as), sino tambi\u00e9n en una eventual implosi\u00f3n de la econom\u00eda afgana, incremento de la pobreza y los consiguientes movimientos migratorios.<\/p>\n<p class=\"mce\" style=\"text-align: justify;\">En este contexto, adem\u00e1s, la pandemia causada por el Covid-19 tendr\u00e1 un enorme impacto pues habr\u00e1 un enorme caldo de cultivo favorable a la expansi\u00f3n del virus que afectar\u00e1 a miles de personas, que no podr\u00e1n recibir los cuidados sanitarios necesarios por no tener los m\u00ednimos requisitos de un sistema de salud.<\/p>\n<p class=\"mce\" style=\"text-align: justify;\">Es posible que haya un antes y un despu\u00e9s en los libros de historia cuando haya perspectiva para analizar estos dram\u00e1ticos acontecimientos. Y uno de los asuntos sobre los que seguramente nos debemos detener es el que se refiere a la incapacidad y a la dificultad de prevenir o actuar con eficacia frente a los totalitarismos. La crisis afgana pone de manifiesto lo f\u00e1cil que es dar pasos atr\u00e1s en relaci\u00f3n a los derechos humanos. Alguna autocr\u00edtica debieran hacer quienes apostaron por una pol\u00edtica de control en aquella zona del mundo, que los talibanes han demostrado fallida.<\/p>\n<p>JOS\u00c9 MART\u00cdNEZ OLMOS<\/p>\n<p>PUBLICADO EN GRANADA HOY : https:\/\/www.granadahoy.com\/opinion\/articulos\/Afganistan-duele_0_1603639734.html<\/p>\n<p>foto:<\/p>\n<div class=\"bbc-189y18v e57qer20\" dir=\"ltr\">\n<div class=\"bbc-1k5hvrj e1whu0\" data-e2e=\"image-placeholder\">\n<p class=\"bbc-1s1cxbv etq3yw90\" role=\"text\"><span lang=\"en-GB\">BOUSHRA ALMUTAWAKEL<\/span><\/p>\n<\/div>\n<\/div>\n<div class=\"bbc-3edg7g e57qer20\" dir=\"ltr\"><span class=\"bbc-1gnhmg2 e1yt7oin0\">Pie de foto,<\/span><\/p>\n<p>La obra, llamada \u00abMadre, hija y mu\u00f1eca\u00bb, fue creada en 2010.<\/p>\n<\/div>\n","protected":false},"excerpt":{"rendered":"<p>La historia juzgar\u00e1 estos momentos con la objetividad que se merecen, pero todo apunta a&#8230;<\/p>\n","protected":false},"author":1,"featured_media":48533,"comment_status":"closed","ping_status":"closed","sticky":false,"template":"","format":"standard","meta":{"_coblocks_attr":"","_coblocks_dimensions":"","_coblocks_responsive_height":"","_coblocks_accordion_ie_support":"","jetpack_post_was_ever_published":false,"_jetpack_newsletter_access":"","_jetpack_dont_email_post_to_subs":false,"_jetpack_newsletter_tier_id":0,"_jetpack_memberships_contains_paywalled_content":false,"_jetpack_memberships_contains_paid_content":false,"footnotes":"","jetpack_publicize_message":"","jetpack_publicize_feature_enabled":true,"jetpack_social_post_already_shared":false,"jetpack_social_options":{"image_generator_settings":{"template":"highway","default_image_id":0,"enabled":false},"version":2}},"categories":[1161,44,7671,6937,15],"tags":[2667,24],"class_list":["post-48532","post","type-post","status-publish","format-standard","has-post-thumbnail","hentry","category-ciudadania","category-noticias-de-hoy","category-politica","category-sociedad","category-ultimas-noticias","tag-afganistan","tag-sociedad"],"jetpack_publicize_connections":[],"jetpack_featured_media_url":"https:\/\/i0.wp.com\/miradordeatarfe.es\/wp-content\/uploads\/2021\/08\/120092072_sinttulo.jpg?fit=640%2C360&ssl=1","jetpack_likes_enabled":true,"jetpack_sharing_enabled":true,"_links":{"self":[{"href":"https:\/\/miradordeatarfe.es\/index.php?rest_route=\/wp\/v2\/posts\/48532","targetHints":{"allow":["GET"]}}],"collection":[{"href":"https:\/\/miradordeatarfe.es\/index.php?rest_route=\/wp\/v2\/posts"}],"about":[{"href":"https:\/\/miradordeatarfe.es\/index.php?rest_route=\/wp\/v2\/types\/post"}],"author":[{"embeddable":true,"href":"https:\/\/miradordeatarfe.es\/index.php?rest_route=\/wp\/v2\/users\/1"}],"replies":[{"embeddable":true,"href":"https:\/\/miradordeatarfe.es\/index.php?rest_route=%2Fwp%2Fv2%2Fcomments&post=48532"}],"version-history":[{"count":1,"href":"https:\/\/miradordeatarfe.es\/index.php?rest_route=\/wp\/v2\/posts\/48532\/revisions"}],"predecessor-version":[{"id":48534,"href":"https:\/\/miradordeatarfe.es\/index.php?rest_route=\/wp\/v2\/posts\/48532\/revisions\/48534"}],"wp:featuredmedia":[{"embeddable":true,"href":"https:\/\/miradordeatarfe.es\/index.php?rest_route=\/wp\/v2\/media\/48533"}],"wp:attachment":[{"href":"https:\/\/miradordeatarfe.es\/index.php?rest_route=%2Fwp%2Fv2%2Fmedia&parent=48532"}],"wp:term":[{"taxonomy":"category","embeddable":true,"href":"https:\/\/miradordeatarfe.es\/index.php?rest_route=%2Fwp%2Fv2%2Fcategories&post=48532"},{"taxonomy":"post_tag","embeddable":true,"href":"https:\/\/miradordeatarfe.es\/index.php?rest_route=%2Fwp%2Fv2%2Ftags&post=48532"}],"curies":[{"name":"wp","href":"https:\/\/api.w.org\/{rel}","templated":true}]}}