{"id":48556,"date":"2021-09-02T11:03:42","date_gmt":"2021-09-02T09:03:42","guid":{"rendered":"http:\/\/miradordeatarfe.es\/?p=48556"},"modified":"2023-10-21T10:35:07","modified_gmt":"2023-10-21T08:35:07","slug":"la-muralla-de-medina-elvira-por-jose-enrique-granados","status":"publish","type":"post","link":"https:\/\/miradordeatarfe.es\/?p=48556","title":{"rendered":"\u00abLA MURALLA DE MEDINA ELVIRA\u00bb por Jos\u00e9 Enrique Granados"},"content":{"rendered":"<div dir=\"auto\">\n<h3 dir=\"auto\" style=\"text-align: justify;\">En octubre de 2005, IDEAL se hac\u00eda eco del importante hallazgo de la puerta y muralla de la alcazaba elvirense. Tres lustros m\u00e1s tarde, algo se ha avanzado, pero no lo suficiente. Y el parque arqueol\u00f3gico visitable, una entelequia.\u00a0<\/h3>\n<h3 dir=\"auto\" style=\"text-align: justify;\">Transcribimos a continuaci\u00f3n el art\u00edculo de Juan Luis Tapia.<\/h3>\n<div dir=\"auto\" style=\"text-align: justify;\">\u00a0<\/div>\n<div dir=\"auto\" style=\"text-align: justify;\">Descubiertas la puerta y muralla de la Alcazaba de Medina Elvira<\/div>\n<div dir=\"auto\" style=\"text-align: justify;\">\u00abEsto s\u00f3lo es la punta del iceberg\u00bb, coment\u00f3 uno de los historiadores que trabaja en las excavaciones de Medina Elvira, un espacio arqueol\u00f3gico de m\u00e1s de 300 hect\u00e1reas. Han aparecido los restos de la puerta y muralla exterior de la Alcazaba en la zona conocida como \u2018Los caballitos del rey\u2019. El descubrimiento fue de manera casual. Un incendio en unos pinares puso al descubierto la hilera de piedras que mostraba los restos de las defensas de la Alcazaba. Se trata de una muralla del siglo VIII construida con dos muros y a modo de lo que se llama \u2018muro a saco\u2019. La construcci\u00f3n salva un desnivel de un 20%. \u00abLa muralla continuar\u00eda a lo largo del per\u00edmetro de la Alcazaba, en cuya zona alta se encontr\u00f3 la vivienda del vig\u00eda\u00bb, indica el director de las excavaciones y catedr\u00e1tico de Historia Medieval, Antonio Malpica. \u00abLa puerta, tiene dos torres, y comunicar\u00eda la zona alta con la baja de la ciudad\u00bb, a\u00f1ade. \u00abGracias al descubrimiento de esta muralla podremos delimitar el espacio de la Alcazaba\u00bb, se\u00f1ala Malpica. La construcci\u00f3n defensiva \u00abtendr\u00eda 2,80 metros de grosor y encima de ella habr\u00eda un tapial, aunque la altura a\u00fan es pronto para determinarla\u00bb, dice el arque\u00f3logo. La importancia de este yacimiento le viene dada como \u00fanico espacio en el que se puede estudiar c\u00f3mo fueron los iniciales asentamientos \u00e1rabes en Hispania. \u00abEstamos ante una ciudad de la primera \u00e9poca de Al-\u00c1ndalus\u00bb, indica Malpica. Medina Elvira tiene dos partes bien diferenciadas, la Alcazaba, que se encontrar\u00eda en la zona alta del Cerro del Sombrerete, y una exterior que est\u00e1 en el \u00e1rea inferior. \u00abEntre la Alcazaba y la ciudad, las dos de enormes dimensiones, se encuentra la mezquita mayor\u00bb, comenta el especialista. \u00bfC\u00f3mo era la sociedad de este primer asentamiento \u00e1rabe del siglo VIII? \u00abEs una organizaci\u00f3n social extensa, enormes familias con lazos de parentesco importantes, que hacen que haya grupos familiares de quinientas personas, que habitan un espacio, que se diferencian entre s\u00ed con \u00e1reas vac\u00edas, de ah\u00ed que la ciudad ocupe 300 hect\u00e1reas\u00bb, indica el medievalista. Se trata de un modelo de ocupaci\u00f3n que se reproduce en otros lugares de Oriente.\u00a0<\/div>\n<div dir=\"auto\" style=\"text-align: justify;\">Familias andalus\u00edes\u00a0<\/div>\n<div dir=\"auto\" style=\"text-align: justify;\">Este asentamiento confirma que \u00ablos \u00e1rabes llegaron a Hispania y que no se trat\u00f3 de un ej\u00e9rcito que ocupa un espacio y controla una poblaci\u00f3n existente, sino que se trata de gentes que vienen de fuera y organizan su sociedad en Hispania, creando Al-\u00c1ndalus\u00bb. Es en la zona alta donde se han descubierto grandes grupos de viviendas separadas unas de otras, de construcci\u00f3n rudimentaria, lo que demostrar\u00eda esa divisi\u00f3n social en grandes grupos familiares. El proceso de asentamiento se produjo desde el siglo VIII al X. \u00abMedina Elvira es la clave de ese proceso, que se inicia en el siglo VIII mediante alquer\u00edas y grupos aislados, y en el siglo IX, con la creaci\u00f3n de la Alcazaba por Abderram\u00e1n II se produce la configuraci\u00f3n total de la ciudad\u00bb. La intenci\u00f3n del equipo de investigaci\u00f3n que dirige Malpica consiste en \u00abmostrar c\u00f3mo viv\u00eda la gente normal, qu\u00e9 organizaci\u00f3n social ten\u00edan, lo que no pueden poner al descubierto las fuentes escritas sino la arqueolog\u00eda, y narrar la vida de los verdaderos protagonistas de la historia, que son los seres humanos y no un grupo de poder\u00bb. El equipo del medievalista ha abordado una primera fase de las excavaciones, que se iniciaron a finales de agosto y que concluir\u00e1 en noviembre. Pero el proyecto total responde a un programa de seis a\u00f1os. \u00abEn esta primera fase lo que pretendemos es mostrar las posibilidades arqueol\u00f3gicas de la zona a trav\u00e9s de la Alcazaba, la zona de la Mezquita, la ciudad y un sistema defensivo, para seguir la secuencia de Medina Elvira\u00bb, se\u00f1ala Malpica. Durante los trabajos en el yacimiento se han descubierto de manera fortuita varias inscripciones \u00e1rabes en diferentes piedras del terreno. En una de ellas aparece el nombre de Al\u00e1, \u00ablo que podr\u00eda ser una forma de bendecir la piedra por parte del cantero o una ocultaci\u00f3n morisca\u00bb, se\u00f1ala Malpica. \u00abEl terreno \u2013a\u00f1ade\u2013 est\u00e1 cuajado de inscripciones, algunas de ellas con signos que podr\u00edan tener un origen bereber, aunque hay que estudiarlas\u00bb. Antonio Malpica destaca las \u00abenormes\u00bb expectativas cient\u00edficas que han levantado estas excavaciones, \u00abde tal manera que estamos a la espera de poder realizar una serie de convenios con distintas universidades para que puedan intervenir en Medina Elvira centros de Siena, Venecia, Bolonia, Varsovia y centros de Portugal\u00bb. El plan contempla la consolidaci\u00f3n de los restos y su conversi\u00f3n en un parque arqueol\u00f3gico visitable, un proyecto en el que ha empezado a trabajar el Ayuntamiento de Atarfe. \u00abColegiales de Atarfe podr\u00e1n visitar pr\u00f3ximamente esta muralla, pero tendremos que mejorar los accesos a la zona alta debido a lo escarpado del terreno\u00bb, indica la concejal atarfe\u00f1a Fuillerat.<\/div>\n<div dir=\"auto\">\u00a0<\/div>\n<div dir=\"auto\">Curiosidades elvirenses.<\/div>\n<\/div>\n","protected":false},"excerpt":{"rendered":"<p>En octubre de 2005, IDEAL se hac\u00eda eco del importante hallazgo de la puerta y&#8230;<\/p>\n","protected":false},"author":1,"featured_media":48557,"comment_status":"closed","ping_status":"closed","sticky":false,"template":"","format":"standard","meta":{"_coblocks_attr":"","_coblocks_dimensions":"","_coblocks_responsive_height":"","_coblocks_accordion_ie_support":"","jetpack_post_was_ever_published":false,"_jetpack_newsletter_access":"","_jetpack_dont_email_post_to_subs":false,"_jetpack_newsletter_tier_id":0,"_jetpack_memberships_contains_paywalled_content":false,"_jetpack_memberships_contains_paid_content":false,"footnotes":"","jetpack_publicize_message":"","jetpack_publicize_feature_enabled":true,"jetpack_social_post_already_shared":false,"jetpack_social_options":{"image_generator_settings":{"template":"highway","default_image_id":0,"enabled":false},"version":2}},"categories":[1225,38,5359,10431],"tags":[79,8502],"class_list":["post-48556","post","type-post","status-publish","format-standard","has-post-thumbnail","hentry","category-ha-de-atarfe","category-opinion-de-jose-enrique-granados","category-madinat-ilbira","category-medina-elvira-2","tag-medina-elvira","tag-muralla"],"jetpack_publicize_connections":[],"jetpack_featured_media_url":"https:\/\/i0.wp.com\/miradordeatarfe.es\/wp-content\/uploads\/2021\/08\/FB_IMG_1629296274852.jpg?fit=1080%2C715&ssl=1","jetpack_likes_enabled":true,"jetpack_sharing_enabled":true,"_links":{"self":[{"href":"https:\/\/miradordeatarfe.es\/index.php?rest_route=\/wp\/v2\/posts\/48556","targetHints":{"allow":["GET"]}}],"collection":[{"href":"https:\/\/miradordeatarfe.es\/index.php?rest_route=\/wp\/v2\/posts"}],"about":[{"href":"https:\/\/miradordeatarfe.es\/index.php?rest_route=\/wp\/v2\/types\/post"}],"author":[{"embeddable":true,"href":"https:\/\/miradordeatarfe.es\/index.php?rest_route=\/wp\/v2\/users\/1"}],"replies":[{"embeddable":true,"href":"https:\/\/miradordeatarfe.es\/index.php?rest_route=%2Fwp%2Fv2%2Fcomments&post=48556"}],"version-history":[{"count":1,"href":"https:\/\/miradordeatarfe.es\/index.php?rest_route=\/wp\/v2\/posts\/48556\/revisions"}],"predecessor-version":[{"id":48558,"href":"https:\/\/miradordeatarfe.es\/index.php?rest_route=\/wp\/v2\/posts\/48556\/revisions\/48558"}],"wp:featuredmedia":[{"embeddable":true,"href":"https:\/\/miradordeatarfe.es\/index.php?rest_route=\/wp\/v2\/media\/48557"}],"wp:attachment":[{"href":"https:\/\/miradordeatarfe.es\/index.php?rest_route=%2Fwp%2Fv2%2Fmedia&parent=48556"}],"wp:term":[{"taxonomy":"category","embeddable":true,"href":"https:\/\/miradordeatarfe.es\/index.php?rest_route=%2Fwp%2Fv2%2Fcategories&post=48556"},{"taxonomy":"post_tag","embeddable":true,"href":"https:\/\/miradordeatarfe.es\/index.php?rest_route=%2Fwp%2Fv2%2Ftags&post=48556"}],"curies":[{"name":"wp","href":"https:\/\/api.w.org\/{rel}","templated":true}]}}