{"id":48565,"date":"2021-09-01T10:58:36","date_gmt":"2021-09-01T08:58:36","guid":{"rendered":"http:\/\/miradordeatarfe.es\/?p=48565"},"modified":"2021-09-02T11:24:30","modified_gmt":"2021-09-02T09:24:30","slug":"el-atarfe-encarrila-su-pase-a-semifinales-4-0-en-la-copa-de-andalucia","status":"publish","type":"post","link":"https:\/\/miradordeatarfe.es\/?p=48565","title":{"rendered":"El Atarfe encarrila su pase a semifinales, 4-0 en la COPA DE ANDALUCIA"},"content":{"rendered":"<div id=\"columna1y2portada\">\n<div class=\"bloque_short\">\n<h4 style=\"text-align: justify;\">Los blanquiverdes fueron muy superiores al Beg\u00edjar y casi sentenciaron la eliminatoria de cuartos en la Copa Andaluc\u00eda<\/h4>\n<p style=\"text-align: justify;\">El Atarfe Industrial dio un paso de gigante para lograr el pase a las semifinales de la Copa de Andaluc\u00eda tras golear por 4-0 al Beg\u00edjar.<\/p>\n<p style=\"text-align: justify;\">Los atarfe\u00f1os fueron muy superiores desde el primer minuto y mostraron sus credenciales para la temporada en Divisi\u00f3n de Honor.\u00a0<\/p>\n<p style=\"text-align: justify;\">El equipo blanquiverde sali\u00f3 muy enchufado al partido y vio como r\u00e1pidamente logr\u00f3 adelantarse en el marcador, una mala cesi\u00f3n del Beg\u00edjar la intercept\u00f3 Marcos Toro que bati\u00f3 al cancerbero jienense Emilio. El Atarfe segu\u00eda mandando en el partido y no tardar\u00eda mucho en llegar el segundo tanto, fue en el minuto 14 cuando Migue Mole\u00f3n logr\u00f3 el segundo tanto, tras otro error defensivo del conjunto jienense.<\/p>\n<p style=\"text-align: justify;\">El cojunto entrenado por Jes\u00fas Sierra sigui\u00f3 mandando en la primera mitad ante un Beg\u00edjar que en ning\u00fan momento se encontr\u00f3 c\u00f3modo. Al descanso se lleg\u00f3 con la c\u00f3moda ventaja del conjunto local.\u00a0<\/p>\n<p style=\"text-align: justify;\">En el inicio de la segunda mitad, el Beg\u00edjar quiso meterle una marcha m\u00e1s al partido y los primeros compases fueron de dominiovisitante, pero fue un espejismo porque r\u00e1pidamente el Atarfe volvi\u00f3 a hacerse con el control del partido. A pesar de que los locales segu\u00edan dominando, el partido en esta segunda mitad estuvo m\u00e1s igualado.<\/p>\n<p style=\"text-align: justify;\">En el minuto 67, el Atarfe estir\u00f3 m\u00e1s su renta al se\u00f1alar el colegiado penalti a favor de los granadinos. Salmi derrib\u00f3 a \u00c1lex Pareja y la pena m\u00e1xima se encarg\u00f3 de transformarla Migue Mole\u00f3n. Con el marcador tan abultado y el calor del mes de agosto hizo que partido decayese con el Atarfe que dominaba el bal\u00f3n pero no creaba peligro.<\/p>\n<p style=\"text-align: justify;\">En el tramo final se anim\u00f3 el partido y en el minuto 90, el Beg\u00edjar tuvo su oportunidad para meterse en la eliminatoria, el bal\u00f3n le lleg\u00f3 a Paco Quiles, que dispar\u00f3 y el bal\u00f3n lo rechaz\u00f3 \u00c1ngel, qued\u00e1ndose el bal\u00f3n suelto dentro del \u00e1rea, pero afortunadamente Najib fue el m\u00e1s r\u00e1pido y pudo enviar el esf\u00e9rico a c\u00f3rner.<\/p>\n<p style=\"text-align: justify;\">El Beg\u00edjar perdon\u00f3 y en el minuto 92 el Atarfe le dio una estocada cad\u00ed definitiva a la eliminatoria tras una buena jugada de Migue Castillo por banda derecha que centr\u00f3 y Andr\u00e9s desde dentro del \u00e1rea remat\u00f3 a la red.\u00a0<\/p>\n<p style=\"text-align: justify;\">foto: El Atarfe gole\u00f3 al Beg\u00edjar (ATARFE INDUSTRIAL)<\/p>\n<p>https:\/\/www.granadaenjuego.com\/atarfe-industrial-<\/p>\n<\/div>\n<\/div>\n","protected":false},"excerpt":{"rendered":"<p>Los blanquiverdes fueron muy superiores al Beg\u00edjar y casi sentenciaron la eliminatoria de cuartos en&#8230;<\/p>\n","protected":false},"author":1,"featured_media":48566,"comment_status":"closed","ping_status":"closed","sticky":false,"template":"","format":"standard","meta":{"_coblocks_attr":"","_coblocks_dimensions":"","_coblocks_responsive_height":"","_coblocks_accordion_ie_support":"","jetpack_post_was_ever_published":false,"_jetpack_newsletter_access":"","_jetpack_dont_email_post_to_subs":false,"_jetpack_newsletter_tier_id":0,"_jetpack_memberships_contains_paywalled_content":false,"_jetpack_memberships_contains_paid_content":false,"footnotes":"","jetpack_publicize_message":"","jetpack_publicize_feature_enabled":true,"jetpack_social_post_already_shared":false,"jetpack_social_options":{"image_generator_settings":{"template":"highway","default_image_id":0,"enabled":false},"version":2}},"categories":[2,182,44,15],"tags":[4389,123],"class_list":["post-48565","post","type-post","status-publish","format-standard","has-post-thumbnail","hentry","category-atarfe","category-deportes","category-noticias-de-hoy","category-ultimas-noticias","tag-atarfe-industrial-c-f","tag-deportes"],"jetpack_publicize_connections":[],"jetpack_featured_media_url":"https:\/\/i0.wp.com\/miradordeatarfe.es\/wp-content\/uploads\/2021\/08\/imagen44755_0_ppal.jpg?fit=450%2C376&ssl=1","jetpack_likes_enabled":true,"jetpack_sharing_enabled":true,"_links":{"self":[{"href":"https:\/\/miradordeatarfe.es\/index.php?rest_route=\/wp\/v2\/posts\/48565","targetHints":{"allow":["GET"]}}],"collection":[{"href":"https:\/\/miradordeatarfe.es\/index.php?rest_route=\/wp\/v2\/posts"}],"about":[{"href":"https:\/\/miradordeatarfe.es\/index.php?rest_route=\/wp\/v2\/types\/post"}],"author":[{"embeddable":true,"href":"https:\/\/miradordeatarfe.es\/index.php?rest_route=\/wp\/v2\/users\/1"}],"replies":[{"embeddable":true,"href":"https:\/\/miradordeatarfe.es\/index.php?rest_route=%2Fwp%2Fv2%2Fcomments&post=48565"}],"version-history":[{"count":1,"href":"https:\/\/miradordeatarfe.es\/index.php?rest_route=\/wp\/v2\/posts\/48565\/revisions"}],"predecessor-version":[{"id":48567,"href":"https:\/\/miradordeatarfe.es\/index.php?rest_route=\/wp\/v2\/posts\/48565\/revisions\/48567"}],"wp:featuredmedia":[{"embeddable":true,"href":"https:\/\/miradordeatarfe.es\/index.php?rest_route=\/wp\/v2\/media\/48566"}],"wp:attachment":[{"href":"https:\/\/miradordeatarfe.es\/index.php?rest_route=%2Fwp%2Fv2%2Fmedia&parent=48565"}],"wp:term":[{"taxonomy":"category","embeddable":true,"href":"https:\/\/miradordeatarfe.es\/index.php?rest_route=%2Fwp%2Fv2%2Fcategories&post=48565"},{"taxonomy":"post_tag","embeddable":true,"href":"https:\/\/miradordeatarfe.es\/index.php?rest_route=%2Fwp%2Fv2%2Ftags&post=48565"}],"curies":[{"name":"wp","href":"https:\/\/api.w.org\/{rel}","templated":true}]}}