{"id":48568,"date":"2021-09-03T09:07:18","date_gmt":"2021-09-03T07:07:18","guid":{"rendered":"http:\/\/miradordeatarfe.es\/?p=48568"},"modified":"2021-09-03T09:57:10","modified_gmt":"2021-09-03T07:57:10","slug":"ateos-y-no-creyentes-registran-su-maximo-historico-y-rozan-ya-el-39-de-la-poblacion","status":"publish","type":"post","link":"https:\/\/miradordeatarfe.es\/?p=48568","title":{"rendered":"Ateos y no creyentes registran su m\u00e1ximo hist\u00f3rico y rozan ya el 39% de la poblaci\u00f3n"},"content":{"rendered":"<h2 id=\"m69-68-70\" style=\"text-align: justify;\">El \u00faltimo avance del CIS certifica el descenso sin precedentes de cat\u00f3licos, mientras que quienes se declaran no religiosos triplican ya los registros de hace apenas dos d\u00e9cadas.<\/h2>\n<div class=\"article-text\">\n<p id=\"m126-125-127\" class=\"pb-article-item-iteration\" style=\"text-align: justify;\"><b>El catolicismo pierde fuelle social<\/b>, en una sangr\u00eda constante desde hace d\u00e9cadas, que se refleja de forma inequ\u00edvoca en los bar\u00f3metros mensuales del Centro de Investigaciones Sociol\u00f3gicas (CIS). <a title=\"Datos del CIS mes de julio 2021\" href=\"http:\/\/datos.cis.es\/pdf\/Es3332marMT_A.pdf\" target=\"_blank\" rel=\"noopener\">El avance de resultados de julio<\/a> ha vuelto a arrojar un nuevo m\u00e1ximo hist\u00f3rico de personas no religiosas en Espa\u00f1a, que ya representan el <b>38,7% de la poblaci\u00f3n.<\/b> Desde principios de a\u00f1o, en apenas siete meses, el segmento de no creyentes se ha incrementado en<b> 4,5 puntos<\/b>. Si persiste la intensidad de esta progresi\u00f3n, en poco m\u00e1s de un a\u00f1o, la sociedad espa\u00f1ola no religiosa habr\u00e1 superado claramente a los creyentes y traspasar\u00e1 por primera vez en su historia <b>el simb\u00f3lico umbral del 50%.<\/b><\/p>\n<p id=\"m131-1-132\" class=\"pb-article-item-iteration\" style=\"text-align: justify;\">El informe n\u00famero <b>3332 del CIS <\/b>tambi\u00e9n refleja un m\u00ednimo hist\u00f3rico de cat\u00f3licos practicantes, cuyo porcentaje cae por primera vez al <b>16,7%<\/b>. El registro representa un desplome de tres puntos en solo siete meses. Los cat\u00f3licos no practicantes (39,9%) tambi\u00e9n retroceden con respecto a enero pasado (41,6%) pero se quedan a <b>1,2 puntos <\/b>de su peor registro de mayo (38,7%).<\/p>\n<p id=\"m136-2-137\" class=\"pb-article-item-iteration\" style=\"text-align: justify;\">Examinados en perspectiva, los datos de julio pasado revelan un deterioro imparable de la religiosidad en Espa\u00f1a. En el a\u00f1o <b>2000<\/b>, el grupo de personas no religiosas apenas alcanzaba el <b>13,1% de la poblaci\u00f3n<\/b>. Es decir, el n\u00famero de ateos, agn\u00f3sticos o no creyentes se ha triplicado en apenas dos d\u00e9cadas. Los cat\u00f3licos entonces (83,1%) exhib\u00edan todav\u00eda un protagonismo social <b>hegem\u00f3nico<\/b>, aunque, si bien, los practicantes representaban una minor\u00eda de ese grupo (21%). Diez a\u00f1os despu\u00e9s, en 2010, la poblaci\u00f3n no religiosa ya hab\u00eda experimentado un salto notable. Se increment\u00f3 en <b>7,1 puntos <\/b>hasta situarse en el <b>20,2%<\/b> de los espa\u00f1oles. Desde entonces, el descreimiento religioso no ha hecho sino aumentar de forma sostenida mes a mes.<\/p>\n<p id=\"m141-3-142\" class=\"pb-article-item-iteration\" style=\"text-align: justify;\">En la franja de<b> 18 a 34 a\u00f1os<\/b>, los datos son particularmente abrumadores: el<b> 60% se declara no religioso<\/b>, mientras que solo <b>el 30% dice sentirse cat\u00f3lico<\/b>. Todo indica, por tanto, que el proceso de secularizaci\u00f3n en los pr\u00f3ximos a\u00f1os se intensificar\u00e1 notablemente. Espa\u00f1a se acerca cada vez m\u00e1s al perfil europeo. Un estudio de la Universidad de <b>St. Mary de Londres,<\/b> realizado entre <b>2014 y 2016,<\/b> constat\u00f3 que en doce pa\u00edses del continente la mayor\u00eda de los j\u00f3venes ya no eran creyentes. La <b>Rep\u00fablica Checa<\/b> lideraba entonces el ranking de los incr\u00e9dulos, con una cuota del<b> 91%<\/b>. Polonia, en cambio, era el pa\u00eds m\u00e1s religioso, con tan solo un<b> 17% de ateos y agn\u00f3sticos<\/b>.<\/p>\n<div id=\"sc_intxt_container\" style=\"text-align: justify;\">\n<div>\n<div id=\"sc_ava_companion\" class=\"sc_intxt_hided\">\u00a0<\/div>\n<\/div>\n<\/div>\n<p id=\"m151-5-152\" class=\"pb-article-item-iteration\" style=\"text-align: justify;\">El te\u00f3logo <b>Juan Jos\u00e9 Tamayo <\/b>asegura que los datos del CIS son \u00ab<b>reveladores<\/b>\u00bb del profundo cambio que afronta la sociedad en las \u00faltimas d\u00e9cadas. La religi\u00f3n ha perdido su funci\u00f3n social y cultural. La modernidad y la ciencia la est\u00e1n <b>arrinconando<\/b>\u00ab, reflexiona. En su opini\u00f3n, la religi\u00f3n se ha reducido a un \u00ab<b>fen\u00f3meno emocional<\/b>\u00bb incapaz de competir con el \u00ab<b>car\u00e1cter cognitivo\u00bb<\/b> y \u00ab<b>racional<\/b>\u00bb del pensamiento contempor\u00e1neo.<\/p>\n<p id=\"m156-6-157\" class=\"pb-article-item-iteration\" style=\"text-align: justify;\">A todo ello hay que a\u00f1adir, abunda Tamayo, la falta de presencia de los dirigentes religiosos en los grandes problemas sociales que preocupan hoy a la humanidad. \u00ab<b>Las instituciones eclesi\u00e1sticas<\/b> est\u00e1n dando respuestas del pasado a preguntas del presente\u00bb, argumenta de manera gr\u00e1fica. \u00abSi l<b>as religiones<\/b> siguen recluy\u00e9ndose en su propio \u00e1mbito\u00bb, razona el te\u00f3logo, \u00aby no est\u00e1n atentas a los desaf\u00edos de hoy, su irrelevancia social ser\u00e1 cada vez mayor. Son las propias instituciones las que se est\u00e1n haciendo el harakiri\u00bb.<\/p>\n<p id=\"m161-7-162\" class=\"pb-article-item-iteration\" style=\"text-align: justify;\">Para el presidente de Europa Laica, Juanjo Pic\u00f3, la ca\u00edda de la religiosidad es \u00ab<b>brutal<\/b>\u00bb con respecto a los registros de hace tan solo dos d\u00e9cadas. Y avisa: \u00abCada a\u00f1o batimos la m\u00e1xima hist\u00f3rica\u00bb. Desde su \u00f3ptica, la secularizaci\u00f3n est\u00e1 activada por la modernidad, la adopci\u00f3n de nuevos h\u00e1bitos sociales y el desfase del magisterio religioso, que \u00abya no responde a <b>la sociedad de su tiempo<\/b>\u00ab. Pic\u00f3 se refiere espec\u00edficamente a cuestiones relacionadas con los anticonceptivos, el divorcio, las relaciones prematrimoniales, la cuaresma o las bodas, cuyos preceptos \u00abya no cumplen ni siquiera <b>los cat\u00f3licos<\/b>\u00ab.<\/p>\n<p id=\"m166-8-167\" class=\"pb-article-item-iteration\" style=\"text-align: justify;\">\u00abLos elementos dogm\u00e1ticos de la religi\u00f3n\u00bb, argumenta el presidente de <a title=\"La Europa Laica\" href=\"https:\/\/laicismo.org\/categoria\/raiz\/europa_laica\" target=\"_blank\" rel=\"noopener\">Europa Laica<\/a>, <b>\u00abvan contra la raz\u00f3n\u00bb<\/b>. \u00abY, en la modernidad, la raz\u00f3n y la ciencia priman sobre la fe. La religi\u00f3n ya no es <b>un c\u00f3digo de referencia<\/b>\u00ab, zanja. Otros factores tambi\u00e9n refuerzan el escepticismo religioso, seg\u00fan Pic\u00f3, como han sido todos estos a\u00f1os el esc\u00e1ndalo de la pederastia o la controversia de las inmatriculaciones, \u00abque contravienen claramente el <b>mensaje evang\u00e9lico<\/b>\u00ab.<\/p>\n<p id=\"m171-9-172\" class=\"pb-article-item-iteration\" style=\"text-align: justify;\">Ahora bien: el evidente corrimiento sociol\u00f3gico detectado desde hace a\u00f1os por todos los sondeos de opini\u00f3n, \u00bfempujar\u00e1 al Gobierno a profundizar en la <b>laicidad del Estado?<\/b> Tanto Tamayo como Juanjo Pic\u00f3 se muestran esc\u00e9pticos al respecto. Los hechos demuestran que ni los ejecutivos conservadores ni los progresistas han tomado decisiones de calado para acomodar la realidad social a <b>la legislaci\u00f3n vigente<\/b>.<\/p>\n<p id=\"m176-10-177\" class=\"pb-article-item-iteration\" style=\"text-align: justify;\">\u00abEstoy muy cansado ya de las promesas del PSOE\u00bb, admite sin circunloquios el conocido te\u00f3logo, autor de una <a title=\"Biograf\u00eda Juan Jose Tamayo\" href=\"https:\/\/www.casadellibro.com\/libros-ebooks\/juan-jose-tamayo\/38787\" target=\"_blank\" rel=\"noopener\">prol\u00edfica <b>obra ensay\u00edstica<\/b><\/a>. \u00abCuando est\u00e1 en la oposici\u00f3n defiende posiciones laicistas propias de su tradici\u00f3n pol\u00edtica, pero luego en el Gobierno mantiene los privilegios de la Iglesia cat\u00f3lica, que, en mi opini\u00f3n, son claramente inconstitucionales y van en contra del principio de igualdad. Todos los Gobiernos han sido rehenes de <b>la jerarqu\u00eda cat\u00f3lica<\/b>\u00ab, lamenta.<\/p>\n<p id=\"m181-11-182\" class=\"pb-article-item-iteration\" style=\"text-align: justify;\">El presidente <b>Rodr\u00edguez Zapatero<\/b> enterr\u00f3 su proyecto de Ley de Libertad de Conciencia en 2010 por temor a perder votos, seg\u00fan recuerda <b>Tamayo.<\/b> Y el te\u00f3logo advierte: \u00abEsa pol\u00edtica de concesiones a la jerarqu\u00eda cat\u00f3lica, esa pervivencia del <b>nacionalcatolicismo<\/b> no solo no le da votos sino que les hace perderlos por los <b>sectores progresistas<\/b>\u00ab.<\/p>\n<p id=\"m186-12-187\" class=\"pb-article-item-iteration\" style=\"text-align: justify;\">El presidente de Europa Laica no es mucho m\u00e1s optimista. Juanjo Pic\u00f3 considera que las fuerzas pol\u00edticas no tienen en su agenda \u00abhacer efectivo lo que ya existe en la calle\u00bb para que la <b>secularizaci\u00f3n social<\/b> se convierta en ley. \u00abEl <b>PSOE<\/b> no solo ha incumplido sus continuos compromisos de derogar los <a title=\"Texto del BOE.\" href=\"https:\/\/www.boe.es\/buscar\/doc.php?id=BOE-A-1979-29490\" target=\"_blank\" rel=\"noopener\">Acuerdos con la Santa Sede<\/a>\u00ab, lamenta, \u00absino que ahora en su pr\u00f3ximo congreso habla de revisarlos en consenso con la <b>Iglesia cat\u00f3lica<\/b>. Es decir, que va a compartir la soberan\u00eda del Estado con la c\u00fapula eclesi\u00e1stica. Y eso significa mantener sus privilegios o extenderlos a otras confesiones, en un multiconfesionalismo que va en contra de <b>la Constituci\u00f3n<\/b>\u00ab.<\/p>\n<p id=\"m191-13-192\" class=\"pb-article-item-iteration\" style=\"text-align: justify;\">Con todo, los datos desagregados de la franja m\u00e1s joven despejan el horizonte no muy lejano. \u00ab<b>La juventud<\/b> de hoy son los dirigentes de ma\u00f1ana y ser\u00e1n m\u00e1s proclives a aceptar cambios razonables\u00b7, argumenta Pic\u00f3. Aunque subraya: \u00abNo es cuesti\u00f3n de esperar otra generaci\u00f3n m\u00e1s. De hecho, ya se han organizado funerales de Estado civiles y se ha cambiado la toma de posesi\u00f3n del Consejo de Ministros [sin crucifijos] y no ha pasado nada. Se podr\u00eda avanzar en otras cuestiones simb\u00f3licas y en temas de <b>fiscalidad,<\/b> financiaci\u00f3n o la religi\u00f3n en las escuelas. La uni\u00f3n del trono y el altar no debe seguir en simbiosis como en el Antiguo R\u00e9gimen. <b>Es una cuesti\u00f3n de democracia<\/b>\u00ab.<\/p>\n<p><a href=\"https:\/\/www.publico.es\/author\/aristoteles-moreno\">Arist\u00f3teles Moreno<\/a><a class=\"twitter\" href=\"https:\/\/twitter.com\/aristotelesMV\" target=\"_blank\" rel=\"noopener\">@aristotelesMV<\/a><\/p>\n<\/div>\n","protected":false},"excerpt":{"rendered":"<p>El \u00faltimo avance del CIS certifica el descenso sin precedentes de cat\u00f3licos, mientras que quienes&#8230;<\/p>\n","protected":false},"author":1,"featured_media":48569,"comment_status":"closed","ping_status":"closed","sticky":false,"template":"","format":"standard","meta":{"_coblocks_attr":"","_coblocks_dimensions":"","_coblocks_responsive_height":"","_coblocks_accordion_ie_support":"","jetpack_post_was_ever_published":false,"_jetpack_newsletter_access":"","_jetpack_dont_email_post_to_subs":false,"_jetpack_newsletter_tier_id":0,"_jetpack_memberships_contains_paywalled_content":false,"_jetpack_memberships_contains_paid_content":false,"footnotes":"","jetpack_publicize_message":"","jetpack_publicize_feature_enabled":true,"jetpack_social_post_already_shared":false,"jetpack_social_options":{"image_generator_settings":{"template":"highway","default_image_id":0,"enabled":false},"version":2}},"categories":[1161,44,7671,6937,15],"tags":[1555,23],"class_list":["post-48568","post","type-post","status-publish","format-standard","has-post-thumbnail","hentry","category-ciudadania","category-noticias-de-hoy","category-politica","category-sociedad","category-ultimas-noticias","tag-ateos","tag-religion"],"jetpack_publicize_connections":[],"jetpack_featured_media_url":"https:\/\/i0.wp.com\/miradordeatarfe.es\/wp-content\/uploads\/2021\/08\/612900287a494.jpeg?fit=990%2C660&ssl=1","jetpack_likes_enabled":true,"jetpack_sharing_enabled":true,"_links":{"self":[{"href":"https:\/\/miradordeatarfe.es\/index.php?rest_route=\/wp\/v2\/posts\/48568","targetHints":{"allow":["GET"]}}],"collection":[{"href":"https:\/\/miradordeatarfe.es\/index.php?rest_route=\/wp\/v2\/posts"}],"about":[{"href":"https:\/\/miradordeatarfe.es\/index.php?rest_route=\/wp\/v2\/types\/post"}],"author":[{"embeddable":true,"href":"https:\/\/miradordeatarfe.es\/index.php?rest_route=\/wp\/v2\/users\/1"}],"replies":[{"embeddable":true,"href":"https:\/\/miradordeatarfe.es\/index.php?rest_route=%2Fwp%2Fv2%2Fcomments&post=48568"}],"version-history":[{"count":1,"href":"https:\/\/miradordeatarfe.es\/index.php?rest_route=\/wp\/v2\/posts\/48568\/revisions"}],"predecessor-version":[{"id":48570,"href":"https:\/\/miradordeatarfe.es\/index.php?rest_route=\/wp\/v2\/posts\/48568\/revisions\/48570"}],"wp:featuredmedia":[{"embeddable":true,"href":"https:\/\/miradordeatarfe.es\/index.php?rest_route=\/wp\/v2\/media\/48569"}],"wp:attachment":[{"href":"https:\/\/miradordeatarfe.es\/index.php?rest_route=%2Fwp%2Fv2%2Fmedia&parent=48568"}],"wp:term":[{"taxonomy":"category","embeddable":true,"href":"https:\/\/miradordeatarfe.es\/index.php?rest_route=%2Fwp%2Fv2%2Fcategories&post=48568"},{"taxonomy":"post_tag","embeddable":true,"href":"https:\/\/miradordeatarfe.es\/index.php?rest_route=%2Fwp%2Fv2%2Ftags&post=48568"}],"curies":[{"name":"wp","href":"https:\/\/api.w.org\/{rel}","templated":true}]}}