{"id":48575,"date":"2021-09-01T09:21:04","date_gmt":"2021-09-01T07:21:04","guid":{"rendered":"http:\/\/miradordeatarfe.es\/?p=48575"},"modified":"2021-08-30T18:26:02","modified_gmt":"2021-08-30T16:26:02","slug":"aula-permanente-de-formacion-para-personas-mayores-en-la-ugr","status":"publish","type":"post","link":"https:\/\/miradordeatarfe.es\/?p=48575","title":{"rendered":"AULA PERMANENTE DE FORMACI\u00d3N PARA PERSONAS MAYORES EN LA UGR"},"content":{"rendered":"<h3 style=\"text-align: justify;\">Presentamos la programaci\u00f3n del APFA para el pr\u00f3ximo curso acad\u00e9mico 2021\/2022, en Granada y sus sedes.<\/h3>\n<div class=\"newscontent\" style=\"text-align: justify;\">\n<div class=\"content_doku\">\n<p>Un programa abierto a<strong><em> toda persona mayor de cincuenta a\u00f1os que tenga curiosidad, ganas de aprender y el af\u00e1n de seguir creciendo intelectual y personalmente<\/em><\/strong>. Sin necesidad de pruebas de acceso, sin l\u00edmite de permanencia, cualquiera que sea su bagaje acad\u00e9mico y profesional previo, y con un programa de becas para que el aspecto econ\u00f3mico no suponga un escollo para acceder a \u00e9l.<\/p>\n<p>Este programa no s\u00f3lo ofrece un enriquecimiento a nivel formativo, sin duda esencial en un programa universitario; sino que tambi\u00e9n procura la mejora del bienestar personal y de las relaciones sociales de nuestros estudiantes, aut\u00e9nticos expertos en poner Vida, con may\u00fascula, a los a\u00f1os.<\/p>\n<p>La programaci\u00f3n se ha dise\u00f1ado pensando en su impartici\u00f3n de forma presencial siempre que las condiciones de seguridad para nuestro alumnado y profesorado as\u00ed lo permitan.<\/p>\n<p>Los programas est\u00e1n sujetos a cambios imprevistos de \u00faltima hora. Pr\u00f3ximamente estar\u00e1n disponibles los libros con toda la informaci\u00f3n.<\/p>\n<\/div>\n<\/div>\n<div class=\"newsfile\"><span class=\"label\"><span class=\"title-file-attached etiqueta\"><strong>Ficheros adjuntos<\/strong><\/span><\/span><\/p>\n<ul class=\"file-list\">\n<li id=\"pc5f64ee2b083c2bdf9358b5f7872db1ae\" class=\"\" style=\"text-align: justify;\"><a class=\"\" href=\"http:\/\/apfa.ugr.es\/pages\/tablon\/*\/novedades\/avance-de-la-programacion-20212022\/downloadfile\/pc5f64ee2b083c2bdf9358b5f7872db1ae\">Ceuta-21-22.pdf<\/a><\/li>\n<li id=\"jjd060cad34752fb441d54e55a0b698aee\" class=\"\" style=\"text-align: justify;\"><a class=\"\" href=\"http:\/\/apfa.ugr.es\/pages\/tablon\/*\/novedades\/avance-de-la-programacion-20212022\/downloadfile\/jjd060cad34752fb441d54e55a0b698aee\">Baza-21-22.pdf<\/a><\/li>\n<li id=\"gr8e7170cd5e93bccf1e8233970e2ce7b4\" class=\"\" style=\"text-align: justify;\"><a class=\"\" href=\"http:\/\/apfa.ugr.es\/pages\/tablon\/*\/novedades\/avance-de-la-programacion-20212022\/downloadfile\/gr8e7170cd5e93bccf1e8233970e2ce7b4\">Granada-21-22-primer-ciclo.pdf<\/a><\/li>\n<li id=\"rta2efb8c22172dd03befce6b967f2dc3a\" class=\"\" style=\"text-align: justify;\"><a class=\"\" href=\"http:\/\/apfa.ugr.es\/pages\/tablon\/*\/novedades\/avance-de-la-programacion-20212022\/downloadfile\/rta2efb8c22172dd03befce6b967f2dc3a\">Granada-21-22-segundo-ciclo.pdf<\/a><\/li>\n<li id=\"rve6b6609747fb40f690b6c8f907ccc6d6\" class=\"\" style=\"text-align: justify;\"><a class=\"\" href=\"http:\/\/apfa.ugr.es\/pages\/tablon\/*\/novedades\/avance-de-la-programacion-20212022\/downloadfile\/rve6b6609747fb40f690b6c8f907ccc6d6\">Guadix-21-22.pdf<\/a><\/li>\n<li id=\"hi0a285055fb85ccfdb3b7acd9cdd0e48f\" class=\"\" style=\"text-align: justify;\"><a class=\"\" href=\"http:\/\/apfa.ugr.es\/pages\/tablon\/*\/novedades\/avance-de-la-programacion-20212022\/downloadfile\/hi0a285055fb85ccfdb3b7acd9cdd0e48f\">Melilla-21-22.pdf<\/a><\/li>\n<li id=\"zhc058c7a2605d4493db0d3696d6df5ed2\" class=\"\" style=\"text-align: justify;\"><a class=\"\" href=\"http:\/\/apfa.ugr.es\/pages\/tablon\/*\/novedades\/avance-de-la-programacion-20212022\/downloadfile\/zhc058c7a2605d4493db0d3696d6df5ed2\">Granada-21-22-optativas-especiales.pdf<\/a><\/li>\n<\/ul>\n<\/div>\n<p>&nbsp;<\/p>\n<div class=\"newsfile\">\n<p>&nbsp;<\/p>\n<\/div>\n","protected":false},"excerpt":{"rendered":"<p>Presentamos la programaci\u00f3n del APFA para el pr\u00f3ximo curso acad\u00e9mico 2021\/2022, en Granada y sus&#8230;<\/p>\n","protected":false},"author":1,"featured_media":48578,"comment_status":"closed","ping_status":"closed","sticky":false,"template":"","format":"standard","meta":{"_coblocks_attr":"","_coblocks_dimensions":"","_coblocks_responsive_height":"","_coblocks_accordion_ie_support":"","jetpack_post_was_ever_published":false,"_jetpack_newsletter_access":"","_jetpack_dont_email_post_to_subs":false,"_jetpack_newsletter_tier_id":0,"_jetpack_memberships_contains_paywalled_content":false,"_jetpack_memberships_contains_paid_content":false,"footnotes":"","jetpack_publicize_message":"","jetpack_publicize_feature_enabled":true,"jetpack_social_post_already_shared":false,"jetpack_social_options":{"image_generator_settings":{"template":"highway","default_image_id":0,"enabled":false},"version":2}},"categories":[1161,44,6920,15,10],"tags":[8506,2213],"class_list":["post-48575","post","type-post","status-publish","format-standard","has-post-thumbnail","hentry","category-ciudadania","category-noticias-de-hoy","category-tecnologia","category-ultimas-noticias","category-salud","tag-formacion-permanente","tag-ugr"],"jetpack_publicize_connections":[],"jetpack_featured_media_url":"https:\/\/i0.wp.com\/miradordeatarfe.es\/wp-content\/uploads\/2021\/09\/Avance-de-la-Programacion-2021_2022.jpeg.jpg?fit=183%2C137&ssl=1","jetpack_likes_enabled":true,"jetpack_sharing_enabled":true,"_links":{"self":[{"href":"https:\/\/miradordeatarfe.es\/index.php?rest_route=\/wp\/v2\/posts\/48575","targetHints":{"allow":["GET"]}}],"collection":[{"href":"https:\/\/miradordeatarfe.es\/index.php?rest_route=\/wp\/v2\/posts"}],"about":[{"href":"https:\/\/miradordeatarfe.es\/index.php?rest_route=\/wp\/v2\/types\/post"}],"author":[{"embeddable":true,"href":"https:\/\/miradordeatarfe.es\/index.php?rest_route=\/wp\/v2\/users\/1"}],"replies":[{"embeddable":true,"href":"https:\/\/miradordeatarfe.es\/index.php?rest_route=%2Fwp%2Fv2%2Fcomments&post=48575"}],"version-history":[{"count":2,"href":"https:\/\/miradordeatarfe.es\/index.php?rest_route=\/wp\/v2\/posts\/48575\/revisions"}],"predecessor-version":[{"id":48577,"href":"https:\/\/miradordeatarfe.es\/index.php?rest_route=\/wp\/v2\/posts\/48575\/revisions\/48577"}],"wp:featuredmedia":[{"embeddable":true,"href":"https:\/\/miradordeatarfe.es\/index.php?rest_route=\/wp\/v2\/media\/48578"}],"wp:attachment":[{"href":"https:\/\/miradordeatarfe.es\/index.php?rest_route=%2Fwp%2Fv2%2Fmedia&parent=48575"}],"wp:term":[{"taxonomy":"category","embeddable":true,"href":"https:\/\/miradordeatarfe.es\/index.php?rest_route=%2Fwp%2Fv2%2Fcategories&post=48575"},{"taxonomy":"post_tag","embeddable":true,"href":"https:\/\/miradordeatarfe.es\/index.php?rest_route=%2Fwp%2Fv2%2Ftags&post=48575"}],"curies":[{"name":"wp","href":"https:\/\/api.w.org\/{rel}","templated":true}]}}