{"id":48663,"date":"2021-09-05T11:25:28","date_gmt":"2021-09-05T09:25:28","guid":{"rendered":"https:\/\/miradordeatarfe.es\/?p=48663"},"modified":"2021-09-13T11:30:09","modified_gmt":"2021-09-13T09:30:09","slug":"talibanes-por-alberto-granados","status":"publish","type":"post","link":"https:\/\/miradordeatarfe.es\/?p=48663","title":{"rendered":"\u00abTALIBANES\u00bb por Alberto Granados"},"content":{"rendered":"<h3 class=\"has-text-align-justify has-black-color has-text-color has-medium-font-size\" style=\"text-align: justify;\" data-adtags-visited=\"true\">Occidente, nuestro \u00e1mbito cultural, siente como incuestionable su sistema de pensamiento, sus valores, su modelo cultural e ideol\u00f3gico.<\/h3>\n<p class=\"has-text-align-justify has-black-color has-text-color has-medium-font-size\" style=\"text-align: justify;\" data-adtags-visited=\"true\">Todos aceptamos, en mayor o menor medida, que no hay otro modelo pol\u00edtico v\u00e1lido que la democracia representativa; desconfiamos de los estados teocr\u00e1ticos y nos repelen los usos y costumbres vinculados a lo m\u00e1s rancio del Islam cuando se interpreta en su literalidad medieval. Todos tenemos el alma en vilo al ver que en Afganist\u00e1n se impone una vez m\u00e1s el r\u00e9gimen talib\u00e1n, con sus degollinas, lapidaciones y represi\u00f3n a las mujeres (en cuesti\u00f3n de horas ya han sido apartadas de las universidades).<\/p>\n<p class=\"has-text-align-justify has-black-color has-text-color has-medium-font-size\" style=\"text-align: justify;\" data-adtags-visited=\"true\">\u00a0\u00a0\u00a0\u00a0\u00a0\u00a0\u00a0\u00a0\u00a0 La palabra\u00a0<em>talib\u00e1n<\/em>\u00a0ha sufrido un severo cambio sem\u00e1ntico: de ser un sustantivo que designa a los miembros de cierta tendencia musulmana (<em>Perteneciente o relativo a un movimiento integrista musulm\u00e1n surgido de una escuela cor\u00e1nica pakistan\u00ed y desarrollado en Afganist\u00e1n<\/em>, seg\u00fan el DRAE) ha pasado a usarse preferentemente como adjetivo (Fan\u00e1tico\u00a0intransigente, segunda acepci\u00f3n del mismo corpus sem\u00e1ntico). Prensa y redes suelen mencionar el car\u00e1cter\u00a0<em>talib\u00e1n<\/em>\u00a0de los l\u00edderes de VOX, por ejemplo.<\/p>\n<p class=\"has-text-align-justify has-black-color has-text-color has-medium-font-size\" style=\"text-align: justify;\" data-adtags-visited=\"true\">\u00a0\u00a0\u00a0\u00a0\u00a0\u00a0\u00a0\u00a0\u00a0 A primera vista, podr\u00eda parecer que los principios talibanes no pueden calar en la vieja Europa ni el resto de Occidente. Pero nuestra historia no est\u00e1 exenta de intolerancia, ni nuestro presente inmediato es tan inocente como nos gustar\u00eda asumir sin problemas de conciencia. Hay muchos hechos que han sucedido en nuestra vieja Europa y que, pese a escandalizarnos en su momento, se han convertido en una especie de rutina macabra que terminamos por asumir como la dichosa excepci\u00f3n que confirma la regla de nuestra civilizada convivencia. Es decir, el conformismo termina por echar abajo nuestro modelo un\u00e1nimemente aceptado como el \u00fanico posible y deseable.<\/p>\n<p class=\"has-text-align-justify has-black-color has-text-color has-medium-font-size\" style=\"text-align: justify;\" data-adtags-visited=\"true\">\u00a0\u00a0\u00a0\u00a0\u00a0\u00a0\u00a0\u00a0\u00a0 En julio de 1995 (ha hecho solo 26 a\u00f1os), los serbio-bosnios aplicaron una (una m\u00e1s) limpieza \u00e9tnica en Srebrenica, que mat\u00f3 a 8.000 bosnios de religi\u00f3n musulmana. El impulsor, Ratko Mladic, no se parece en nada a los talibanes enfundados en chalecos que la televisi\u00f3n y la prensa gr\u00e1fica nos muestran estos d\u00edas, pero su actitud no fue menos intransigente o fan\u00e1tica que la de los barbudos isl\u00e1micos afganos.<\/p>\n<p class=\"has-text-align-justify has-black-color has-text-color has-medium-font-size\" style=\"text-align: justify;\" data-adtags-visited=\"true\">\u00a0\u00a0\u00a0\u00a0\u00a0\u00a0\u00a0\u00a0\u00a0 Los reg\u00edmenes totalitarios m\u00e1s crueles no nacieron fuera de las fronteras europeas: Stalin, Hitler, Mussolini, Tito o Franco tambi\u00e9n inundaron Europa de fusilados o condenados a perecer en los eufem\u00edsticamente llamados campos de trabajo. Mi generaci\u00f3n vivi\u00f3 con horror juvenil situaciones como la guerra de Vietnam o vimos erigir el vergonzoso muro de Berl\u00edn y supimos de la verg\u00fcenza del\u00a0<em>gulag<\/em>\u00a0sovi\u00e9tico.<\/p>\n<p class=\"has-text-align-justify has-black-color has-text-color has-medium-font-size\" style=\"text-align: justify;\" data-adtags-visited=\"true\">\u00a0\u00a0\u00a0\u00a0\u00a0\u00a0\u00a0\u00a0\u00a0 Solo hace unas semanas, Samuel, un joven de La Coru\u00f1a era agredido y asesinado por su condici\u00f3n homosexual. Como Garc\u00eda Lorca, una de las \u00faltimas palabras que oy\u00f3 fue maric\u00f3n, espetada con el mayor odio y la m\u00e1s absoluta intolerancia. Pero no es un hcho aislado y este mismo a\u00f1o diversos pa\u00edses han asentado en sus c\u00f3digos civiles la penalizaci\u00f3n de la condici\u00f3n de homosexual, penalizaci\u00f3n que va desde la pena de muerte en pa\u00edses asi\u00e1ticos y africanos de tendencia isl\u00e1mica (Yemen, Afganist\u00e1n, Pakist\u00e1n, Arabia Saud\u00ed, Ir\u00e1n, Somalia, Sud\u00e1n, Mauritania\u2026) hasta diez a\u00f1os de prisi\u00f3n (Tanzania, Kenia, Bangladesh\u2026). Solo en algunos casos podr\u00eda aplicarse el sentido original del t\u00e9rmino\u00a0<em>talib\u00e1n<\/em>.<\/p>\n<p id=\"inline-ad-1\" class=\"inline-ad-slot\" style=\"text-align: justify;\" data-adtags-width=\"560\" data-adtags-visited=\"true\">\u00a0<\/p>\n<p class=\"has-text-align-justify has-black-color has-text-color has-medium-font-size\" style=\"text-align: justify;\" data-adtags-visited=\"true\">\u00a0\u00a0\u00a0\u00a0\u00a0\u00a0\u00a0\u00a0\u00a0 \u00bfQu\u00e9 puede decirse de las campa\u00f1as contra inmigrantes que cruzan los pa\u00edses m\u00e1s pr\u00f3speros de Occidente en campa\u00f1as electorales, prensa y redes? Nombres como Marie Le Penn, Donald Trump o Santiago Abascal y sus chicos de VOX est\u00e1n empe\u00f1ados en negar la Historia y ese impulso migratorio que la genera. En nuestro caso, negar la emigraci\u00f3n es tan absurdo como asumir la leyenda de la asistencia sobrenatural de la Virgen de Covadonga a don Pelayo<\/p>\n<p class=\"has-black-color has-text-color has-medium-font-size\" style=\"text-align: justify;\" data-adtags-visited=\"true\">\u00a0<img data-recalc-dims=\"1\" decoding=\"async\" class=\"wp-image-8709\" src=\"https:\/\/albertogranados.files.wordpress.com\/2021\/08\/las-sinsombrero-mujervisible-eu.jpg?w=640\" alt=\"\" data-attachment-id=\"8709\" data-permalink=\"https:\/\/albertogranados.wordpress.com\/2021\/08\/16\/talibanes\/las-sinsombrero-mujervisible-eu\/\" data-orig-file=\"https:\/\/albertogranados.files.wordpress.com\/2021\/08\/las-sinsombrero-mujervisible-eu.jpg\" data-orig-size=\"1170,500\" data-comments-opened=\"1\" data-image-meta=\"{&quot;aperture&quot;:&quot;0&quot;,&quot;credit&quot;:&quot;&quot;,&quot;camera&quot;:&quot;&quot;,&quot;caption&quot;:&quot;&quot;,&quot;created_timestamp&quot;:&quot;0&quot;,&quot;copyright&quot;:&quot;&quot;,&quot;focal_length&quot;:&quot;0&quot;,&quot;iso&quot;:&quot;0&quot;,&quot;shutter_speed&quot;:&quot;0&quot;,&quot;title&quot;:&quot;&quot;,&quot;orientation&quot;:&quot;0&quot;}\" data-image-title=\"Las sinsombrero, Mujervisible eu\" data-image-description=\"\" data-image-caption=\"\" data-medium-file=\"https:\/\/albertogranados.files.wordpress.com\/2021\/08\/las-sinsombrero-mujervisible-eu.jpg?w=300\" data-large-file=\"https:\/\/albertogranados.files.wordpress.com\/2021\/08\/las-sinsombrero-mujervisible-eu.jpg?w=560\" \/><\/p>\n<p style=\"text-align: justify;\" data-adtags-visited=\"true\">Las \u201cSinsombrero\u201d, imagen de la web Mujervisible.eu<\/p>\n<p class=\"has-text-align-justify has-black-color has-text-color has-medium-font-size\" style=\"text-align: justify;\" data-adtags-visited=\"true\">\u00a0\u00a0\u00a0\u00a0\u00a0\u00a0\u00a0\u00a0\u00a0 La violencia machista lleva demasiadas mujeres asesinadas por sus parejas o exparejas o incluso, por causas externas a su vida afectiva (los feminicidios de M\u00e9xico, por ejemplo, de los que se ocup\u00f3 Roberto Bola\u00f1o). Pero no hace falta el asesinato para anular a una mujer, restarle importancia a sus capacidades o aprovecharse de \u00e9stas: la brecha salarial, el robo descarado de ideas en el mundo empresarial, el caso de Mar\u00eda Lej\u00e1rraga, que escribi\u00f3 t\u00edtulos que aparecieron como escritos por su marido, el dramaturgo Gregorio Mart\u00ednez Sierra.<\/p>\n<p class=\"has-text-align-justify has-black-color has-text-color has-medium-font-size\" style=\"text-align: justify;\" data-adtags-visited=\"true\">La prensa da cumplida cuenta de demasiadas situaciones en que la mujer es minusvalorada frente al hombre sin m\u00e1s raz\u00f3n que su condici\u00f3n biol\u00f3gica de mujer. Incluso entre la m\u00e1s famosa n\u00f3mina creativa de nuestra historia, la generaci\u00f3n del 27, parece que no hubo ni mujeres poetas o creadoras pl\u00e1sticas. Y hablo de lo m\u00e1s sensible de la llamada Edad de Plata de nuestra cultura, que dej\u00f3 colarse al chileno Pablo Neruda, pero cerr\u00f3 la puerta a nuestras compatriotas, las \u201csinsombrero\u201d: Mar\u00eda Zambrano, Ernestina de Champourcin, Maruja Mallo, Margarita Manso, \u00c1ngeles Santos, Concha M\u00e9ndez, Marga Gil Roesset, Mar\u00eda Teresa Le\u00f3n, Rosa Chacel, Josefina de la Torre\u2026 parecen no contar como miembros activos del 27 para ant\u00f3logos ni cr\u00edticos durante d\u00e9cadas. Eran,\u00a0<em>simplemente<\/em>, mujeres.<\/p>\n<p class=\"has-text-align-justify has-black-color has-text-color has-medium-font-size\" style=\"text-align: justify;\" data-adtags-visited=\"true\">\u00a0\u00a0\u00a0\u00a0\u00a0\u00a0\u00a0\u00a0\u00a0 La situaci\u00f3n grav\u00edsima de Afganist\u00e1n nos resucita el horror talib\u00e1n, pero no tengamos la soberbia de creernos al margen del talibanismo: Occidente tiene tambi\u00e9n sus pecadillos y hay demasiados talibanes cerca de nosotros, camuflados en su respetabilidad dom\u00e9stica, aunque con la bestia agazapada y presta a salir en cualquier situaci\u00f3n.<\/p>\n<p class=\"has-text-align-justify has-black-color has-text-color\" data-adtags-visited=\"true\"><strong>Alberto Granados<\/strong><\/p>\n<div id=\"atatags-26942-6133ac2130a23\" data-adtags-width=\"560\">https:\/\/albertogranados.wordpress.com\/<\/div>\n<div data-adtags-width=\"560\">FOTO: Mujeres afganas, Paula Bronstein en El Pa\u00eds 15\/08\/ 2021<\/div>\n","protected":false},"excerpt":{"rendered":"<p>Occidente, nuestro \u00e1mbito cultural, siente como incuestionable su sistema de pensamiento, sus valores, su modelo&#8230;<\/p>\n","protected":false},"author":1,"featured_media":48664,"comment_status":"closed","ping_status":"closed","sticky":false,"template":"","format":"standard","meta":{"_coblocks_attr":"","_coblocks_dimensions":"","_coblocks_responsive_height":"","_coblocks_accordion_ie_support":"","jetpack_post_was_ever_published":false,"_jetpack_newsletter_access":"","_jetpack_dont_email_post_to_subs":false,"_jetpack_newsletter_tier_id":0,"_jetpack_memberships_contains_paywalled_content":false,"_jetpack_memberships_contains_paid_content":false,"footnotes":"","jetpack_publicize_message":"","jetpack_publicize_feature_enabled":true,"jetpack_social_post_already_shared":false,"jetpack_social_options":{"image_generator_settings":{"template":"highway","default_image_id":0,"enabled":false},"version":2}},"categories":[39,1161,14,44,6937,15],"tags":[8536],"class_list":["post-48663","post","type-post","status-publish","format-standard","has-post-thumbnail","hentry","category-opinion-de-alberto-granados","category-ciudadania","category-feminismo","category-noticias-de-hoy","category-sociedad","category-ultimas-noticias","tag-talibanes"],"jetpack_publicize_connections":[],"jetpack_featured_media_url":"https:\/\/i0.wp.com\/miradordeatarfe.es\/wp-content\/uploads\/2021\/09\/mujeres-afganas-paula-bronstein-en-el-pais-15-08-2021.jpg?fit=1960%2C1307&ssl=1","jetpack_likes_enabled":true,"jetpack_sharing_enabled":true,"_links":{"self":[{"href":"https:\/\/miradordeatarfe.es\/index.php?rest_route=\/wp\/v2\/posts\/48663","targetHints":{"allow":["GET"]}}],"collection":[{"href":"https:\/\/miradordeatarfe.es\/index.php?rest_route=\/wp\/v2\/posts"}],"about":[{"href":"https:\/\/miradordeatarfe.es\/index.php?rest_route=\/wp\/v2\/types\/post"}],"author":[{"embeddable":true,"href":"https:\/\/miradordeatarfe.es\/index.php?rest_route=\/wp\/v2\/users\/1"}],"replies":[{"embeddable":true,"href":"https:\/\/miradordeatarfe.es\/index.php?rest_route=%2Fwp%2Fv2%2Fcomments&post=48663"}],"version-history":[{"count":1,"href":"https:\/\/miradordeatarfe.es\/index.php?rest_route=\/wp\/v2\/posts\/48663\/revisions"}],"predecessor-version":[{"id":48665,"href":"https:\/\/miradordeatarfe.es\/index.php?rest_route=\/wp\/v2\/posts\/48663\/revisions\/48665"}],"wp:featuredmedia":[{"embeddable":true,"href":"https:\/\/miradordeatarfe.es\/index.php?rest_route=\/wp\/v2\/media\/48664"}],"wp:attachment":[{"href":"https:\/\/miradordeatarfe.es\/index.php?rest_route=%2Fwp%2Fv2%2Fmedia&parent=48663"}],"wp:term":[{"taxonomy":"category","embeddable":true,"href":"https:\/\/miradordeatarfe.es\/index.php?rest_route=%2Fwp%2Fv2%2Fcategories&post=48663"},{"taxonomy":"post_tag","embeddable":true,"href":"https:\/\/miradordeatarfe.es\/index.php?rest_route=%2Fwp%2Fv2%2Ftags&post=48663"}],"curies":[{"name":"wp","href":"https:\/\/api.w.org\/{rel}","templated":true}]}}