{"id":48686,"date":"2021-09-07T10:01:07","date_gmt":"2021-09-07T08:01:07","guid":{"rendered":"https:\/\/miradordeatarfe.es\/?p=48686"},"modified":"2021-09-08T20:56:08","modified_gmt":"2021-09-08T18:56:08","slug":"el-atarfe-se-clasifica-para-semifinales-de-la-copa-de-andalucia-2-1","status":"publish","type":"post","link":"https:\/\/miradordeatarfe.es\/?p=48686","title":{"rendered":"El Atarfe Industrial se clasifica para semifinales de la Copa de Andaluc\u00eda, 2-1"},"content":{"rendered":"<div id=\"columna1y2portada\">\n<div class=\"bloque_short\">\n<div class=\"foto\">\n<h3 class=\"piefotobig\">El conjunto granadino perdi\u00f3 en casa del Beg\u00edjar, pero hizo valer el amplio resultado conseguido en la ida<\/h3>\n<\/div>\n<p>El Atarfe Industrial tendr\u00e1 el pr\u00f3ximo viernes que viajar a San Pedro de Alc\u00e1ntara para jugar las semifinales, a partido \u00fanico, de la\u00a0Copa Andaluc\u00eda.<\/p>\n<p>Una victoria en las semifinales clasificar\u00eda al equipo dirigido por Jes\u00fas Sierra para disputar la fase previa de la Copa del Rey.<\/p>\n<p>El Atarfe viajaba a Beg\u00edjar con el 4-0 conseguido en la ida y, a pesar de perder 2-1, ha logrado el pase para la \u2018Final Four\u2019.\u00a0<\/p>\n<p>El equipo blanquiverde se mostr\u00f3 muy s\u00f3lido en defensa ante el empuje del Beg\u00edjar, que quer\u00eda conseguir alg\u00fan gol pronto para meterse en la eliminatoria, pero el conjunto entrenado por Jes\u00fas Sierra cerraba todos los huecos en el municipal de Beg\u00edjar.<\/p>\n<p>Los visitantes aguantaron hasta el minuto 40, cuando el colegiado se\u00f1al\u00f3 un penalti que se encarg\u00f3 de transformar Albertillo, para poner el 1-0 con el que se lleg\u00f3 al intermedio.<\/p>\n<p>En la segunda mitad no cambi\u00f3 en demas\u00eda el partido, un Beg\u00edjar que dominaba y un Atarfe muy bien plantado que esperaba su oportunidad para conseguir el\u00a0gol que terminara de certificar su pase a semifinales. Lo logr\u00f3 en el minuto 75 cuando Andr\u00e9s bati\u00f3\u00a0al cancerbero jienense Emilio. Y mejor se pusieron a\u00fan las cosas para el Atarfe porque dos minutos despu\u00e9s del gol, el Beg\u00edjar se quedaba con un efectivo menos tras la expulsi\u00f3n de Fernando.<\/p>\n<p>El conjunto jienense ya sab\u00eda que era imposible la remontada e intent\u00f3 por lo menos vencer el partido y lo logr\u00f3 en el minuto 85 cuando Borja super\u00f3 a \u00c1ngel para poner el 2-1 con que finaliz\u00f3 el partido.\u00a0<\/p>\n<p><img data-recalc-dims=\"1\" decoding=\"async\" src=\"https:\/\/i0.wp.com\/i.ibb.co\/prywgq0\/PSX-20210905-231049.jpg?w=640&#038;ssl=1\" alt=\"\" \/><\/p>\n<p>foto: El Atarfe celebra la clasificaci\u00f3n en vestuarios (ATARFE INDUSTRIAL)<\/p>\n<\/div>\n<div class=\"bloque_short\">\u00a0<\/div>\n<\/div>\n<div id=\"columna3portada\">\n<div class=\"publicidadsecundaria\">\n<div>DIVISI\u00d3N HONOR S\u00c9NIOR<\/div>\n<div>https:\/\/www.granadaenjuego.com\/Division-Honor<\/div>\n<\/div>\n<\/div>\n","protected":false},"excerpt":{"rendered":"<p>El conjunto granadino perdi\u00f3 en casa del Beg\u00edjar, pero hizo valer el amplio resultado conseguido&#8230;<\/p>\n","protected":false},"author":1,"featured_media":48687,"comment_status":"closed","ping_status":"closed","sticky":false,"template":"","format":"standard","meta":{"_coblocks_attr":"","_coblocks_dimensions":"","_coblocks_responsive_height":"","_coblocks_accordion_ie_support":"","jetpack_post_was_ever_published":false,"_jetpack_newsletter_access":"","_jetpack_dont_email_post_to_subs":false,"_jetpack_newsletter_tier_id":0,"_jetpack_memberships_contains_paywalled_content":false,"_jetpack_memberships_contains_paid_content":false,"footnotes":"","jetpack_publicize_message":"","jetpack_publicize_feature_enabled":true,"jetpack_social_post_already_shared":false,"jetpack_social_options":{"image_generator_settings":{"template":"highway","default_image_id":0,"enabled":false},"version":2}},"categories":[2,1161,182,44,15],"tags":[4389,8516],"class_list":["post-48686","post","type-post","status-publish","format-standard","has-post-thumbnail","hentry","category-atarfe","category-ciudadania","category-deportes","category-noticias-de-hoy","category-ultimas-noticias","tag-atarfe-industrial-c-f","tag-copa-andalucia"],"jetpack_publicize_connections":[],"jetpack_featured_media_url":"https:\/\/i0.wp.com\/miradordeatarfe.es\/wp-content\/uploads\/2021\/09\/imagen44837_0_portada.jpg?fit=375%2C180&ssl=1","jetpack_likes_enabled":true,"jetpack_sharing_enabled":true,"_links":{"self":[{"href":"https:\/\/miradordeatarfe.es\/index.php?rest_route=\/wp\/v2\/posts\/48686","targetHints":{"allow":["GET"]}}],"collection":[{"href":"https:\/\/miradordeatarfe.es\/index.php?rest_route=\/wp\/v2\/posts"}],"about":[{"href":"https:\/\/miradordeatarfe.es\/index.php?rest_route=\/wp\/v2\/types\/post"}],"author":[{"embeddable":true,"href":"https:\/\/miradordeatarfe.es\/index.php?rest_route=\/wp\/v2\/users\/1"}],"replies":[{"embeddable":true,"href":"https:\/\/miradordeatarfe.es\/index.php?rest_route=%2Fwp%2Fv2%2Fcomments&post=48686"}],"version-history":[{"count":4,"href":"https:\/\/miradordeatarfe.es\/index.php?rest_route=\/wp\/v2\/posts\/48686\/revisions"}],"predecessor-version":[{"id":48717,"href":"https:\/\/miradordeatarfe.es\/index.php?rest_route=\/wp\/v2\/posts\/48686\/revisions\/48717"}],"wp:featuredmedia":[{"embeddable":true,"href":"https:\/\/miradordeatarfe.es\/index.php?rest_route=\/wp\/v2\/media\/48687"}],"wp:attachment":[{"href":"https:\/\/miradordeatarfe.es\/index.php?rest_route=%2Fwp%2Fv2%2Fmedia&parent=48686"}],"wp:term":[{"taxonomy":"category","embeddable":true,"href":"https:\/\/miradordeatarfe.es\/index.php?rest_route=%2Fwp%2Fv2%2Fcategories&post=48686"},{"taxonomy":"post_tag","embeddable":true,"href":"https:\/\/miradordeatarfe.es\/index.php?rest_route=%2Fwp%2Fv2%2Ftags&post=48686"}],"curies":[{"name":"wp","href":"https:\/\/api.w.org\/{rel}","templated":true}]}}