{"id":48805,"date":"2021-09-15T11:30:55","date_gmt":"2021-09-15T09:30:55","guid":{"rendered":"https:\/\/miradordeatarfe.es\/?p=48805"},"modified":"2021-09-13T11:35:59","modified_gmt":"2021-09-13T09:35:59","slug":"el-miedo-a-las-ideas-por-alberto-granados","status":"publish","type":"post","link":"https:\/\/miradordeatarfe.es\/?p=48805","title":{"rendered":"\u00abEL MIEDO A LAS IDEAS\u00bb por Alberto Granados"},"content":{"rendered":"<div class=\"entry-content\">\n<div id=\"pd_rating_holder_4006262_post_8693\" class=\"cs-rating pd-rating\">\n<h3 style=\"text-align: justify;\">El pasado viernes le\u00ed en <em>El Pa\u00eds<\/em>\u00a0digital la columna de Antonio Mu\u00f1oz Molina que aparecer\u00eda en la versi\u00f3n f\u00edsica en el\u00a0<em>Babelia<\/em>\u00a0del s\u00e1bado:\u00a0<em><a href=\"https:\/\/elpais.com\/babelia\/2021-07-23\/prosa-de-infamia.html\">Prosa de infamia<\/a><\/em>.<\/h3>\n<p style=\"text-align: justify;\">En ella, el ubetense universal daba cuenta de los an\u00f3nimos recibidos en que se ataca a su esposa y a \u00e9l mismo por haber firmado un manifiesto en que un grupo de intelectuales ped\u00eda el voto para las opciones pol\u00edticas de izquierdas en las recientes elecciones auton\u00f3micas de la comunidad madrile\u00f1a que tan ampliamente gan\u00f3 Isabel D\u00edaz Ayuso. Horas despu\u00e9s, el\u00a0<a href=\"https:\/\/www.publico.es\/sociedad\/antonio-munoz-molina-elvira-lindo-denuncian-cartas-amenazantes-firmar-manifiesto-pidiendo-voto-izquierda.html\">diario P\u00fablico<\/a>\u00a0se hac\u00eda eco del hecho.<\/p>\n<\/div>\n<p class=\"has-black-color has-text-color has-medium-font-size\" style=\"text-align: justify;\" data-adtags-visited=\"true\">\u00a0\u00a0\u00a0\u00a0\u00a0\u00a0\u00a0\u00a0\u00a0 Como denuncia el columnista, que ya ha recibido amenazas anteriores, el lenguaje del odio est\u00e1 tan extendido en cierto tipo de prensa y en las\u00a0<em>redes fecales<\/em>, que los an\u00f3nimos le resultan a la vez intimidatorios y esperables, dado el deterioro democr\u00e1tico a que nuestra sociedad ha llegado.<\/p>\n<p class=\"has-black-color has-text-color has-medium-font-size\" style=\"text-align: justify;\" data-adtags-visited=\"true\">\u00a0\u00a0\u00a0\u00a0\u00a0\u00a0\u00a0\u00a0\u00a0 Me resulta curioso que el autor, que desde siempre ha defendido a Salman Rushdie desde que \u00e9ste se vio amenazado de muerte por la intolerancia del Islam m\u00e1s exaltado, reciba ahora estas intimidaciones, que a m\u00ed me preocupan por lo que conllevan: el ascenso de la derecha y la extrema derecha, que tienen un sentido casi patrimonial del poder pol\u00edtico, los errores de S\u00e1nchez, la demagogia en torno al desvirtuado concepto de libertad durante la pandemia, etc. suponen un toque a rebato, una labor de desgaste del gobierno y la urgencia descarada de hacerse con el poder por los medios que sean, sin descartar los m\u00e1s impresentables. Esta es la situaci\u00f3n: la vida parlamentaria convertida en un lavadero p\u00fablico de sainete; el debate p\u00fablico, reducido a las trampas demag\u00f3gicas de las redes sociales; las urnas y sus resultados, soslayadas, excepto que beneficien a los partidos de derecha, que se sienten los \u00fanicos depositarios del poder porque no han sido nunca dem\u00f3cratas. No debemos olvidar al general que propugnaba una bala para cada uno de los 26 millones de hijos de puta, ni los env\u00edos de balas a Marlaska o a Pablo Iglesias durante la campa\u00f1a de Madrid o de la navaja a Reyes Maroto.<\/p>\n<p class=\"has-black-color has-text-color has-medium-font-size\" style=\"text-align: justify;\" data-adtags-visited=\"true\">\u00a0\u00a0\u00a0\u00a0\u00a0\u00a0\u00a0\u00a0\u00a0 La historia no es nueva: el poder tiende a ser conservador y ese poder siente un intenso pavor a las ideas que le incomodan, por lo que las persigue de mil formas: censura, quema de libros desafectos (en este mismo blog escrib\u00ed\u00a0<a href=\"https:\/\/albertogranados.wordpress.com\/2012\/11\/30\/biblioclasmos\/\">Biblioclasmos<\/a>, sobre el tema), destierros y separaci\u00f3n de c\u00e1tedras universitarias (desde Fray Luis de Le\u00f3n a Quevedo o Unamuno, Agust\u00edn Garc\u00eda Calvo y Tierno Galv\u00e1n), la vergonzosa aparici\u00f3n del llamado \u00cdndice de Libros Prohibidos\u2026 La extrema derecha ya amenaz\u00f3 an\u00f3nimamente a Buero Vallejo en los primeros tiempos de la transici\u00f3n. Roberto Saviano tuvo que ausentarse de N\u00e1poles tras escribir su novela sobre la camorra,\u00a0<em>Gomorra<\/em>. Rushdie, ha vivido escondido demasiados a\u00f1os tras publicar\u00a0<em>Los versos sat\u00e1nicos<\/em>. Los humoristas de\u00a0<em>Charlie Hebdo<\/em>\u00a0murieron en un atentado del terrorismo isl\u00e1mico, curiosamente, el mismo d\u00eda en que se iba a presentar\u00a0<em>Sumisi\u00f3n<\/em>, la novela de Michel Houllebeck que daba claves muy realistas sobre la presencia del Islam en Francia\u2026 Y qu\u00e9 decir de las purgas a los escritores sovi\u00e9ticos que se desviaban de la ortodoxia estalinista, con Solchenitzyn como paradigma. De la destrucci\u00f3n de libros a la amenaza al autor, la humanidad siempre\u00a0ha manifestado un miedo absoluto a la circulaci\u00f3n libre de ideas, especialmente por parte de los partidarios del poder absoluto y por ello, incuestionable.<\/p>\n<figure class=\"wp-block-image size-large is-resized\" style=\"text-align: justify;\"><a href=\"https:\/\/albertogranados.files.wordpress.com\/2021\/07\/quema-de-libros-llevada-a-cabo-por-los-nazis-diario-correo.jpg\"><img data-recalc-dims=\"1\" loading=\"lazy\" decoding=\"async\" class=\"wp-image-8698\" src=\"https:\/\/albertogranados.files.wordpress.com\/2021\/07\/quema-de-libros-llevada-a-cabo-por-los-nazis-diario-correo.jpg?w=980&#038;resize=640%2C345\" sizes=\"auto, (max-width: 808px) 100vw, 808px\" srcset=\"https:\/\/albertogranados.files.wordpress.com\/2021\/07\/quema-de-libros-llevada-a-cabo-por-los-nazis-diario-correo.jpg?w=808 808w, https:\/\/albertogranados.files.wordpress.com\/2021\/07\/quema-de-libros-llevada-a-cabo-por-los-nazis-diario-correo.jpg?w=150 150w, https:\/\/albertogranados.files.wordpress.com\/2021\/07\/quema-de-libros-llevada-a-cabo-por-los-nazis-diario-correo.jpg?w=300 300w, https:\/\/albertogranados.files.wordpress.com\/2021\/07\/quema-de-libros-llevada-a-cabo-por-los-nazis-diario-correo.jpg?w=768 768w, https:\/\/albertogranados.files.wordpress.com\/2021\/07\/quema-de-libros-llevada-a-cabo-por-los-nazis-diario-correo.jpg 980w\" alt=\"\" width=\"640\" height=\"345\" data-attachment-id=\"8698\" data-permalink=\"https:\/\/albertogranados.wordpress.com\/quema-de-libros-llevada-a-cabo-por-los-nazis-diario-correo\/\" data-orig-file=\"https:\/\/albertogranados.files.wordpress.com\/2021\/07\/quema-de-libros-llevada-a-cabo-por-los-nazis-diario-correo.jpg\" data-orig-size=\"980,528\" data-comments-opened=\"1\" data-image-meta=\"{&quot;aperture&quot;:&quot;0&quot;,&quot;credit&quot;:&quot;&quot;,&quot;camera&quot;:&quot;&quot;,&quot;caption&quot;:&quot;&quot;,&quot;created_timestamp&quot;:&quot;0&quot;,&quot;copyright&quot;:&quot;&quot;,&quot;focal_length&quot;:&quot;0&quot;,&quot;iso&quot;:&quot;0&quot;,&quot;shutter_speed&quot;:&quot;0&quot;,&quot;title&quot;:&quot;&quot;,&quot;orientation&quot;:&quot;0&quot;}\" data-image-title=\"quema-de-libros-llevada-a-cabo-por-los-nazis-diario-correo\" data-image-description=\"\" data-image-caption=\"\" data-medium-file=\"https:\/\/albertogranados.files.wordpress.com\/2021\/07\/quema-de-libros-llevada-a-cabo-por-los-nazis-diario-correo.jpg?w=300\" data-large-file=\"https:\/\/albertogranados.files.wordpress.com\/2021\/07\/quema-de-libros-llevada-a-cabo-por-los-nazis-diario-correo.jpg?w=560\" \/><\/a><figcaption>Quema de libros llevada a cabo por los nazis (Diario Correo)<\/figcaption><\/figure>\n<p class=\"has-black-color has-text-color has-medium-font-size\" style=\"text-align: justify;\" data-adtags-visited=\"true\">\u00a0\u00a0\u00a0\u00a0\u00a0\u00a0\u00a0\u00a0\u00a0 En la Espa\u00f1a actual hay demasiadas amenazas sobre el mundo de las ideas, una falta absoluta de respeto a las libertades sagradas de pensamiento y expresi\u00f3n, una t\u00e1cita exigencia de pensamiento \u00fanico. Me da miedo a lo que puede llegar la prensa: el fantasma de la autocensura planea sobre una sociedad que recicla las lacras m\u00e1s indecentes del franquismo.<\/p>\n<p class=\"has-black-color has-text-color has-medium-font-size\" style=\"text-align: justify;\" data-adtags-visited=\"true\">\u00a0\u00a0\u00a0\u00a0\u00a0\u00a0\u00a0\u00a0\u00a0 Conozco (dir\u00eda que bastante bien) la obra period\u00edstica de Mu\u00f1oz Molina. Me llama la atenci\u00f3n el hecho de que contra ETA escribi\u00f3 bastantes columnas llenas de valent\u00eda, especialmente en los tiempos en que, por vivir en Madrid, hubiera podido ser un objetivo f\u00e1cil para los gudaris nazis de la causa vasca. Espero que esa valent\u00eda no se resienta por las amenazantes cartas an\u00f3nimas de un descerebrado fascista. Es que el pa\u00eds no est\u00e1 como para acallar a las mentes m\u00e1s l\u00facidas, entra las que cuento a Elvira y Antonio. Nuestra historia ya est\u00e1 llena de trabas al pensamiento libre como para repetir ese feo vicio nacional de imponer las ideas propias por encima de la lucidez de otras mentes menos obtusas.<\/p>\n<p class=\"has-black-color has-text-color has-medium-font-size\" style=\"text-align: justify;\" data-adtags-visited=\"true\">\u00a0\u00a0\u00a0\u00a0\u00a0\u00a0\u00a0\u00a0\u00a0 Espero, igualmente, que la polic\u00eda detenga al payaso que se dedica a menesteres tan nobles y que los jueces, por una vez, sean independientes y sentencien con la l\u00f3gica de una sociedad plural. Tambi\u00e9n espero que ambos columnistas se sientan respaldados y necesarios: lo son por enriquecernos con cada uno de sus textos.<\/p>\n<p class=\"has-black-color has-text-color\" style=\"text-align: justify;\" data-adtags-visited=\"true\"><strong>Alberto Granados<\/strong><\/p>\n<p data-adtags-visited=\"true\">foto: Elvira y Antonio en el acto de ingreso del segundo en la Academia de Buenas Letras de Granada. El Mundo, 24\/09\/2017<\/p>\n<blockquote class=\"wp-embedded-content\" data-secret=\"yj3joiF7Qe\"><p><a href=\"https:\/\/albertogranados.wordpress.com\/2021\/07\/27\/el-miedo-a-las-ideas\/\">El miedo a las&nbsp;ideas<\/a><\/p><\/blockquote>\n<p><iframe loading=\"lazy\" class=\"wp-embedded-content\" sandbox=\"allow-scripts\" security=\"restricted\" style=\"position: absolute; visibility: hidden;\" title=\"\u00abEl miedo a las&nbsp;ideas\u00bb \u2014 Alberto Granados\" src=\"https:\/\/albertogranados.wordpress.com\/2021\/07\/27\/el-miedo-a-las-ideas\/embed\/#?secret=VTGrX9oZXd#?secret=yj3joiF7Qe\" data-secret=\"yj3joiF7Qe\" width=\"600\" height=\"338\" frameborder=\"0\" marginwidth=\"0\" marginheight=\"0\" scrolling=\"no\"><\/iframe><\/p>\n<\/div>\n","protected":false},"excerpt":{"rendered":"<p>El pasado viernes le\u00ed en El Pa\u00eds\u00a0digital la columna de Antonio Mu\u00f1oz Molina que aparecer\u00eda&#8230;<\/p>\n","protected":false},"author":1,"featured_media":48806,"comment_status":"closed","ping_status":"closed","sticky":false,"template":"","format":"standard","meta":{"_coblocks_attr":"","_coblocks_dimensions":"","_coblocks_responsive_height":"","_coblocks_accordion_ie_support":"","jetpack_post_was_ever_published":false,"_jetpack_newsletter_access":"","_jetpack_dont_email_post_to_subs":false,"_jetpack_newsletter_tier_id":0,"_jetpack_memberships_contains_paywalled_content":false,"_jetpack_memberships_contains_paid_content":false,"footnotes":"","jetpack_publicize_message":"","jetpack_publicize_feature_enabled":true,"jetpack_social_post_already_shared":false,"jetpack_social_options":{"image_generator_settings":{"template":"highway","default_image_id":0,"enabled":false},"version":2}},"categories":[39,1161,44,7671,6937,15],"tags":[1581,2088,121],"class_list":["post-48805","post","type-post","status-publish","format-standard","has-post-thumbnail","hentry","category-opinion-de-alberto-granados","category-ciudadania","category-noticias-de-hoy","category-politica","category-sociedad","category-ultimas-noticias","tag-ideas","tag-miedo","tag-redes-sociales"],"jetpack_publicize_connections":[],"jetpack_featured_media_url":"https:\/\/i0.wp.com\/miradordeatarfe.es\/wp-content\/uploads\/2021\/09\/elvira-y-antonio-en-el-acto-de-ingreso-del-segundo-en-la-academia-de-buenas-letras-de-granada.jpg?fit=660%2C439&ssl=1","jetpack_likes_enabled":true,"jetpack_sharing_enabled":true,"_links":{"self":[{"href":"https:\/\/miradordeatarfe.es\/index.php?rest_route=\/wp\/v2\/posts\/48805","targetHints":{"allow":["GET"]}}],"collection":[{"href":"https:\/\/miradordeatarfe.es\/index.php?rest_route=\/wp\/v2\/posts"}],"about":[{"href":"https:\/\/miradordeatarfe.es\/index.php?rest_route=\/wp\/v2\/types\/post"}],"author":[{"embeddable":true,"href":"https:\/\/miradordeatarfe.es\/index.php?rest_route=\/wp\/v2\/users\/1"}],"replies":[{"embeddable":true,"href":"https:\/\/miradordeatarfe.es\/index.php?rest_route=%2Fwp%2Fv2%2Fcomments&post=48805"}],"version-history":[{"count":1,"href":"https:\/\/miradordeatarfe.es\/index.php?rest_route=\/wp\/v2\/posts\/48805\/revisions"}],"predecessor-version":[{"id":48807,"href":"https:\/\/miradordeatarfe.es\/index.php?rest_route=\/wp\/v2\/posts\/48805\/revisions\/48807"}],"wp:featuredmedia":[{"embeddable":true,"href":"https:\/\/miradordeatarfe.es\/index.php?rest_route=\/wp\/v2\/media\/48806"}],"wp:attachment":[{"href":"https:\/\/miradordeatarfe.es\/index.php?rest_route=%2Fwp%2Fv2%2Fmedia&parent=48805"}],"wp:term":[{"taxonomy":"category","embeddable":true,"href":"https:\/\/miradordeatarfe.es\/index.php?rest_route=%2Fwp%2Fv2%2Fcategories&post=48805"},{"taxonomy":"post_tag","embeddable":true,"href":"https:\/\/miradordeatarfe.es\/index.php?rest_route=%2Fwp%2Fv2%2Ftags&post=48805"}],"curies":[{"name":"wp","href":"https:\/\/api.w.org\/{rel}","templated":true}]}}