{"id":48879,"date":"2021-09-19T10:27:07","date_gmt":"2021-09-19T08:27:07","guid":{"rendered":"https:\/\/miradordeatarfe.es\/?p=48879"},"modified":"2021-09-15T14:30:19","modified_gmt":"2021-09-15T12:30:19","slug":"una-grieta-por-la-que-empieza-a-entrar-algo-de-luz-energia-renovable-y-participativa","status":"publish","type":"post","link":"https:\/\/miradordeatarfe.es\/?p=48879","title":{"rendered":"Una grieta por la que empieza a entrar algo de luz: energ\u00eda renovable y participativa"},"content":{"rendered":"<header class=\"a_h | col desktop_12 tablet_8 mobile_4\">\n<div id=\"article_header\" class=\"a_hg basic | \">\n<h3 class=\"a_st font_secondary color_gray_dark \" style=\"text-align: justify;\">La ONG Amigos de la Tierra edita una gu\u00eda para explicar a los ciudadanos c\u00f3mo crear paso a paso una comunidad energ\u00e9tica<\/h3>\n<\/div>\n<div class=\"a_by | margin_bottom_lg \" style=\"text-align: justify;\">\n<div class=\"\">\n<div class=\"a_pt | uppercase color_gray_medium_lighter \">Ten\u00eda ganas de saber c\u00f3mo hab\u00eda empezado todo. Cu\u00e1l hab\u00eda sido la chispa que estaba detr\u00e1s de tanta energ\u00eda y esfuerzo para sacar adelante un proyecto de este tipo. Mis compa\u00f1eras de Amigos de la Tierra Europa ya hab\u00edan indagado y hab\u00edan recopilado un sinf\u00edn de casos de \u00e9xito por toda Europa. En Alemania ya hab\u00eda centenares de <a href=\"https:\/\/elpais.com\/clima-y-medio-ambiente\/2021-07-29\/ciudadanos-que-crean-y-comparten-su-propia-energia-frente-a-las-grandes-electricas.html\" target=\"_blank\" rel=\"noopener\" data-link-track-dtm=\"\">comunidades energ\u00e9ticas\u00a0<\/a>totalmente establecidas, y ahora en nuestra geograf\u00eda empezaban a emerger, aunque t\u00edmidamente.<\/div>\n<\/div>\n<\/div>\n<\/header>\n<div class=\"a_w | col desktop_8 tablet_8 mobile_4\">\n<div id=\"ctn_article_body\" class=\"a_b article_body | color_gray_dark\">\n<section class=\"more_info | border_1 border_top pull_right\"><\/section>\n<div id=\"elpais_gpt-INTEXT\" style=\"text-align: justify;\" data-google-query-id=\"CLLjjsb8gPMCFRroGwod4G8Ndw\">\n<div>\u00a0<\/div>\n<div id=\"google_ads_iframe_7811748\/elpais_web\/planeta-futuro\/alterconsumismo\/intext_0__container__\">Llevar a cabo un proyecto as\u00ed no es una tarea f\u00e1cil. M\u00e1s si se tiene en cuenta el panorama desolador en el que han sumido a las energ\u00edas renovables durante tanto tiempo en Espa\u00f1a. La industria ha presionado para evitar el autoconsumo a toda costa y los gobiernos han legislado para cumplir con el <i>statu quo<\/i>. En medio de esta avalancha que ha torpedeado una y otra vez la posibilidad de alcanzar un sistema m\u00e1s transparente y democr\u00e1tico, estas comunidades han abierto una grieta por la que empieza a entrar algo de luz. Y han sido ellas, las personas que han puesto en pie estas iniciativas, las que est\u00e1n llenando de sol el modelo energ\u00e9tico.<\/div>\n<\/div>\n<p class=\"\" style=\"text-align: justify;\">Pablo Izaguirre es una de estas personas que han ganado el pulso a un modelo monopolizado por grandes empresas. Economista y consultor de mercados energ\u00e9ticos, dej\u00f3 su trabajo hace m\u00e1s de ocho a\u00f1os, y empez\u00f3 a investigar y a echar cuentas. Al poco se involucr\u00f3 de lleno en la\u00a0<a href=\"http:\/\/www.nuevomodeloenergetico.org\/pgs2\/\" target=\"_blank\" rel=\"noopener\" data-link-track-dtm=\"\">Plataforma por un Nuevo Modelo Energ\u00e9tico<\/a> y fue en este espacio colectivo donde comenz\u00f3 el germen que dio vida al proyecto que ya estaba tejiendo en su mente.<\/p>\n<p class=\"\" style=\"text-align: justify;\">A los tres a\u00f1os se constitu\u00eda\u00a0<a href=\"https:\/\/lacorrientecoop.es\/\" target=\"_blank\" rel=\"noopener\" data-link-track-dtm=\"\">La corriente<\/a>, una cooperativa de energ\u00eda renovable ubicada en Madrid abierta a la participaci\u00f3n y cerrada a las sucias. Hasta aqu\u00ed todo precioso, pero lo que no se ve son todos los obst\u00e1culos y tr\u00e1mites que han tenido que sortear para llegar hasta donde est\u00e1n, ahora con m\u00e1s de 600 personas asociadas. No hay procesos claramente definidos y es f\u00e1cil perderse entre tanto papeleo. Pero si adem\u00e1s le sumas el desconocimiento que existe sobre la posibilidad de participar en un modelo m\u00e1s democr\u00e1tico y la dificultad de moverse en un mercado tan sumamente competitivo, est\u00e1 claro que abrirse camino en un contexto as\u00ed tiene mucho m\u00e9rito.<\/p>\n<blockquote class=\"quote quote_pull a_q a_q__p | \">\n<div>La idea es ofrecer herramientas para que la ciudadan\u00eda tenga m\u00e1s pistas sobre c\u00f3mo elegir la forma jur\u00eddica m\u00e1s adecuada en la creaci\u00f3n de su comunidad<\/div>\n<\/blockquote>\n<p class=\"\" style=\"text-align: justify;\">En este marco, con decenas de entrevistas en nuestras manos, fue cuando decidimos elaborar\u00a0<a href=\"https:\/\/www.tierra.org\/comunidades-energeticas\/guia-tu-comunidad-energetica-paso-a-paso\/\" target=\"_blank\" rel=\"noopener\" data-link-track-dtm=\"\">una gu\u00eda<\/a>\u00a0que explicase paso a paso c\u00f3mo sacar adelante esta comunidad. Desde Amigos de la Tierra llevamos a\u00f1os trabajando para impulsar este modelo. Por un lado, para hacer frente a la emergencia clim\u00e1tica de una forma m\u00e1s acelerada con la colaboraci\u00f3n de un mayor n\u00famero de personas, y por otro para descentralizarla y ponerla en manos de la ciudadan\u00eda; se recortar\u00eda la factura y evitar\u00edamos p\u00e9rdidas innecesarias de energ\u00eda.<\/p>\n<p class=\"\" style=\"text-align: justify;\">La idea es ofrecer herramientas para que la ciudadan\u00eda tenga m\u00e1s pistas sobre c\u00f3mo elegir la forma jur\u00eddica m\u00e1s adecuada en la creaci\u00f3n de su comunidad, c\u00f3mo contactar con la administraci\u00f3n responsable en su municipio, as\u00ed como sobre las posibles financiaciones de las que dispone o los impedimentos m\u00e1s comunes y c\u00f3mo resolverlos. El objetivo principal es fomentar la participaci\u00f3n ciudadana y pensamos que esta\u00a0<a href=\"https:\/\/www.tierra.org\/comunidades-energeticas\/\" target=\"_blank\" rel=\"noopener\" data-link-track-dtm=\"\">p\u00e1gina web<\/a>\u00a0puede facilitar la tarea a esas personas que hacen saltar la chispa, y contribuir a que el proyecto siga adelante y no se quede a medio camino por su complejidad.<\/p>\n<p class=\"\" style=\"text-align: justify;\">Esta gu\u00eda es una ayuda, pero dista mucho de ser la f\u00f3rmula m\u00e1gica. Sin duda la ciudadan\u00eda est\u00e1 liderando estas iniciativas transformadoras que son capaces de encauzarnos hacia una transici\u00f3n ecol\u00f3gica real, pero ahora es la administraci\u00f3n la que debe tomar el relevo, y regular y promover la implementaci\u00f3n de estas comunidades en toda la geograf\u00eda.<\/p>\n<p style=\"text-align: justify;\"><span class=\"a_aut | margin_bottom uppercase flex align_items_center margin_right\"><a class=\"a_aut_n | color_black\" title=\"Ver todas las noticias de Teresa Rodr\u00edguez Pierrard\" href=\"https:\/\/elpais.com\/autor\/teresa-rodriguez-pierrard\/\">TERESA RODR\u00cdGUEZ PIERRARD<\/a><\/span><\/p>\n<figure class=\"lead_art | \"><figcaption class=\"f_c | color_gray_medium border_bottom border_1 border_gray padding_vertical text_align_right\">FOTO: Festival de la Transition. Cluny, mai 2013. La idea es ofrecer herramientas para que la ciudadan\u00eda tenga m\u00e1s pistas sobre c\u00f3mo elegir la forma jur\u00eddica m\u00e1s adecuada en la creaci\u00f3n de su comunidad.<span class=\"f_a | color_black margin_left uppercase light\"><span class=\"author\">AMIGOS DE LA TIERRA<\/span><\/span><\/figcaption><\/figure>\n<div class=\"sb | width_full border_bottom border_5\">\n<div class=\"sb_w | border_bottom border_1 padding_bottom flex justify_space_between relative\">\u00a0<\/div>\n<\/div>\n<div class=\"a_by | margin_bottom_lg \">\n<div class=\"\">\n<div class=\"a_pt | uppercase color_gray_medium_lighter \">https:\/\/elpais.com\/planeta-futuro\/2021-09-15\/una-grieta-por-la-que-empieza-a-entrar-algo-de-luz-energia-renovable-y-participativa.html<\/div>\n<\/div>\n<\/div>\n<\/div>\n<\/div>\n","protected":false},"excerpt":{"rendered":"<p>La ONG Amigos de la Tierra edita una gu\u00eda para explicar a los ciudadanos c\u00f3mo&#8230;<\/p>\n","protected":false},"author":1,"featured_media":48880,"comment_status":"closed","ping_status":"closed","sticky":false,"template":"","format":"standard","meta":{"_coblocks_attr":"","_coblocks_dimensions":"","_coblocks_responsive_height":"","_coblocks_accordion_ie_support":"","jetpack_post_was_ever_published":false,"_jetpack_newsletter_access":"","_jetpack_dont_email_post_to_subs":false,"_jetpack_newsletter_tier_id":0,"_jetpack_memberships_contains_paywalled_content":false,"_jetpack_memberships_contains_paid_content":false,"footnotes":"","jetpack_publicize_message":"","jetpack_publicize_feature_enabled":true,"jetpack_social_post_already_shared":false,"jetpack_social_options":{"image_generator_settings":{"template":"highway","default_image_id":0,"enabled":false},"version":2}},"categories":[7725,1161,9,44,6920,15,10],"tags":[8311,8547],"class_list":["post-48879","post","type-post","status-publish","format-standard","has-post-thumbnail","hentry","category-atarfe-sostenible","category-ciudadania","category-medio-ambiente","category-noticias-de-hoy","category-tecnologia","category-ultimas-noticias","category-salud","tag-amigos-de-la-tierra","tag-comunidad-energetica"],"jetpack_publicize_connections":[],"jetpack_featured_media_url":"https:\/\/i0.wp.com\/miradordeatarfe.es\/wp-content\/uploads\/2021\/09\/WG32IO2JOJA73IHKEFUCFM7EYU.jpg?fit=1960%2C1356&ssl=1","jetpack_likes_enabled":true,"jetpack_sharing_enabled":true,"_links":{"self":[{"href":"https:\/\/miradordeatarfe.es\/index.php?rest_route=\/wp\/v2\/posts\/48879","targetHints":{"allow":["GET"]}}],"collection":[{"href":"https:\/\/miradordeatarfe.es\/index.php?rest_route=\/wp\/v2\/posts"}],"about":[{"href":"https:\/\/miradordeatarfe.es\/index.php?rest_route=\/wp\/v2\/types\/post"}],"author":[{"embeddable":true,"href":"https:\/\/miradordeatarfe.es\/index.php?rest_route=\/wp\/v2\/users\/1"}],"replies":[{"embeddable":true,"href":"https:\/\/miradordeatarfe.es\/index.php?rest_route=%2Fwp%2Fv2%2Fcomments&post=48879"}],"version-history":[{"count":2,"href":"https:\/\/miradordeatarfe.es\/index.php?rest_route=\/wp\/v2\/posts\/48879\/revisions"}],"predecessor-version":[{"id":48882,"href":"https:\/\/miradordeatarfe.es\/index.php?rest_route=\/wp\/v2\/posts\/48879\/revisions\/48882"}],"wp:featuredmedia":[{"embeddable":true,"href":"https:\/\/miradordeatarfe.es\/index.php?rest_route=\/wp\/v2\/media\/48880"}],"wp:attachment":[{"href":"https:\/\/miradordeatarfe.es\/index.php?rest_route=%2Fwp%2Fv2%2Fmedia&parent=48879"}],"wp:term":[{"taxonomy":"category","embeddable":true,"href":"https:\/\/miradordeatarfe.es\/index.php?rest_route=%2Fwp%2Fv2%2Fcategories&post=48879"},{"taxonomy":"post_tag","embeddable":true,"href":"https:\/\/miradordeatarfe.es\/index.php?rest_route=%2Fwp%2Fv2%2Ftags&post=48879"}],"curies":[{"name":"wp","href":"https:\/\/api.w.org\/{rel}","templated":true}]}}