{"id":48883,"date":"2021-09-18T10:39:54","date_gmt":"2021-09-18T08:39:54","guid":{"rendered":"https:\/\/miradordeatarfe.es\/?p=48883"},"modified":"2021-09-15T17:12:49","modified_gmt":"2021-09-15T15:12:49","slug":"versatil-curioso-y-con-capacidad-de-adaptacion-asi-es-el-profesional-del-futuro","status":"publish","type":"post","link":"https:\/\/miradordeatarfe.es\/?p=48883","title":{"rendered":"Vers\u00e1til, curioso y con capacidad de adaptaci\u00f3n: as\u00ed es el profesional del futuro"},"content":{"rendered":"<div id=\"article_header\" class=\"a_hg especial | flex container_column align_items_center text_align_center padding_h_xxl\">\n<h3 class=\"a_st font_primary color_gray_dark \" style=\"text-align: justify;\">El mercado laboral ha pasado de la hiperespecializaci\u00f3n a valorar m\u00e1s capacidades como la creatividad o el liderazgo. Combinar \u00e1reas de conocimiento e interrelacionarlas es la clave para obtener una ventaja competitiva<\/h3>\n<header class=\"a_h | col desktop_12 tablet_8 mobile_4\">\n<div class=\"a_by | margin_bottom_lg  especial text_align_center\">\n<div class=\"\">\n<div class=\"a_pt | uppercase color_gray_medium_lighter \" style=\"text-align: justify;\">En su libro <i>Fueras de serie<\/i>, el ensayista brit\u00e1nico Malcolm Gladwell populariz\u00f3 la llamada teor\u00eda de las 10.000 horas, mediante la cual se establec\u00eda el tiempo necesario para dominar cualquier materia. Desde su publicaci\u00f3n en 2008, sin embargo, el mundo ha cambiado de una manera vertiginosa, y con \u00e9l el entorno laboral. La pr\u00e1ctica y la constancia en un campo determinado siguen siendo valiosas, pero las necesidades del presente y las que se anticipan en el futuro se gu\u00edan cada vez menos por la especializaci\u00f3n en una \u00fanica \u00e1rea y m\u00e1s en los conocimientos de varias.<\/div>\n<\/div>\n<\/div>\n<\/header>\n<div class=\"a_w | col desktop_12 tablet_8 mobile_4 row\">\n<div id=\"ctn_article_body\" class=\"a_b article_body | color_gray_dark initial_letter especial a_b__e col desktop_8 tablet_8 mobile_4 margin_center\">\n<p class=\"\" style=\"text-align: justify;\">Este nuevo paradigma se refleja en el informe anual que desarrolla LinkedIn sobre las habilidades que m\u00e1s demandan las compa\u00f1\u00edas. Utilizando la informaci\u00f3n proporcionada por m\u00e1s de 20 millones de ofertas de trabajo en 2020, la plataforma nos indica que la creatividad, la capacidad de colaboraci\u00f3n, la persuasi\u00f3n y la inteligencia emocional son las capacidades m\u00e1s demandadas en el mercado laboral actual, combinadas con otras habilidades espec\u00edficas como el\u00a0<i>cloud computing<\/i>\u00a0o los conocimientos de\u00a0<i>blockchain.<\/i>\u00a0El profesional del futuro, por tanto, deber\u00e1 ser capaz de pensar desde otras perspectivas que se salgan de un \u00e1rea de especialidad.<\/p>\n<h2 class=\"font_secondary color_gray_ultra_dark\" style=\"text-align: justify;\"><b>Un nuevo entorno laboral<\/b><\/h2>\n<p class=\"\" style=\"text-align: justify;\">En el mundo profesional reciente han incidido, como explica David Alay\u00f3n, cofundador de las consultoras Mindset e Innuba, dos grandes ejes de cambio. \u201cEl primero tiene que ver con las llamadas habilidades\u00a0<i>blandas<\/i>. Habitualmente, a la hora de contratar a alguien se ten\u00edan m\u00e1s en cuenta las habilidades\u00a0<i>duras<\/i>, un conocimiento muy extenso sobre una materia muy concreta. En un mundo cada vez m\u00e1s cambiante se valoran m\u00e1s competencias como la capacidad de adaptaci\u00f3n, el pensamiento cr\u00edtico o las habilidades creativas, de liderazgo o comunicaci\u00f3n\u201d.<\/p>\n<blockquote class=\"quote quote_pull a_q a_q__p | \">\n<div>EL EMPLEADOR CADA VEZ SE FIJA M\u00c1S EN NUESTRAS HABILIDADES Y MENOS EN DE D\u00d3NDE VENIMOS, PORQUE EL VALOR DE UN PROFESIONAL LO DA SU CAPACIDAD, NO LOS LOGOTIPOS QUE APARECEN EN SU CURR\u00cdCULO<\/div>\n<p><cite class=\"a_q_c\">VICEN\u00c7 \u00c1LVARO, DIRECTOR DE ESTRATEGIA DE TALENTO DE MANPOWERGROUP<\/cite><\/p><\/blockquote>\n<p class=\"\" style=\"text-align: justify;\">El segundo cambio, apunta Alay\u00f3n, tiene que ver con las propias transformaciones de las compa\u00f1\u00edas. \u201cAntes, las grandes empresas ve\u00edan claramente d\u00f3nde estaba su competencia, pero ahora casi todo el mundo puede ser competencia de cualquiera. Vemos casos de empresas que empiezan vendiendo libros y se convierten en uno de los principales competidores en el negocio de los servidores, o un motor de b\u00fasqueda que es ahora una compa\u00f1\u00eda puntera en el sector de coches aut\u00f3nomos. Casi cualquier empresa, si tiene los ingredientes adecuados, puede introducirse en otros sectores, y eso hace que tengan que incorporar todo tipo de competencias\u201d.<\/p>\n<p class=\"\" style=\"text-align: justify;\">Que las necesidades de las compa\u00f1\u00edas han cambiado, y con ellas los perfiles que demandan, es algo que confirma Vicen\u00e7 \u00c1lvaro, director de estrategia de talento de ManpowerGroup. \u201cEl empleador cada vez se fija m\u00e1s en nuestras habilidades y menos en de d\u00f3nde venimos, porque el valor de un profesional lo da su capacidad, no los logotipos que aparecen en su curr\u00edculo\u201d, apunta.<\/p>\n<figure class=\"f | margin_top\" style=\"text-align: justify;\"><img data-recalc-dims=\"1\" loading=\"lazy\" decoding=\"async\" class=\"lazyload block width_full\" src=\"https:\/\/i0.wp.com\/imagenes.elpais.com\/resizer\/JrXsOImj34n2AaM9GNLouquo8cM%3D\/414x0\/cloudfront-eu-central-1.images.arcpublishing.com\/prisa\/RZW6MVUSNZBGRADGNOGKMDFZYY.jpg?resize=640%2C475&#038;ssl=1\" srcset=\"https:\/\/imagenes.elpais.com\/resizer\/JrXsOImj34n2AaM9GNLouquo8cM=\/414x0\/cloudfront-eu-central-1.images.arcpublishing.com\/prisa\/RZW6MVUSNZBGRADGNOGKMDFZYY.jpg 414w,https:\/\/imagenes.elpais.com\/resizer\/SjBCpauc3XgGsfaOLVKU0FRiSz0=\/828x0\/cloudfront-eu-central-1.images.arcpublishing.com\/prisa\/RZW6MVUSNZBGRADGNOGKMDFZYY.jpg 640w,https:\/\/imagenes.elpais.com\/resizer\/s1ovHflS5625PZHCxOUqwYD_Z6w=\/980x0\/cloudfront-eu-central-1.images.arcpublishing.com\/prisa\/RZW6MVUSNZBGRADGNOGKMDFZYY.jpg 1000w,https:\/\/imagenes.elpais.com\/resizer\/aDwwLhVAYvPrgY57kssc5F6WL2s=\/1960x0\/cloudfront-eu-central-1.images.arcpublishing.com\/prisa\/RZW6MVUSNZBGRADGNOGKMDFZYY.jpg 1960w\" alt=\"La capacidad de adaptaci\u00f3n, el pensamiento cr\u00edtico o las habilidades creativas, de liderazgo o comunicaci\u00f3n son algunas de las competencias que m\u00e1s se valoran. \" width=\"640\" height=\"475\" \/><figcaption class=\"f_c | border_bottom border_1 border_gray_ultra_light_warm text_align_right padding_vertical color_gray_medium\">La capacidad de adaptaci\u00f3n, el pensamiento cr\u00edtico o las habilidades creativas, de liderazgo o comunicaci\u00f3n son algunas de las competencias que m\u00e1s se valoran.\u00a0<span class=\"f_a | color_black margin_left uppercase light\"><span class=\"author\">GETTY IMAGES\/ISTOCK<\/span><\/span><\/figcaption><\/figure>\n<p class=\"\" style=\"text-align: justify;\">Un nuevo escenario al que todav\u00eda estamos adapt\u00e1ndonos. \u201cEl \u00faltimo Estudio ManpowerGroup de Proyecci\u00f3n de Empleo, de junio de 2021, afirma que el 64% de las organizaciones espa\u00f1olas tienen hoy dificultades para encontrar candidatos con las competencias t\u00e9cnicas y sociales requeridas\u201d, explica \u00c1lvaro.<\/p>\n<h2 class=\"font_secondary color_gray_ultra_dark\" style=\"text-align: justify;\"><b>Formarse para el futuro<\/b><\/h2>\n<p class=\"\" style=\"text-align: justify;\">Por tanto, si la visi\u00f3n de las grandes compa\u00f1\u00edas cambia, la manera en la que sus trabajadores se preparan para desempe\u00f1ar sus funciones, tambi\u00e9n. Jos\u00e9 Luis Ant\u00fanez, consultor especialista en estrategias digitales de\u00a0<a href=\"http:\/\/sensa.co\/\" target=\"_blank\" rel=\"noopener\" data-link-track-dtm=\"\">sensa.co<\/a>\u00a0y director del programa de narrativa del Instituto Tramontana, se\u00f1ala un cambio de sensibilidad empresarial como causa. \u201cSuelo decir que los negocios son relaciones de confianza basadas en la construcci\u00f3n de incentivos y afectos. Las marcas cada vez tienen m\u00e1s conciencia y compromiso social. Eso requiere de personas con formaci\u00f3n generalista y humanista que abrace la complejidad y entienda lo antropol\u00f3gico, lo pol\u00edtico y lo social\u201d.<\/p>\n<blockquote class=\"quote quote_pull a_q a_q__p | \">\n<div>YA NO VALE SOLO CON LOS CONOCIMIENTOS CON LOS QUE SALIMOS DE LA UNIVERSIDAD, SINO QUE TAMBI\u00c9N TENEMOS QUE PERCIBIR LAS COMPETENCIAS M\u00c1S DEMANDADAS POR LAS EMPRESAS<\/div>\n<p><cite class=\"a_q_c\">ALEXANDRA HERN\u00c1NDEZ, DIRECTORA DE TALENTO DE SANTANDER UNIVERSIDADES Y UNIVERSIA ESPA\u00d1A<\/cite><\/p><\/blockquote>\n<p class=\"\" style=\"text-align: justify;\">En este contexto, las divisiones habituales en las \u00e1reas de estudios ya no son la pauta a seguir. \u201cLos graduados y postgrados son perfiles que salen muy formados de las universidades, pero, sin embargo, ahora mismo estamos en un momento de constante cambio que requiere una formaci\u00f3n continua\u201d, comenta Alexandra Hern\u00e1ndez, directora de talento de Santander Universidades y Universia Espa\u00f1a. \u201cYa no vale solo con los conocimientos con los que salimos de la universidad, sino que tambi\u00e9n tenemos que percibir las competencias m\u00e1s demandadas por las empresas. Algunos ejemplos son las\u00a0<i>transformation skills,<\/i>\u00a0conocimientos que permiten facilitar la transformaci\u00f3n necesaria para la integraci\u00f3n de soluciones digitales en las organizaciones\u201d.<\/p>\n<p class=\"\" style=\"text-align: justify;\">Hern\u00e1ndez aboga tambi\u00e9n por \u201ccombinar titulaciones m\u00e1s t\u00e9cnicas con carreras human\u00edsticas, ya que aportan valor permitiendo entender a los grupos de inter\u00e9s y anticiparse a sus necesidades. De todo ello somos conscientes desde Santander Universidades y, por eso, en 2021 estamos enfocando los programas de becas hacia estos conceptos. A lo largo de este a\u00f1o hemos lanzado programas dirigidos al\u00a0<i>reskilling<\/i>\u00a0en\u00a0<i>Data<\/i>\u00a0y en Programaci\u00f3n, a la formaci\u00f3n en conocimientos en inteligencia artificial, ciberseguridad,\u00a0<i>design thinking<\/i>, y soluci\u00f3n de problema con IBM, y en la actualidad tenemos un programa de becas con Amazon para la formaci\u00f3n de conceptos b\u00e1sicos de\u00a0<i>cloud.<\/i>\u00a0Todos est\u00e1n dirigidos a mayores de 18 a\u00f1os, que se pueden inscribir a trav\u00e9s de\u00a0<a href=\"http:\/\/www.becas-santander.com\/\" target=\"_blank\" rel=\"noopener\" data-link-track-dtm=\"\">www.becas-santander.com<\/a>\u201d.<\/p>\n<figure class=\"f | margin_top\" style=\"text-align: justify;\"><img data-recalc-dims=\"1\" loading=\"lazy\" decoding=\"async\" class=\"lazyload block width_full\" src=\"https:\/\/i0.wp.com\/imagenes.elpais.com\/resizer\/orI5Twg02zsYeeLABiirO5-IW8o%3D\/414x0\/cloudfront-eu-central-1.images.arcpublishing.com\/prisa\/L3PMH5QXC5HQ7JYLYVXAJBQFGQ.jpg?resize=640%2C213&#038;ssl=1\" srcset=\"https:\/\/imagenes.elpais.com\/resizer\/orI5Twg02zsYeeLABiirO5-IW8o=\/414x0\/cloudfront-eu-central-1.images.arcpublishing.com\/prisa\/L3PMH5QXC5HQ7JYLYVXAJBQFGQ.jpg 414w,https:\/\/imagenes.elpais.com\/resizer\/MigCVKkWMkoXI47Mx0wSHcLUwBg=\/828x0\/cloudfront-eu-central-1.images.arcpublishing.com\/prisa\/L3PMH5QXC5HQ7JYLYVXAJBQFGQ.jpg 640w,https:\/\/imagenes.elpais.com\/resizer\/rEKUjGGnyKD4BYnaL5Y13wf-0xs=\/980x0\/cloudfront-eu-central-1.images.arcpublishing.com\/prisa\/L3PMH5QXC5HQ7JYLYVXAJBQFGQ.jpg 1000w,https:\/\/imagenes.elpais.com\/resizer\/pt1a-ZfH0oB6ALcXvlylM4ydx4E=\/1960x0\/cloudfront-eu-central-1.images.arcpublishing.com\/prisa\/L3PMH5QXC5HQ7JYLYVXAJBQFGQ.jpg 1960w\" alt=\"Combinar titulaciones m\u00e1s t\u00e9cnicas con carreras human\u00edsticas se ha convertido en un elemento diferenciador. \" width=\"640\" height=\"213\" \/><figcaption class=\"f_c | border_bottom border_1 border_gray_ultra_light_warm text_align_right padding_vertical color_gray_medium\">Combinar titulaciones m\u00e1s t\u00e9cnicas con carreras human\u00edsticas se ha convertido en un elemento diferenciador.\u00a0<span class=\"f_a | color_black margin_left uppercase light\"><span class=\"author\">GETTY IMAGES\/ISTOCKPHOTO<\/span><\/span><\/figcaption><\/figure>\n<p class=\"\" style=\"text-align: justify;\">En esa combinaci\u00f3n de \u00e1reas de experiencia est\u00e1 el elemento diferenciador del ma\u00f1ana. \u201cEl curr\u00edculo de una persona multidisciplinar te habla de flexibilidad, nuevos puntos de vista, capacidad de adaptaci\u00f3n y creatividad, cualidades muy demandadas\u201d, afirma Vicen\u00e7 \u00c1lvaro. \u201cLa empresa cada vez se fija m\u00e1s en las habilidades profesionales, y venir de un \u00e1rea distinta puede ser un valor a\u00f1adido. Es interesante fijarnos en la transferencia de competencias desde un puesto a otro o incluso de un\u00a0<i>hobby<\/i>\u00a0al trabajo. Casi sin darnos cuenta estamos desarrollando habilidades cada vez m\u00e1s demandadas por el mercado, y esas capacidades ya no est\u00e1n marcadas en \u2018ciencias o letras\u2019, sino que son combinaciones de ambas\u201d.<\/p>\n<section class=\"link_list inset | background_gray_ultra_light margin_bottom_lg \">\n<h3 class=\"title | color_gray_ultra_dark font_secondary uppercase\" style=\"text-align: justify;\"><em>CONOCIMIENTOS H\u00cdBRIDOS<\/em><\/h3>\n<p style=\"text-align: justify;\"><em>\u201cSe suele decir que, si solamente tienes un martillo, al final ves todos los problemas en forma de clavos. Cuanto m\u00e1s grande sea la caja de herramientas que tengas, m\u00e1s ventaja vas a tener\u201d, sostiene David Alay\u00f3n. \u00c9l apuesta por combinar conocimientos. \u201cHay profesiones que, en el entorno de la empresa, han estado un poco denostadas, como los fil\u00f3sofos o los soci\u00f3logos, pero que se han abierto a m\u00faltiples campos como la inteligencia artificial o la edici\u00f3n gen\u00e9tica\u201d. En ese mismo sentido, Vicen\u00e7 \u00c1lvaro apunta a \u201clos matem\u00e1ticos y ling\u00fcistas que trabajan bajo el an\u00e1lisis de big data para soluciones de inteligencia artificial o internet de las cosas. Son profesionales con habilidades mixtas\u201d.<\/em><\/p>\n<p><strong><span class=\"a_aut | margin_bottom uppercase flex align_items_center margin_right\">GUILLERMO ARENAS<\/span><\/strong><\/p>\n<figure class=\"lead_art | especial row breakout\"><figcaption class=\"f_c | color_gray_medium border_bottom border_1 border_gray padding_vertical text_align_right col desktop_8 tablet_8 mobile_4 margin_center\">FOTO: Hay un nuevo escenario laboral. Las necesidades de las empresas han cambiado, y con ellas los perfiles profesionales que demandan.<span class=\"f_a | color_black margin_left uppercase light\"><span class=\"author\">GETTY IMAGES \/ ISTOCK<\/p>\n<p>https:\/\/elpais.com\/sociedad\/generacion-futura\/2021-07-23\/versatil-curioso-y-con-capacidad-de-adaptacion-asi-es-el-profesional-del-futuro.html<br \/>\n<\/span><\/span><\/figcaption><\/figure>\n<div class=\"sb | width_full \">\n<div class=\"sb_w |  flex\n          justify_center relative\"><\/p>\n<div class=\"flex container_row social-icons  horizontal  \">\u00a0<\/div>\n<div class=\"flex container_row social-icons right-links horizontal  \">\u00a0<\/div>\n<\/div>\n<\/div>\n<div data-fusion-collection=\"features\" data-fusion-type=\"article\/lead-art\">\u00a0<\/div>\n<div class=\"a_by | margin_bottom_lg  especial text_align_center\">\n<div class=\"a_auts flex flex_wrap justify_center\">\u00a0<\/div>\n<div class=\"\">\n<div class=\"a_pt | uppercase color_gray_medium_lighter \">\u00a0<\/div>\n<\/div>\n<\/div>\n<\/section>\n<\/div>\n<\/div>\n<\/div>\n","protected":false},"excerpt":{"rendered":"<p>El mercado laboral ha pasado de la hiperespecializaci\u00f3n a valorar m\u00e1s capacidades como la creatividad&#8230;<\/p>\n","protected":false},"author":1,"featured_media":48884,"comment_status":"closed","ping_status":"closed","sticky":false,"template":"","format":"standard","meta":{"_coblocks_attr":"","_coblocks_dimensions":"","_coblocks_responsive_height":"","_coblocks_accordion_ie_support":"","jetpack_post_was_ever_published":false,"_jetpack_newsletter_access":"","_jetpack_dont_email_post_to_subs":false,"_jetpack_newsletter_tier_id":0,"_jetpack_memberships_contains_paywalled_content":false,"_jetpack_memberships_contains_paid_content":false,"footnotes":"","jetpack_publicize_message":"","jetpack_publicize_feature_enabled":true,"jetpack_social_post_already_shared":false,"jetpack_social_options":{"image_generator_settings":{"template":"highway","default_image_id":0,"enabled":false},"version":2}},"categories":[1161,44,7671,6937,6920,15],"tags":[1468,74],"class_list":["post-48883","post","type-post","status-publish","format-standard","has-post-thumbnail","hentry","category-ciudadania","category-noticias-de-hoy","category-politica","category-sociedad","category-tecnologia","category-ultimas-noticias","tag-futuro","tag-trabajo"],"jetpack_publicize_connections":[],"jetpack_featured_media_url":"https:\/\/i0.wp.com\/miradordeatarfe.es\/wp-content\/uploads\/2021\/09\/5S6YJU5QQVHKBAYCRT6AIMBVMM.jpg?fit=1960%2C1307&ssl=1","jetpack_likes_enabled":true,"jetpack_sharing_enabled":true,"_links":{"self":[{"href":"https:\/\/miradordeatarfe.es\/index.php?rest_route=\/wp\/v2\/posts\/48883","targetHints":{"allow":["GET"]}}],"collection":[{"href":"https:\/\/miradordeatarfe.es\/index.php?rest_route=\/wp\/v2\/posts"}],"about":[{"href":"https:\/\/miradordeatarfe.es\/index.php?rest_route=\/wp\/v2\/types\/post"}],"author":[{"embeddable":true,"href":"https:\/\/miradordeatarfe.es\/index.php?rest_route=\/wp\/v2\/users\/1"}],"replies":[{"embeddable":true,"href":"https:\/\/miradordeatarfe.es\/index.php?rest_route=%2Fwp%2Fv2%2Fcomments&post=48883"}],"version-history":[{"count":1,"href":"https:\/\/miradordeatarfe.es\/index.php?rest_route=\/wp\/v2\/posts\/48883\/revisions"}],"predecessor-version":[{"id":48885,"href":"https:\/\/miradordeatarfe.es\/index.php?rest_route=\/wp\/v2\/posts\/48883\/revisions\/48885"}],"wp:featuredmedia":[{"embeddable":true,"href":"https:\/\/miradordeatarfe.es\/index.php?rest_route=\/wp\/v2\/media\/48884"}],"wp:attachment":[{"href":"https:\/\/miradordeatarfe.es\/index.php?rest_route=%2Fwp%2Fv2%2Fmedia&parent=48883"}],"wp:term":[{"taxonomy":"category","embeddable":true,"href":"https:\/\/miradordeatarfe.es\/index.php?rest_route=%2Fwp%2Fv2%2Fcategories&post=48883"},{"taxonomy":"post_tag","embeddable":true,"href":"https:\/\/miradordeatarfe.es\/index.php?rest_route=%2Fwp%2Fv2%2Ftags&post=48883"}],"curies":[{"name":"wp","href":"https:\/\/api.w.org\/{rel}","templated":true}]}}