{"id":48892,"date":"2021-09-16T11:33:12","date_gmt":"2021-09-16T09:33:12","guid":{"rendered":"https:\/\/miradordeatarfe.es\/?p=48892"},"modified":"2021-09-22T19:00:03","modified_gmt":"2021-09-22T17:00:03","slug":"marcos-antonio-lamolda-palacio-por-jose-enrique-granados","status":"publish","type":"post","link":"https:\/\/miradordeatarfe.es\/?p=48892","title":{"rendered":"\u00abMARCOS ANTONIO LAMOLDA PALACIO\u00bb por Jos\u00e9 Enrique Granados"},"content":{"rendered":"<h3 dir=\"auto\" style=\"text-align: justify;\">Hoy el MIRADOR DE ATARFE SE UNE AL P\u00c9SAME POR EL FALLECIMIENTO de\u00a0Marcos Antonio Lamolda Palacios presidente fundador de la Fundaci\u00f3n Sierra Elvira con la Gacetilla publicada recientemente<\/h3>\n<div dir=\"auto\" style=\"text-align: justify;\">La Fundaci\u00f3n cumple este a\u00f1o su d\u00e9cimo aniversario por lo que es motivo suficiente para erigirse en protagonista de nuestro blog.<\/div>\n<div dir=\"auto\" style=\"text-align: justify;\">Fundada en 2011, se constituye en una organizaci\u00f3n sin \u00e1nimo de lucro cuyo patrimonio est\u00e1 afectado de modo duradero, por voluntad de su creador, a la realizaci\u00f3n de los fines de inter\u00e9s general que se detallan en sus estatutos. Aunque su actividad se centra fundamentalmente en Atarfe, varias de las actividades programadas en estos dos lustros se han desarrollado fuera de nuestro t\u00e9rmino municipal.<\/div>\n<div dir=\"auto\">\u00a0<\/div>\n<div dir=\"auto\" style=\"text-align: justify;\">La Fundaci\u00f3n, a trav\u00e9s de su \u00f3rgano de gobierno, el Patronato de la Fundaci\u00f3n, fomenta con su actividad las artes, la cultura, las ciencias y la acci\u00f3n social, bien por iniciativa propia o bien en colaboraci\u00f3n con otros entes, p\u00fablicos o privados. En estos 10 a\u00f1os de existencia, la Fundaci\u00f3n ha promovido la edici\u00f3n de varios libros, ha organizado concursos de fotograf\u00eda, de relatos cortos, de literatura o de fotograf\u00eda. La concesi\u00f3n de becas y ayudas ha sido otro de los pilares en los que ha basado su actividad.<\/div>\n<div dir=\"auto\">\u00a0<\/div>\n<div dir=\"auto\" style=\"text-align: justify;\">El motor de esta instituci\u00f3n es su presidente fundador, Marcos Antonio Lamolda. Aunque ya retirado de sus tareas laborales, Marcos es catedr\u00e1tico de la universidad del Pa\u00eds Vasco. Ha sido tanto en aquella instituci\u00f3n como en la universidad de Granada, en donde estudi\u00f3 y realiz\u00f3 su tesis doctoral y a la que sigue adscrito a trav\u00e9s del Departamento de Estratigraf\u00eda y Paleontolog\u00eda donde desarroll\u00f3 sus investigaciones, fruto de las cuales son innumerables los art\u00edculos en revistas indexadas de los que es autor. Ha participado asimismo en numerosos congresos nacionales e internacionales. Editor durante bastantes a\u00f1os del bolet\u00edn \u201cNoticias Paleontol\u00f3gicas\u201d, a instancias suyas all\u00e1 por 1983 se fund\u00f3 la Sociedad Espa\u00f1ola de Paleontolog\u00eda. Ha sido a su vez presidente del Comit\u00e9 Nacional del Programa Internacional de Geociencias entre 1993 y 2014.<\/div>\n<div dir=\"auto\">\u00a0<\/div>\n<div dir=\"auto\" style=\"text-align: justify;\">Aunque a Marcos no le faltan los \u00e1nimos en su quehacer, queremos desde esta p\u00e1gina insuflarle nuestra energ\u00eda para que contin\u00fae con el trabajo iniciado. Creemos que es motivo de satisfacci\u00f3n contar con esta instituci\u00f3n y su benefactor.<\/div>\n<div dir=\"auto\">\u00a0<\/div>\n<div dir=\"auto\" style=\"text-align: justify;\">Fotograf\u00eda cortes\u00eda de Nuria Garay y Balbino Montiano.<\/div>\n<div dir=\"auto\">\u00a0<\/div>\n<div dir=\"auto\" style=\"text-align: justify;\">Gacetilla y curiosidades elvirenses<\/div>\n<div dir=\"auto\">\u00a0<\/div>\n<div dir=\"auto\">https:\/\/www.facebook.com\/profile.php?id=100063704734064<\/div>\n","protected":false},"excerpt":{"rendered":"<p>Hoy el MIRADOR DE ATARFE SE UNE AL P\u00c9SAME POR EL FALLECIMIENTO de\u00a0Marcos Antonio Lamolda&#8230;<\/p>\n","protected":false},"author":1,"featured_media":48893,"comment_status":"closed","ping_status":"closed","sticky":false,"template":"","format":"standard","meta":{"_coblocks_attr":"","_coblocks_dimensions":"","_coblocks_responsive_height":"","_coblocks_accordion_ie_support":"","jetpack_post_was_ever_published":false,"_jetpack_newsletter_access":"","_jetpack_dont_email_post_to_subs":false,"_jetpack_newsletter_tier_id":0,"_jetpack_memberships_contains_paywalled_content":false,"_jetpack_memberships_contains_paid_content":false,"footnotes":"","jetpack_publicize_message":"","jetpack_publicize_feature_enabled":true,"jetpack_social_post_already_shared":false,"jetpack_social_options":{"image_generator_settings":{"template":"highway","default_image_id":0,"enabled":false},"version":2}},"categories":[2,12,1161,186,38,44,15],"tags":[8375,8548],"class_list":["post-48892","post","type-post","status-publish","format-standard","has-post-thumbnail","hentry","category-atarfe","category-cultura","category-ciudadania","category-instituciones","category-opinion-de-jose-enrique-granados","category-noticias-de-hoy","category-ultimas-noticias","tag-d-e-p","tag-marcos-antonio-lamolda"],"jetpack_publicize_connections":[],"jetpack_featured_media_url":"https:\/\/i0.wp.com\/miradordeatarfe.es\/wp-content\/uploads\/2021\/09\/241677711_236153128518177_3354263694123198165_n.jpg?fit=526%2C676&ssl=1","jetpack_likes_enabled":true,"jetpack_sharing_enabled":true,"_links":{"self":[{"href":"https:\/\/miradordeatarfe.es\/index.php?rest_route=\/wp\/v2\/posts\/48892","targetHints":{"allow":["GET"]}}],"collection":[{"href":"https:\/\/miradordeatarfe.es\/index.php?rest_route=\/wp\/v2\/posts"}],"about":[{"href":"https:\/\/miradordeatarfe.es\/index.php?rest_route=\/wp\/v2\/types\/post"}],"author":[{"embeddable":true,"href":"https:\/\/miradordeatarfe.es\/index.php?rest_route=\/wp\/v2\/users\/1"}],"replies":[{"embeddable":true,"href":"https:\/\/miradordeatarfe.es\/index.php?rest_route=%2Fwp%2Fv2%2Fcomments&post=48892"}],"version-history":[{"count":1,"href":"https:\/\/miradordeatarfe.es\/index.php?rest_route=\/wp\/v2\/posts\/48892\/revisions"}],"predecessor-version":[{"id":48896,"href":"https:\/\/miradordeatarfe.es\/index.php?rest_route=\/wp\/v2\/posts\/48892\/revisions\/48896"}],"wp:featuredmedia":[{"embeddable":true,"href":"https:\/\/miradordeatarfe.es\/index.php?rest_route=\/wp\/v2\/media\/48893"}],"wp:attachment":[{"href":"https:\/\/miradordeatarfe.es\/index.php?rest_route=%2Fwp%2Fv2%2Fmedia&parent=48892"}],"wp:term":[{"taxonomy":"category","embeddable":true,"href":"https:\/\/miradordeatarfe.es\/index.php?rest_route=%2Fwp%2Fv2%2Fcategories&post=48892"},{"taxonomy":"post_tag","embeddable":true,"href":"https:\/\/miradordeatarfe.es\/index.php?rest_route=%2Fwp%2Fv2%2Ftags&post=48892"}],"curies":[{"name":"wp","href":"https:\/\/api.w.org\/{rel}","templated":true}]}}