{"id":48947,"date":"2021-09-20T11:04:54","date_gmt":"2021-09-20T09:04:54","guid":{"rendered":"https:\/\/miradordeatarfe.es\/?p=48947"},"modified":"2021-11-22T12:37:34","modified_gmt":"2021-11-22T11:37:34","slug":"los-arboles-mueren-de-pie-por-remedios-sanchez","status":"publish","type":"post","link":"https:\/\/miradordeatarfe.es\/?p=48947","title":{"rendered":"\u00abLOS \u00c1RBOLES MUEREN DE PIE\u00bb por Remedios S\u00e1nchez"},"content":{"rendered":"<h3>Est\u00e1n dejando morir de sed y los \u00e1rboles del Serrallo, en su alta dignidad, mueren de pie, igual que han vivido<\/h3>\n<p style=\"text-align: justify;\">Surtidores de sombra y sue\u00f1o, oasis ciudadanos de paz, poco a poco van desapareciendo los lugares arbolados donde remansar la vida y hac\u00e9rnosla habitable a los granadinos. Esta ciudad, que anta\u00f1o fue vega de frutales y acequias de riego con chopos en los ribazos, patria de remolacha y de maizales, es ahora la urbe del asfalto y del cemento, cercana aproximaci\u00f3n a la tierra bald\u00eda de Eliot, grisura ordenada y triste abandonada cada vez m\u00e1s a su suerte. Pero hubo una \u00e9poca, que abarca hasta casi el presente, hasta este septiembre que trae a nuestras manos los frutos primeros del oto\u00f1o, donde existi\u00f3 un lugar rec\u00f3ndito, un para\u00edso escondido que ocultaba un bosque peque\u00f1o y limpio, con su pradera esmeralda y sus bancos de madera diseminados. Por all\u00ed, entre almeces, pl\u00e1tanos y alg\u00fan cipr\u00e9s apuntando certero y persistente como flecha al cielo, a imitaci\u00f3n del de Gerardo Diego, corr\u00edan los perrillos, los ni\u00f1os jugaban y, los que ahora somos adultos, configur\u00e1bamos un mundo alejado de discordias y angustias, \u00a0acompa\u00f1ados de nuestros referentes, escuchando el silencio.<\/p>\n<p><span style=\"text-align: justify;\">Era el Serrallo de antes. Por eso, aunque en los \u00faltimos dos a\u00f1os subo menos a aquella que en un tiempo fue mi casa, horizonte de alegr\u00eda, refugio de afectos y de m\u00e1gicas sorpresas, veo con desolaci\u00f3n en mis visitas de qu\u00e9 forma se secan los almeces, c\u00f3mo los pl\u00e1tanos son esqueletos deform\u00e1ndose, y la manera en que cada cipr\u00e9s va perdiendo poco a poco la certidumbre de alcanzar las nubes m\u00e1s blancas.<\/span><\/p>\n<p style=\"text-align: justify;\">Evidentemente, los est\u00e1n dejando morir de sed y los \u00e1rboles del Serrallo, en su alta dignidad, mueren de pie, igual que han vivido; silentes hoy, porque hasta los gorrioncillos \u00a0y las currucas van abandonando sus hogares, conscientes de que se avecina el desamparo, esa crueldad que implica la renuncia de los humanos a proteger el medio ambiente que provee -adem\u00e1s- de un aire limpio y fragante, pues los rosales bordeaban la pradera. Ya no hay rosas tampoco. Y siento una tristeza infinita al ver c\u00f3mo va desapareciendo un mundo distinto y mejor por la desidia y la torpeza ego\u00edsta de quienes no resguardan ese patrimonio para sus hijos y los hijos de sus hijos, herederos todos de lo que nosotros dejemos, incluidas las ense\u00f1anzas, los modos de proceder. Me temo que, si no se toman medidas urgentes, all\u00ed no habr\u00e1 mirlos la pr\u00f3xima primavera, ni las hojas ser\u00e1n hospedaje de paso de las gotas de lluvia cuando el invierno se acerque por sorpresa. No quedar\u00e1 nada si no se act\u00faa pronto y, pronto, es una palabra que rara vez entra en el vocabulario granad\u00ed. \u00a0Por eso temo poder decir con Eliot, que \u201che conocido los crep\u00fasculos, las tardes y las ma\u00f1anas,\/ mi vida la he medido con cucharillas de caf\u00e9;\/ y conozco las voces ag\u00f3nicas en su ag\u00f3nica ca\u00edda\u201d. Y aqu\u00ed lo cuento para no ser c\u00f3mplice de los que callan y miran para otro lado, de los que vieron un vergel \u00a0y cuando lo observan convertido en secarral, piensan en hacer all\u00ed un aparcamiento. Quisiera ser la voz de la memoria, apelar a la responsabilidad de Inagra (la urbanizaci\u00f3n, te\u00f3ricamente, depende del ayuntamiento) y al compromiso de los propios residentes para salvaguardar un legado que fue verdor, ternura y esperanza. De ellos depende que no sea \u00e9ste otro m\u00e1s de los vergonzantes olvidos de Granada.<\/p>\n<p>foto Ideal : La entrada principal, calle Aixa la Horra.<\/p>\n<div class=\"swiper-slide swiper-slide-next\">\n<figure class=\"voc-main-figure content-media\">\n<div class=\"voc-height-auto\">\u00a0<\/div>\n<\/figure>\n<\/div>\n<div class=\"swiper-slide\">\n<figure class=\"voc-main-figure content-media\">\n<div class=\"voc-height-auto\">\u00a0<\/div>\n<\/figure>\n<\/div>\n<div class=\"swiper-slide\">\u00a0<\/div>\n","protected":false},"excerpt":{"rendered":"<p>Est\u00e1n dejando morir de sed y los \u00e1rboles del Serrallo, en su alta dignidad, mueren&#8230;<\/p>\n","protected":false},"author":1,"featured_media":48948,"comment_status":"closed","ping_status":"closed","sticky":false,"template":"","format":"standard","meta":{"_coblocks_attr":"","_coblocks_dimensions":"","_coblocks_responsive_height":"","_coblocks_accordion_ie_support":"","jetpack_post_was_ever_published":false,"_jetpack_newsletter_access":"","_jetpack_dont_email_post_to_subs":false,"_jetpack_newsletter_tier_id":0,"_jetpack_memberships_contains_paywalled_content":false,"_jetpack_memberships_contains_paid_content":false,"footnotes":"","jetpack_publicize_message":"","jetpack_publicize_feature_enabled":true,"jetpack_social_post_already_shared":false,"jetpack_social_options":{"image_generator_settings":{"template":"highway","default_image_id":0,"enabled":false},"version":2}},"categories":[1161,44,6914,6937,15],"tags":[8553,129],"class_list":["post-48947","post","type-post","status-publish","format-standard","has-post-thumbnail","hentry","category-ciudadania","category-noticias-de-hoy","category-opinion-de-reme-sanchez","category-sociedad","category-ultimas-noticias","tag-arboledas","tag-granada"],"jetpack_publicize_connections":[],"jetpack_featured_media_url":"https:\/\/i0.wp.com\/miradordeatarfe.es\/wp-content\/uploads\/2021\/09\/gra-serrallo1-660x371-1.jpg?fit=660%2C371&ssl=1","jetpack_likes_enabled":true,"jetpack_sharing_enabled":true,"_links":{"self":[{"href":"https:\/\/miradordeatarfe.es\/index.php?rest_route=\/wp\/v2\/posts\/48947","targetHints":{"allow":["GET"]}}],"collection":[{"href":"https:\/\/miradordeatarfe.es\/index.php?rest_route=\/wp\/v2\/posts"}],"about":[{"href":"https:\/\/miradordeatarfe.es\/index.php?rest_route=\/wp\/v2\/types\/post"}],"author":[{"embeddable":true,"href":"https:\/\/miradordeatarfe.es\/index.php?rest_route=\/wp\/v2\/users\/1"}],"replies":[{"embeddable":true,"href":"https:\/\/miradordeatarfe.es\/index.php?rest_route=%2Fwp%2Fv2%2Fcomments&post=48947"}],"version-history":[{"count":1,"href":"https:\/\/miradordeatarfe.es\/index.php?rest_route=\/wp\/v2\/posts\/48947\/revisions"}],"predecessor-version":[{"id":48949,"href":"https:\/\/miradordeatarfe.es\/index.php?rest_route=\/wp\/v2\/posts\/48947\/revisions\/48949"}],"wp:featuredmedia":[{"embeddable":true,"href":"https:\/\/miradordeatarfe.es\/index.php?rest_route=\/wp\/v2\/media\/48948"}],"wp:attachment":[{"href":"https:\/\/miradordeatarfe.es\/index.php?rest_route=%2Fwp%2Fv2%2Fmedia&parent=48947"}],"wp:term":[{"taxonomy":"category","embeddable":true,"href":"https:\/\/miradordeatarfe.es\/index.php?rest_route=%2Fwp%2Fv2%2Fcategories&post=48947"},{"taxonomy":"post_tag","embeddable":true,"href":"https:\/\/miradordeatarfe.es\/index.php?rest_route=%2Fwp%2Fv2%2Ftags&post=48947"}],"curies":[{"name":"wp","href":"https:\/\/api.w.org\/{rel}","templated":true}]}}