{"id":4895,"date":"2015-12-04T08:18:26","date_gmt":"2015-12-04T08:18:26","guid":{"rendered":"http:\/\/miradordeatarfe.es\/?p=4895"},"modified":"2015-12-05T09:42:56","modified_gmt":"2015-12-05T09:42:56","slug":"coalicion-contra-el-machismo","status":"publish","type":"post","link":"https:\/\/miradordeatarfe.es\/?p=4895","title":{"rendered":"Coalici\u00f3n contra el machismo"},"content":{"rendered":"<div class=\"hgroup\">\n<p style=\"text-align: justify;\">\u00abCreo que lo importante es que se est\u00e9 creando un caldo de cultivo propicio para dar otro salto en la lucha contra esta lacra secular que es el machismo. Hay millones de mujeres \u2013y de hombres- dispuestos a enrolarse en esta coalici\u00f3n, pero alguien tiene que liderarla. Y ese deber\u00eda ser uno de los grandes objetivos pol\u00edticos en la pr\u00f3xima legislatura.\u00bb<\/p>\n<\/div>\n<p style=\"text-align: justify;\"><!--more--><\/p>\n<p style=\"text-align: justify;\">Sabemos por experiencia que conceptos que a fuerza de manosearlos acaban perdiendo parte de su fuerza, pero no por eso dejan de tener valor. Hoy <strong>les propongo que pensemos lo que significa exactamente un pacto de Estado<\/strong> y qu\u00e9 asuntos ser\u00edan susceptibles de ser gestionados con este instrumento. Ahora mismo, por ejemplo, <strong>tenemos sobre la mesa un proyecto de pacto de Estado contra el yihadismo<\/strong> despu\u00e9s de los atentados de Par\u00eds; y en el pasado ha habido propuestas de todo tipo, relativas a pensiones, educaci\u00f3n, justicia, sanidad&#8230;. Y sin embargo&#8230; <strong>nunca hemos tenido uno para luchar contra la violencia machista<\/strong>. Nunca lo ha habido a pesar de que 70 mujeres asesinadas cada a\u00f1o, 700.000 maltratadas, 340 denuncias que se presentan cada d\u00eda, 28.000 condenas de agresores o 18.000 \u00f3rdenes de protecci\u00f3n son cifras que permiten calibrar la dimensi\u00f3n del problema, que desde luego no es menor. <strong>Pero tenemos la desgracia de que despu\u00e9s hay demasiados voluntarios que ponen siempre pegas para afrontarlo como un problema de Estado<\/strong>, <strong>que lo es<\/strong>. Incluso se ha hecho mofa de los intentos por mejorar, y si no que se lo pregunten a Bibiana A\u00eddo tras la ef\u00edmera existencia del Ministerio de Igualdad.<\/p>\n<p style=\"text-align: justify;\">Pero cuidado porque parece que el viento est\u00e1 rolando. El <strong>PSOE<\/strong> lo intent\u00f3 hace unos meses \u2013lo del pacto de Estado- aunque <strong>el PP lo tumb\u00f3<\/strong>. Despu\u00e9s, el pasado d\u00eda 7 en la gran manifestaci\u00f3n de Madrid se escucharon gritos en esta direcci\u00f3n; luego, voces de la sociedad civil como la de <strong>Miguel Lorente<\/strong> se han desga\u00f1itado reclam\u00e1ndolo y ahora es un gobierno auton\u00f3mico el que vuelve a la carga; se trata de <strong>la Junta de Andaluc\u00eda<\/strong>, lo ha aprobado hoy mismo su consejo de gobierno, y aunque estoy seguro de que no habr\u00e1 ning\u00fan avance hasta despu\u00e9s de las elecciones y que incluso escucharemos cr\u00edticas de electoralismo&#8230;. <strong>\u00bfsaben una cosa? Me importa un carajo<\/strong>. Creo que lo importante es que se est\u00e9 creando <strong>un caldo de cultivo propicio para dar otro salto en la lucha contra esta lacra secular que es el machismo<\/strong>. Hay millones de mujeres \u2013y de hombres- dispuestos a enrolarse en esta coalici\u00f3n, pero alguien tiene que liderarla. <strong>Y ese deber\u00eda ser uno de los grandes objetivos pol\u00edticos en la pr\u00f3xima legislatura<\/strong>.<\/p>\n","protected":false},"excerpt":{"rendered":"<p>\u00abCreo que lo importante es que se est\u00e9 creando un caldo de cultivo propicio para&#8230;<\/p>\n","protected":false},"author":1,"featured_media":4896,"comment_status":"closed","ping_status":"closed","sticky":false,"template":"","format":"standard","meta":{"_coblocks_attr":"","_coblocks_dimensions":"","_coblocks_responsive_height":"","_coblocks_accordion_ie_support":"","jetpack_post_was_ever_published":false,"_jetpack_newsletter_access":"","_jetpack_dont_email_post_to_subs":false,"_jetpack_newsletter_tier_id":0,"_jetpack_memberships_contains_paywalled_content":false,"_jetpack_memberships_contains_paid_content":false,"footnotes":"","jetpack_publicize_message":"","jetpack_publicize_feature_enabled":true,"jetpack_social_post_already_shared":false,"jetpack_social_options":{"image_generator_settings":{"template":"highway","default_image_id":0,"enabled":false},"version":2}},"categories":[1161,15],"tags":[41,562,1731],"class_list":["post-4895","post","type-post","status-publish","format-standard","has-post-thumbnail","hentry","category-ciudadania","category-ultimas-noticias","tag-feminismo","tag-machismo","tag-pacto"],"jetpack_publicize_connections":[],"jetpack_featured_media_url":"https:\/\/i0.wp.com\/miradordeatarfe.es\/wp-content\/uploads\/2015\/11\/1447762902_943939_1447762955_sumario_normal.jpg?fit=300%2C309&ssl=1","jetpack_likes_enabled":true,"jetpack_sharing_enabled":true,"_links":{"self":[{"href":"https:\/\/miradordeatarfe.es\/index.php?rest_route=\/wp\/v2\/posts\/4895","targetHints":{"allow":["GET"]}}],"collection":[{"href":"https:\/\/miradordeatarfe.es\/index.php?rest_route=\/wp\/v2\/posts"}],"about":[{"href":"https:\/\/miradordeatarfe.es\/index.php?rest_route=\/wp\/v2\/types\/post"}],"author":[{"embeddable":true,"href":"https:\/\/miradordeatarfe.es\/index.php?rest_route=\/wp\/v2\/users\/1"}],"replies":[{"embeddable":true,"href":"https:\/\/miradordeatarfe.es\/index.php?rest_route=%2Fwp%2Fv2%2Fcomments&post=4895"}],"version-history":[{"count":1,"href":"https:\/\/miradordeatarfe.es\/index.php?rest_route=\/wp\/v2\/posts\/4895\/revisions"}],"predecessor-version":[{"id":4897,"href":"https:\/\/miradordeatarfe.es\/index.php?rest_route=\/wp\/v2\/posts\/4895\/revisions\/4897"}],"wp:featuredmedia":[{"embeddable":true,"href":"https:\/\/miradordeatarfe.es\/index.php?rest_route=\/wp\/v2\/media\/4896"}],"wp:attachment":[{"href":"https:\/\/miradordeatarfe.es\/index.php?rest_route=%2Fwp%2Fv2%2Fmedia&parent=4895"}],"wp:term":[{"taxonomy":"category","embeddable":true,"href":"https:\/\/miradordeatarfe.es\/index.php?rest_route=%2Fwp%2Fv2%2Fcategories&post=4895"},{"taxonomy":"post_tag","embeddable":true,"href":"https:\/\/miradordeatarfe.es\/index.php?rest_route=%2Fwp%2Fv2%2Ftags&post=4895"}],"curies":[{"name":"wp","href":"https:\/\/api.w.org\/{rel}","templated":true}]}}