{"id":48957,"date":"2021-09-25T10:00:52","date_gmt":"2021-09-25T08:00:52","guid":{"rendered":"https:\/\/miradordeatarfe.es\/?p=48957"},"modified":"2021-09-24T19:05:45","modified_gmt":"2021-09-24T17:05:45","slug":"la-plataforma-abiertaugr-oferta-el-mooc-federico-garcia-lorca-5a-edicion","status":"publish","type":"post","link":"https:\/\/miradordeatarfe.es\/?p=48957","title":{"rendered":"La plataforma AbiertaUGR oferta el MOOC Federico Garc\u00eda Lorca 5\u00aa edici\u00f3n"},"content":{"rendered":"<h3 align=\"JUSTIFY\"><strong>De car\u00e1cter online, abierto, con matr\u00edcula gratuita y ofrecido en castellano e ingl\u00e9s<\/strong><\/h3>\n<div class=\"small-12 large-8 columns\" role=\"main\">\n<article id=\"post-375549\" class=\"post-375549 noticia type-noticia status-publish has-post-thumbnail hentry categoria_canalugr-ugractualidad\">\n<div class=\"entry-content\">\n<p align=\"JUSTIFY\">La plataforma AbiertaUGR oferta el MOOC Federico Garc\u00eda Lorca 5\u00aa edici\u00f3n, coordinado por la profesora del Departamento de Literatura Espa\u00f1ola, Encarna Alonso Valero.<\/p>\n<p align=\"JUSTIFY\">El MOOC es de car\u00e1cter online, abierto, con matr\u00edcula gratuita y se ofrece en castellano e ingl\u00e9s. Dispone de 6 m\u00f3dulos y dos transversales:<\/p>\n<ul>\n<li><strong>M\u00f3dulo 1:<\/strong>\u00a0El joven Federico Garc\u00eda Lorca. Coordinador de M\u00f3dulo: Luis Garc\u00eda Montero<\/li>\n<li><strong>M\u00f3dulo 2:<\/strong>\u00a0Los a\u00f1os de la primera madurez. Coordinador de M\u00f3dulo: Miguel \u00c1ngel Garc\u00eda<\/li>\n<li><strong>M\u00f3dulo 3:<\/strong>\u00a0La luz del poeta es la contradicci\u00f3n. Coordinador de M\u00f3dulo: Miguel \u00c1ngel Garc\u00eda<\/li>\n<li><strong>M\u00f3dulo 4:<\/strong>\u00a0Lo posible y lo imposible. Coordinadora: Encarna Alonso Valero<\/li>\n<li><strong>M\u00f3dulo 5:<\/strong>\u00a0Empieza la tragedia. Coordinadora: Encarna Alonso Valero<\/li>\n<li><strong>M\u00f3dulo 6:<\/strong>\u00a0El \u00faltimo Lorca. Coordinador: Andr\u00e9s Soria Olmedo<\/li>\n<li><strong>M\u00f3dulos transversales:<\/strong>\u00a0Lorquistas Internacionales: Federico Garc\u00eda Lorca, un cl\u00e1sico moderno \/ Garc\u00eda Lorca y m\u00fasica en Granada<\/li>\n<\/ul>\n<p align=\"JUSTIFY\">Este MOOC comienza el 4 de octubre de 2021 y finaliza el 22 de noviembre de 2021. Tiene una duraci\u00f3n de 75 horas y cuenta con un reconocimiento de 3 cr\u00e9ditos ECTs.<\/p>\n<p align=\"JUSTIFY\"><strong>Matriculaci\u00f3n ya disponible:<\/strong>\u00a0<span lang=\"zxx\"><a href=\"https:\/\/abierta.ugr.es\/lorca\/\" target=\"_blank\" rel=\"noopener\">https:\/\/abierta.ugr.es\/lorca\/<\/a><\/span><\/p>\n<\/div>\n<footer>\n<p>&nbsp;<\/p>\n<\/footer>\n<\/article>\n<\/div>\n<aside id=\"sidebar\" class=\"small-12 large-4 columns\">\n<div class=\"row\">\n<div class=\"my-gallery\" data-pswp-uid=\"1\">\u00a0<\/div>\n<\/div>\n<\/aside>\n<p align=\"JUSTIFY\">\u00a0<\/p>\n","protected":false},"excerpt":{"rendered":"<p>De car\u00e1cter online, abierto, con matr\u00edcula gratuita y ofrecido en castellano e ingl\u00e9s La plataforma&#8230;<\/p>\n","protected":false},"author":1,"featured_media":48958,"comment_status":"closed","ping_status":"closed","sticky":false,"template":"","format":"standard","meta":{"_coblocks_attr":"","_coblocks_dimensions":"","_coblocks_responsive_height":"","_coblocks_accordion_ie_support":"","jetpack_post_was_ever_published":false,"_jetpack_newsletter_access":"","_jetpack_dont_email_post_to_subs":false,"_jetpack_newsletter_tier_id":0,"_jetpack_memberships_contains_paywalled_content":false,"_jetpack_memberships_contains_paid_content":false,"footnotes":"","jetpack_publicize_message":"","jetpack_publicize_feature_enabled":true,"jetpack_social_post_already_shared":false,"jetpack_social_options":{"image_generator_settings":{"template":"highway","default_image_id":0,"enabled":false},"version":2}},"categories":[1161,44,15],"tags":[4488,2213],"class_list":["post-48957","post","type-post","status-publish","format-standard","has-post-thumbnail","hentry","category-ciudadania","category-noticias-de-hoy","category-ultimas-noticias","tag-federico-garcia-lorca","tag-ugr"],"jetpack_publicize_connections":[],"jetpack_featured_media_url":"https:\/\/i0.wp.com\/miradordeatarfe.es\/wp-content\/uploads\/2021\/09\/lorca_cartel_digital_2019.jpg?fit=1920%2C1080&ssl=1","jetpack_likes_enabled":true,"jetpack_sharing_enabled":true,"_links":{"self":[{"href":"https:\/\/miradordeatarfe.es\/index.php?rest_route=\/wp\/v2\/posts\/48957","targetHints":{"allow":["GET"]}}],"collection":[{"href":"https:\/\/miradordeatarfe.es\/index.php?rest_route=\/wp\/v2\/posts"}],"about":[{"href":"https:\/\/miradordeatarfe.es\/index.php?rest_route=\/wp\/v2\/types\/post"}],"author":[{"embeddable":true,"href":"https:\/\/miradordeatarfe.es\/index.php?rest_route=\/wp\/v2\/users\/1"}],"replies":[{"embeddable":true,"href":"https:\/\/miradordeatarfe.es\/index.php?rest_route=%2Fwp%2Fv2%2Fcomments&post=48957"}],"version-history":[{"count":1,"href":"https:\/\/miradordeatarfe.es\/index.php?rest_route=\/wp\/v2\/posts\/48957\/revisions"}],"predecessor-version":[{"id":48959,"href":"https:\/\/miradordeatarfe.es\/index.php?rest_route=\/wp\/v2\/posts\/48957\/revisions\/48959"}],"wp:featuredmedia":[{"embeddable":true,"href":"https:\/\/miradordeatarfe.es\/index.php?rest_route=\/wp\/v2\/media\/48958"}],"wp:attachment":[{"href":"https:\/\/miradordeatarfe.es\/index.php?rest_route=%2Fwp%2Fv2%2Fmedia&parent=48957"}],"wp:term":[{"taxonomy":"category","embeddable":true,"href":"https:\/\/miradordeatarfe.es\/index.php?rest_route=%2Fwp%2Fv2%2Fcategories&post=48957"},{"taxonomy":"post_tag","embeddable":true,"href":"https:\/\/miradordeatarfe.es\/index.php?rest_route=%2Fwp%2Fv2%2Ftags&post=48957"}],"curies":[{"name":"wp","href":"https:\/\/api.w.org\/{rel}","templated":true}]}}