{"id":4898,"date":"2015-12-02T07:00:50","date_gmt":"2015-12-02T07:00:50","guid":{"rendered":"http:\/\/miradordeatarfe.es\/?p=4898"},"modified":"2015-12-04T23:13:57","modified_gmt":"2015-12-04T23:13:57","slug":"cataluna-aprende-del-ejemplo-de-andalucia-para-recuperar-la-memoria-democratica","status":"publish","type":"post","link":"https:\/\/miradordeatarfe.es\/?p=4898","title":{"rendered":"Catalu\u00f1a aprende del ejemplo de Andaluc\u00eda para recuperar la Memoria Democr\u00e1tica"},"content":{"rendered":"<div class=\"content\">\n<div id=\"main\">\n<div class=\"item\">\n<div class=\"entrad\" style=\"text-align: justify;\">Unas jornadas en Sant Feliu de Gu\u00edxols analizan la recuperaci\u00f3n de la memoria en Andaluc\u00eda.Los socialistas catalanes miran a Andaluc\u00eda como ejemplo para recuperar la Memoria Democr\u00e1tica, amparada por Ley, y adem\u00e1s de honrar a las v\u00edctimas incluye la exhumaci\u00f3n de fosas de republicanos asesinados por los franquistas<\/div>\n<\/div>\n<\/div>\n<\/div>\n<p style=\"text-align: justify;\"><!--more--><\/p>\n<div class=\"cuerpo\" style=\"text-align: justify;\">\n<div>Cuarenta a\u00f1os despu\u00e9s de la muerte de Franco a\u00fan hay en las cunetas miles de espa\u00f1oles asesinados por los fascistas. Seg\u00fan la investigaci\u00f3n del juez Baltasar Garz\u00f3n en la Audiencia Nacional, que no le dejaron cerrar, se estima que yacen en fosas m\u00e1s de 140.0000 personas, asesinadas por fascistas, tropas de Franco, falangistas o afines al r\u00e9gimen del dictador, sin poder contabilizar a los ni\u00f1os perdidos o los ca\u00eddos en los campos de batalla. Una verg\u00fcenza.<\/div>\n<div><\/div>\n<div>La fr\u00eda estimaci\u00f3n supone que Espa\u00f1a es el segundo pa\u00eds del mundo en n\u00famero de desaparecidos, solo superado por la Camboya del \u00a0r\u00e9gimen comunista del genocida Pol Pot.<\/div>\n<div><\/div>\n<div class=\"divdest\">Tan solo en <strong>Andaluc\u00eda<\/strong>, fuentes oficiales hablan de 60.000 desaparecidos cuyos restos aguardan en, al menos, 620 fosas. As\u00ed, existen m\u00e1s desaparecidos en Andaluc\u00eda que si se suman los asesinatos \u00a0en las dictaduras de Chile, Argentina, Per\u00fa y Guatemala.<\/div>\n<div>Una de ellas, en Mocl\u00edn fue abierta en noviembre del a\u00f1o pasado, gracias a la insistencia de Francisco G\u00e1lvez P\u00e9rez, que con ayuda del Ayuntamiento de la localidad granadina y de la Junta pudo exhumar los restos de su abuelo, Francisco P\u00e9rez Fern\u00e1ndez.<\/div>\n<div><\/div>\n<div>Su abuelo, record\u00f3 entonces su nieto, era un \u00abtrabajador del campo\u00bb, un segador, que \u00a0nunca milit\u00f3 en partido pol\u00edtico alguno. \u00abEra una persona muy humilde, al que mataron simplemente por eso\u00bb, \u00a0se\u00f1alaba G\u00e1lvez, que pudo dar un \u00abenterramiento digno\u00bb a su familiar y hacer \u00abjusticia\u00bb con su abuelo y con las otras tres v\u00edctimas que se encontraban junto a \u00e9l, en la misma fosa com\u00fan.<\/div>\n<div><\/div>\n<p class=\"img\"><img data-recalc-dims=\"1\" loading=\"lazy\" decoding=\"async\" class=\"media-image\" src=\"https:\/\/i0.wp.com\/www.elindependientedegranada.es\/sites\/default\/files\/styles\/large\/public\/memoria7.jpg?resize=481%2C642\" alt=\"\" width=\"481\" height=\"642\" \/><\/p>\n<p class=\"pie\">Francisco G\u00e1lvez P\u00e9rez abre las jornadas. Al lado el cuadro de su abuelo. <span class=\"firma\">Jorge Rodr\u00edguez Puche<\/span><\/p>\n<div>El impulsor de aquella exhumaci\u00f3n, Francis G\u00e1lvez P\u00e9rez, natural de Colomera, es primer secretario del PSC en Sant Feliu de Gu\u00edxols, \u00a0municipio gerundense situado en pleno coraz\u00f3n de la Costa Brava, en el Bajo Ampurd\u00e1n.<\/div>\n<div><\/div>\n<div>Conocedor por propia experiencia de la Ley de Memoria Democr\u00e1tica de Andaluc\u00eda, del sufrimiento de los familiares de las v\u00edctimas que yacen en las cunetas y de las iniciativas legislativas, como la andaluza, que permiten honrar a los asesinados por el franquismo y la exhumaci\u00f3n de las fosas, ha impulsado las \u201cJornadas de Memoria Hist\u00f3rica. 40 a\u00f1os despu\u00e9s de la dictadura franquista. La recuperaci\u00f3n de la Memoria en Andaluc\u00eda\u201d.<\/div>\n<div><\/div>\n<p class=\"img\"><img data-recalc-dims=\"1\" loading=\"lazy\" decoding=\"async\" class=\"media-image\" src=\"https:\/\/i0.wp.com\/www.elindependientedegranada.es\/sites\/default\/files\/styles\/large\/public\/memoria4.jpg?resize=468%2C384\" alt=\"\" width=\"468\" height=\"384\" \/><\/p>\n<p class=\"pie\">El equipo de Andr\u00e9s Fern\u00e1ndez con Javier Gir\u00e1ldez. <span class=\"firma\">Jorge Rodr\u00edguez Puche<\/span><\/p>\n<div>Las jornadas, organizadas por el grupo de socialistas catalanes Opina-S y el PSC, tratan de acercar, para que sirva de ejemplo, el modelo andaluz en Catalu\u00f1a, donde \u201chace cuatro a\u00f1os que no se abre ni una de las 400 fosas\u201d documentadas, lamenta Francisco G\u00e1lvez quien a\u00f1ade que esto debido a las entidades no reciben subvenciones porque, subraya, \u201cinfluye los gobiernos que hay en cada sitio\u201d.<\/div>\n<div><\/div>\n<h4>Ponentes y temas<\/h4>\n<div>Para ello, desde ayer se re\u00fanen a Sant Feliu de G\u00edxols, destacados ponentes, como el director general de Memoria Democr\u00e1tica de la Junta de Andaluc\u00eda, Javier Gir\u00e1ldez, quien explicar\u00e1 la Ley andaluza o el historiador, arque\u00f3logo y antrop\u00f3logo forense, Andr\u00e9s Fern\u00e1ndez Mart\u00edn, quien detallar\u00e1 dos casos en los que particip\u00f3, como son las investigaciones en las fosas comunes del cementerio de San Rafael, en M\u00e1laga, y de Camas, en Sevilla.<\/div>\n<div><\/div>\n<p class=\"img\"><img data-recalc-dims=\"1\" loading=\"lazy\" decoding=\"async\" class=\"media-image\" src=\"https:\/\/i0.wp.com\/www.elindependientedegranada.es\/sites\/default\/files\/styles\/large\/public\/memoria1.jpg?resize=493%2C370\" alt=\"\" width=\"493\" height=\"370\" \/><\/p>\n<p class=\"pie\">Paco G\u00e1lvez, Carles Motas (alcalde), Javier Gir\u00e1ldez y Andr\u00e9s Fern\u00e1ndez. <span class=\"firma\">Jorge Rodr\u00edguez Puche<\/span><\/p>\n<div>La primera sesi\u00f3n se cerr\u00f3 con la proyecci\u00f3n del documental de Jorge Rodr\u00edguez Puche, \u2018La primera curva a la derecha\u2019.<\/div>\n<div><\/div>\n<div>La segunda sesi\u00f3n arrancar\u00e1 esta tarde con la historiadora y arque\u00f3loga Mar\u00eda Isabel Brenes, que explicar\u00e1 la metodolog\u00eda hist\u00f3rica de un caso que bien conoce, la fosa de Villanueva de Cauche, en Antequera, M\u00e1laga. En la segunda sesi\u00f3n de esta tarde, el arque\u00f3logo Crist\u00f3bal Alc\u00e1ntara Vegas detallar\u00e1 la experiencia en una fosa con m\u00e1s de un centenar de v\u00edctimas, como fue en Teba, M\u00e1laga, para dar paso al historiador Josep M. Mu\u00f1oz i Ayats, quien hablar\u00e1 de la Memoria del Futuro.<\/div>\n<div><\/div>\n<div>La sesi\u00f3n de hoy la cerrar\u00e1 la proyecci\u00f3n de documental de Jorge Rodr\u00edguez Puche, \u2018Bajo el almendro\u2019 que narra, precisamente, la exhumaci\u00f3n en Mocl\u00edn de la fosa donde se hallaron los restos del abuelo de Francisco G\u00e1lvez P\u00e9rez y de otras dos personas.<\/div>\n<div><\/div>\n<div><\/div>\n<div><\/div>\n<div>\u201cYo soy nieto de un asesinado\u201d, explica Francisco G\u00e1lvez P\u00e9rez, para se\u00f1alar que cuando vivi\u00f3 aquella experiencia y conocer el extraordinario grupo de trabajo que particip\u00f3 en aquella exhumaci\u00f3n se pregunt\u00f3: \u201cSi en Catalu\u00f1a no se abren fosas, por qu\u00e9 no hacer unas jornadas para explicar las iniciativas de Andaluc\u00eda\u201d.<\/div>\n<div><\/div>\n<div>Ma\u00f1ana se celebrar\u00e1 la \u00faltima sesi\u00f3n con una mesa redonda en la que, moderada por Laura Serrano G\u00e1lvez, participar\u00e1n el propio Francisco G\u00e1lvez P\u00e9rez, como familiar de una v\u00edctima, Mar\u00eda Isabel Brenes, Andr\u00e9s Fern\u00e1ndez Mart\u00edn y Ferr\u00e1n Pedret Santos, licenciado en Derecho y diputado del PSC en el Parlamento catal\u00e1n.<\/div>\n<div><\/div>\n<p class=\"img\"><img data-recalc-dims=\"1\" loading=\"lazy\" decoding=\"async\" class=\"media-image\" src=\"https:\/\/i0.wp.com\/www.elindependientedegranada.es\/sites\/default\/files\/styles\/large\/public\/memoria6.jpg?resize=477%2C392\" alt=\"\" width=\"477\" height=\"392\" \/><\/p>\n<p class=\"pie\">Javier Gir\u00e1ldez, Paco G\u00e1lvez y Jorge Rodr\u00edguez Puche. <span class=\"firma\">J.R.P.<\/span><\/p>\n<div>La clausura correr\u00e1 a cargo de Marc Lamu\u00e0 Esta\u00f1ol, licenciado en Historia y candidato del PSC al Congreso de los Diputados.<\/div>\n<div><\/div>\n<div>Un concierto de la cantautora Luc\u00eda Socam, que actuar\u00e1 tambi\u00e9n esta noche, pondr\u00e1 fin a las jornadas, en las que como actividad complementaria se podr\u00e1 visitar una exposici\u00f3n fotogr\u00e1fica sobre la Memoria Hist\u00f3rica de Andaluc\u00eda, con trabajos de Jorge Rodr\u00edguez Puche.<\/div>\n<div><\/div>\n<div>Las jornadas cuyas fechas elegidas para celebrarlas, del 19 al 21 de noviembre fueron elegidas por azar, tambi\u00e9n pretenden ampliar la sensibilidad en Catalu\u00f1a, concienciar, sobre la recuperaci\u00f3n de la memoria y \u201cromper\u201d con esa tendencia establecida por el Gobierno (en funciones) de la Generalitat para reafirmar que \u201chay muchos lazos que compartir\u201d con otras comunidades de Espa\u00f1a, dijo Francisco G\u00e1lvez.<\/div>\n<div><\/div>\n<\/div>\n<div>\n<div id=\"disqus_thread\" style=\"text-align: justify;\"><\/div>\n<\/div>\n","protected":false},"excerpt":{"rendered":"<p>Unas jornadas en Sant Feliu de Gu\u00edxols analizan la recuperaci\u00f3n de la memoria en Andaluc\u00eda.Los&#8230;<\/p>\n","protected":false},"author":1,"featured_media":4899,"comment_status":"closed","ping_status":"closed","sticky":false,"template":"","format":"standard","meta":{"_coblocks_attr":"","_coblocks_dimensions":"","_coblocks_responsive_height":"","_coblocks_accordion_ie_support":"","jetpack_post_was_ever_published":false,"_jetpack_newsletter_access":"","_jetpack_dont_email_post_to_subs":false,"_jetpack_newsletter_tier_id":0,"_jetpack_memberships_contains_paywalled_content":false,"_jetpack_memberships_contains_paid_content":false,"footnotes":"","jetpack_publicize_message":"","jetpack_publicize_feature_enabled":true,"jetpack_social_post_already_shared":false,"jetpack_social_options":{"image_generator_settings":{"template":"highway","default_image_id":0,"enabled":false},"version":2}},"categories":[1161,15],"tags":[455,484,1732],"class_list":["post-4898","post","type-post","status-publish","format-standard","has-post-thumbnail","hentry","category-ciudadania","category-ultimas-noticias","tag-memoria-historica","tag-recuperacion","tag-socialistas"],"jetpack_publicize_connections":[],"jetpack_featured_media_url":"https:\/\/i0.wp.com\/miradordeatarfe.es\/wp-content\/uploads\/2015\/11\/memoria10.jpg?fit=750%2C563&ssl=1","jetpack_likes_enabled":true,"jetpack_sharing_enabled":true,"_links":{"self":[{"href":"https:\/\/miradordeatarfe.es\/index.php?rest_route=\/wp\/v2\/posts\/4898","targetHints":{"allow":["GET"]}}],"collection":[{"href":"https:\/\/miradordeatarfe.es\/index.php?rest_route=\/wp\/v2\/posts"}],"about":[{"href":"https:\/\/miradordeatarfe.es\/index.php?rest_route=\/wp\/v2\/types\/post"}],"author":[{"embeddable":true,"href":"https:\/\/miradordeatarfe.es\/index.php?rest_route=\/wp\/v2\/users\/1"}],"replies":[{"embeddable":true,"href":"https:\/\/miradordeatarfe.es\/index.php?rest_route=%2Fwp%2Fv2%2Fcomments&post=4898"}],"version-history":[{"count":1,"href":"https:\/\/miradordeatarfe.es\/index.php?rest_route=\/wp\/v2\/posts\/4898\/revisions"}],"predecessor-version":[{"id":4900,"href":"https:\/\/miradordeatarfe.es\/index.php?rest_route=\/wp\/v2\/posts\/4898\/revisions\/4900"}],"wp:featuredmedia":[{"embeddable":true,"href":"https:\/\/miradordeatarfe.es\/index.php?rest_route=\/wp\/v2\/media\/4899"}],"wp:attachment":[{"href":"https:\/\/miradordeatarfe.es\/index.php?rest_route=%2Fwp%2Fv2%2Fmedia&parent=4898"}],"wp:term":[{"taxonomy":"category","embeddable":true,"href":"https:\/\/miradordeatarfe.es\/index.php?rest_route=%2Fwp%2Fv2%2Fcategories&post=4898"},{"taxonomy":"post_tag","embeddable":true,"href":"https:\/\/miradordeatarfe.es\/index.php?rest_route=%2Fwp%2Fv2%2Ftags&post=4898"}],"curies":[{"name":"wp","href":"https:\/\/api.w.org\/{rel}","templated":true}]}}