{"id":490,"date":"2015-03-23T09:40:23","date_gmt":"2015-03-23T09:40:23","guid":{"rendered":"http:\/\/miradordeatarfe.es\/?p=490"},"modified":"2015-03-24T08:51:13","modified_gmt":"2015-03-24T08:51:13","slug":"los-partidos-con-representacion-tras-el-22-m-recibiran-22-299-euros-por-escano","status":"publish","type":"post","link":"https:\/\/miradordeatarfe.es\/?p=490","title":{"rendered":"Los partidos con representaci\u00f3n tras el 22-M recibir\u00e1n 22.299 euros por esca\u00f1o"},"content":{"rendered":"<div class=\"article-text\">\n<p>Tambi\u00e9n 82,29 c\u00e9ntimos por voto, siempre y cuando esos sufragios se traduzca en esca\u00f1os en esa circunscripci\u00f3n. As\u00ed lo determina una orden publicada el pasado 28 de enero por la Consejer\u00eda de Hacienda y Administraci\u00f3n P\u00fablica. Las cantidades son id\u00e9nticas a las establecidas para los \u00faltimos comicios auton\u00f3micos celebrados el 25 de marzo de 2012.<\/p>\n<p><!--more--><\/p>\n<p>Los partidos pol\u00edticos que logren representaci\u00f3n en el Parlamento andaluz en las elecciones auton\u00f3micas de este domingo 22 de marzo recibir\u00e1n <strong>22.299,12 euros por esca\u00f1o y 82,29 c\u00e9ntimos por voto<\/strong> en concepto de subvenciones por gastos electorales.<\/p>\n<p>As\u00ed lo determina una orden publicada el pasado 28 de enero por la Consejer\u00eda de Hacienda y Administraci\u00f3n P\u00fablica, que establece que las<strong> cantidades para subvenciones a gastos electorales<\/strong> ser\u00e1n id\u00e9nticas a las establecidas para los \u00faltimos comicios auton\u00f3micos celebrados el 25 de marzo de 2012.<\/p>\n<p>Al igual que en aquella cita con las urnas, la Junta fija que <strong>cada esca\u00f1o<\/strong> obtenido en el Parlamento andaluz ser\u00e1 subvencionado con <strong>22.299,12 euros<\/strong> y que se otorgar\u00e1n 82,29 c\u00e9ntimos por voto obtenido por cada lista siempre y cuando esos sufragios se traduzca en esca\u00f1os en esa circunscripci\u00f3n.<\/p>\n<p>L\u00edmite de gasto<\/p>\n<p>Por otra parte, Hacienda ya fij\u00f3 en la misma orden el<strong> l\u00edmite de los gastos electorales<\/strong> que podr\u00e1 realizar cada partido, federaci\u00f3n, coalici\u00f3n o agrupaci\u00f3n de electores que concurra a las urnas el 22-M en 3,67 millones de euros sumando las ocho circunscripciones provinciales. En el caso de <strong>Almer\u00eda<\/strong> el l\u00edmite se sit\u00faa en 306.427,15 euros; en <strong>C\u00e1diz<\/strong> en 541.584,42 euros; en <strong>C\u00f3rdoba<\/strong> en 349.098,85 euros; en <strong>Granada<\/strong> en 401.525,99 euros; en <strong>Huelva<\/strong> en 226.747,30 euros; en <strong>Ja\u00e9n <\/strong>en 287.799,71 euros; en <strong>M\u00e1laga<\/strong> en 708.313,43 euros; y en <strong>Sevilla<\/strong> en 847.789,73 euros.<\/p>\n<p>En el cap\u00edtulo de ayudas a la<strong> propaganda electoral gratuita por correo<\/strong> (mailing), la orden establece una subvenci\u00f3n que oscilar\u00e1 entre los 11,76 y los 35,27 c\u00e9ntimos por elector en funci\u00f3n del porcentaje de votos obtenidos el 22-M, siempre que se supere el cinco por ciento de apoyo en las urnas en la circunscripci\u00f3n.<\/p>\n<p>Conforme a la legislaci\u00f3n vigente, el importe de esta subvenci\u00f3n al &#8216;mailing&#8217; <strong>no computar\u00e1 dentro del l\u00edmite de gasto<\/strong> para la campa\u00f1a electoral al que debe atenerse cada partido que no estar\u00e1 incluida dentro de dicho l\u00edmite \u00absiempre que se haya justificado su realizaci\u00f3n efectiva\u00bb.<\/p>\n<p>&nbsp;<\/p>\n<p>publicado en : <a href=\"http:\/\/m.20minutos.es\/noticia\/2411326\/0\/partidos-politicos\/representacion-parlamento-andaluz\/subvenciones-gastos-electorales\/\" target=\"_blank\">http:\/\/m.20minutos.es\/noticia\/<wbr \/>2411326\/0\/partidos-politicos\/<wbr \/>representacion-parlamento-<wbr \/>andaluz\/subvenciones-gastos-<wbr \/>electorales\/<\/a><\/p>\n<\/div>\n","protected":false},"excerpt":{"rendered":"<p>Tambi\u00e9n 82,29 c\u00e9ntimos por voto, siempre y cuando esos sufragios se traduzca en esca\u00f1os en&#8230;<\/p>\n","protected":false},"author":1,"featured_media":491,"comment_status":"closed","ping_status":"closed","sticky":false,"template":"","format":"standard","meta":{"_coblocks_attr":"","_coblocks_dimensions":"","_coblocks_responsive_height":"","_coblocks_accordion_ie_support":"","jetpack_post_was_ever_published":false,"_jetpack_newsletter_access":"","_jetpack_dont_email_post_to_subs":false,"_jetpack_newsletter_tier_id":0,"_jetpack_memberships_contains_paywalled_content":false,"_jetpack_memberships_contains_paid_content":false,"footnotes":"","jetpack_publicize_message":"","jetpack_publicize_feature_enabled":true,"jetpack_social_post_already_shared":false,"jetpack_social_options":{"image_generator_settings":{"template":"highway","default_image_id":0,"enabled":false},"version":2}},"categories":[15],"tags":[244,245],"class_list":["post-490","post","type-post","status-publish","format-standard","has-post-thumbnail","hentry","category-ultimas-noticias","tag-coste-electoral","tag-subvencion"],"jetpack_publicize_connections":[],"jetpack_featured_media_url":"https:\/\/i0.wp.com\/miradordeatarfe.es\/wp-content\/uploads\/2015\/03\/coste.jpg?fit=366%2C138&ssl=1","jetpack_likes_enabled":true,"jetpack_sharing_enabled":true,"_links":{"self":[{"href":"https:\/\/miradordeatarfe.es\/index.php?rest_route=\/wp\/v2\/posts\/490","targetHints":{"allow":["GET"]}}],"collection":[{"href":"https:\/\/miradordeatarfe.es\/index.php?rest_route=\/wp\/v2\/posts"}],"about":[{"href":"https:\/\/miradordeatarfe.es\/index.php?rest_route=\/wp\/v2\/types\/post"}],"author":[{"embeddable":true,"href":"https:\/\/miradordeatarfe.es\/index.php?rest_route=\/wp\/v2\/users\/1"}],"replies":[{"embeddable":true,"href":"https:\/\/miradordeatarfe.es\/index.php?rest_route=%2Fwp%2Fv2%2Fcomments&post=490"}],"version-history":[{"count":1,"href":"https:\/\/miradordeatarfe.es\/index.php?rest_route=\/wp\/v2\/posts\/490\/revisions"}],"predecessor-version":[{"id":492,"href":"https:\/\/miradordeatarfe.es\/index.php?rest_route=\/wp\/v2\/posts\/490\/revisions\/492"}],"wp:featuredmedia":[{"embeddable":true,"href":"https:\/\/miradordeatarfe.es\/index.php?rest_route=\/wp\/v2\/media\/491"}],"wp:attachment":[{"href":"https:\/\/miradordeatarfe.es\/index.php?rest_route=%2Fwp%2Fv2%2Fmedia&parent=490"}],"wp:term":[{"taxonomy":"category","embeddable":true,"href":"https:\/\/miradordeatarfe.es\/index.php?rest_route=%2Fwp%2Fv2%2Fcategories&post=490"},{"taxonomy":"post_tag","embeddable":true,"href":"https:\/\/miradordeatarfe.es\/index.php?rest_route=%2Fwp%2Fv2%2Ftags&post=490"}],"curies":[{"name":"wp","href":"https:\/\/api.w.org\/{rel}","templated":true}]}}