{"id":49017,"date":"2021-09-21T11:42:14","date_gmt":"2021-09-21T09:42:14","guid":{"rendered":"https:\/\/miradordeatarfe.es\/?p=49017"},"modified":"2021-09-21T18:34:33","modified_gmt":"2021-09-21T16:34:33","slug":"desde-la-asociacion-ilbira-mozarabe-un-hasta-siempre-para-marcos-antonio-lamolda-palacios-buen-camino","status":"publish","type":"post","link":"https:\/\/miradordeatarfe.es\/?p=49017","title":{"rendered":"ATARFE: DESDE LA ASOCIACI\u00d3N ILBIRA MOZ\u00c1RABE:  \u201cUN HASTA SIEMPRE PARA MARCOS ANTONIO LAMOLDA PALACIOS, BUEN CAMINO\u201d."},"content":{"rendered":"<h3 align=\"JUSTIFY\"><span style=\"font-size: medium;\">La Asociaci\u00f3n Ilbira Moz\u00e1rabe quiere hacer un reconocimiento a uno de sus miembros fundadores fallecido el pasado mi\u00e9rcoles 15 de septiembre.<\/span><\/h3>\n<p align=\"JUSTIFY\"><span style=\"font-size: medium;\"> Un destacado cient\u00edfico en la disciplina de Paleontolog\u00eda, un ciudadano altruista promotor de la Fundaci\u00f3n Sierra Elvira tan volcada con la Educaci\u00f3n , el Arte, la Cultura, la solidaridad\u2026 una personalidad comprometida con los problemas cercanos de su pueblo y del mundo, un atarfe\u00f1o interesado y preocupado por el Camino Moz\u00e1rabe a Santiago a su paso por nuestra provincia ,Granada.<\/span><\/p>\n<p align=\"JUSTIFY\"><span style=\"font-size: medium;\">Fue el 18 de noviembre 2020 cuando varias personas entre ellas Marco Antonio, decidimos constituir la Asociaci\u00f3n Ilbira Moz\u00e1rabe, as\u00ed consta en el Acta Fundacional y Estatutos que \u00e9l redact\u00f3 con el objetivo primordial de recuperar un bien patrimonial-cultural que estaba olvidado, as\u00ed como el apoyo a los centenares de peregrinos que suelen pasar a lo largo del a\u00f1o. <\/span><\/p>\n<p align=\"JUSTIFY\"><span style=\"font-size: medium;\">La situaci\u00f3n de pandemia, su estado de salud, as\u00ed como otros problemas del resto de componentes nos imped\u00eda realizar las acciones que nos propon\u00edamos y \u00e9l siempre nos apremiaba para seguir avanzando, hasta el \u00faltimo momento se ve\u00eda con ganas de seguir haciendo actividades y gestiones para afianzar la Asociaci\u00f3n, a corto plazo \u00edbamos a tener la entrevista con el Presidente de la Federaci\u00f3n Andaluza de Asociaciones del Camino de Santiago que finalmente hubo que suspender por su grave estado de salud, tambi\u00e9n se nos qued\u00f3 en la agenda una visita al Convento de las Hermanas Comendadoras de Santiago, hoy hospeder\u00eda, d\u00f3nde ten\u00edamos pensado ir a comer.<\/span><\/p>\n<p align=\"JUSTIFY\"><span style=\"font-size: medium;\">Ahora estamos de duelo, y te recordaremos Marcos siempre por muchas cosas, olvidaremos las peque\u00f1as discusiones que pudimos tener, nos quedamos con la oportunidad que nos dio la vida de haber compartido la fundaci\u00f3n de esta Asociaci\u00f3n Ilbira Moz\u00e1rabe contigo, asumiremos la gesti\u00f3n de la cuenta de Facebook que tan eficazmente gestionabas, el d\u00eda que vayamos a Comendadoras brindaremos por ti y por la gran labor que hiciste all\u00e1 por d\u00f3nde pasaste.<\/span><\/p>\n<p align=\"JUSTIFY\"><span style=\"font-size: large;\">La Junta Gestora de la Asociaci\u00f3n Ilbira Moz\u00e1rabe<\/span><\/p>\n","protected":false},"excerpt":{"rendered":"<p>La Asociaci\u00f3n Ilbira Moz\u00e1rabe quiere hacer un reconocimiento a uno de sus miembros fundadores fallecido&#8230;<\/p>\n","protected":false},"author":1,"featured_media":49019,"comment_status":"closed","ping_status":"closed","sticky":false,"template":"","format":"standard","meta":{"_coblocks_attr":"","_coblocks_dimensions":"","_coblocks_responsive_height":"","_coblocks_accordion_ie_support":"","jetpack_post_was_ever_published":false,"_jetpack_newsletter_access":"","_jetpack_dont_email_post_to_subs":false,"_jetpack_newsletter_tier_id":0,"_jetpack_memberships_contains_paywalled_content":false,"_jetpack_memberships_contains_paid_content":false,"footnotes":"","jetpack_publicize_message":"","jetpack_publicize_feature_enabled":true,"jetpack_social_post_already_shared":false,"jetpack_social_options":{"image_generator_settings":{"template":"highway","default_image_id":0,"enabled":false},"version":2}},"categories":[2,1161,186,44,6539,15],"tags":[8558,8559,8548],"class_list":["post-49017","post","type-post","status-publish","format-standard","has-post-thumbnail","hentry","category-atarfe","category-ciudadania","category-instituciones","category-noticias-de-hoy","category-personajes-de-ataref","category-ultimas-noticias","tag-camino-de-santiago","tag-ilbira-mozarabe","tag-marcos-antonio-lamolda"],"jetpack_publicize_connections":[],"jetpack_featured_media_url":"https:\/\/i0.wp.com\/miradordeatarfe.es\/wp-content\/uploads\/2021\/09\/5-0.jpg?fit=592%2C444&ssl=1","jetpack_likes_enabled":true,"jetpack_sharing_enabled":true,"_links":{"self":[{"href":"https:\/\/miradordeatarfe.es\/index.php?rest_route=\/wp\/v2\/posts\/49017","targetHints":{"allow":["GET"]}}],"collection":[{"href":"https:\/\/miradordeatarfe.es\/index.php?rest_route=\/wp\/v2\/posts"}],"about":[{"href":"https:\/\/miradordeatarfe.es\/index.php?rest_route=\/wp\/v2\/types\/post"}],"author":[{"embeddable":true,"href":"https:\/\/miradordeatarfe.es\/index.php?rest_route=\/wp\/v2\/users\/1"}],"replies":[{"embeddable":true,"href":"https:\/\/miradordeatarfe.es\/index.php?rest_route=%2Fwp%2Fv2%2Fcomments&post=49017"}],"version-history":[{"count":3,"href":"https:\/\/miradordeatarfe.es\/index.php?rest_route=\/wp\/v2\/posts\/49017\/revisions"}],"predecessor-version":[{"id":49049,"href":"https:\/\/miradordeatarfe.es\/index.php?rest_route=\/wp\/v2\/posts\/49017\/revisions\/49049"}],"wp:featuredmedia":[{"embeddable":true,"href":"https:\/\/miradordeatarfe.es\/index.php?rest_route=\/wp\/v2\/media\/49019"}],"wp:attachment":[{"href":"https:\/\/miradordeatarfe.es\/index.php?rest_route=%2Fwp%2Fv2%2Fmedia&parent=49017"}],"wp:term":[{"taxonomy":"category","embeddable":true,"href":"https:\/\/miradordeatarfe.es\/index.php?rest_route=%2Fwp%2Fv2%2Fcategories&post=49017"},{"taxonomy":"post_tag","embeddable":true,"href":"https:\/\/miradordeatarfe.es\/index.php?rest_route=%2Fwp%2Fv2%2Ftags&post=49017"}],"curies":[{"name":"wp","href":"https:\/\/api.w.org\/{rel}","templated":true}]}}