{"id":49069,"date":"2021-09-23T11:24:26","date_gmt":"2021-09-23T09:24:26","guid":{"rendered":"https:\/\/miradordeatarfe.es\/?p=49069"},"modified":"2021-09-22T19:10:10","modified_gmt":"2021-09-22T17:10:10","slug":"los-atletas-de-atarfe-participan-en-la-semana-de-la-movilidad-por-manuel-jimenez","status":"publish","type":"post","link":"https:\/\/miradordeatarfe.es\/?p=49069","title":{"rendered":"\u00abLOS ATLETAS DE ATARFE PARTICIPAN EN LA SEMANA DE LA MOVILIDAD\u00bb por Manuel Jim\u00e9nez"},"content":{"rendered":"<h3>Este fin de semana\u00a0nuestra ciudad ha participado activamente en la Semana Europea de la movilidad desarrollando talleres y actividades que han tenido su colof\u00f3n con el D\u00eda sin Coche el domingo 19.<\/h3>\n<p>Los atletas de Atarfe, como siempre, no se han quedado al margen de esta celebraci\u00f3n y se han sumado a la misma aportando su actividad m\u00e1s que sostenible y de alta movilidad.<\/p>\n<p>Los m\u00e1s destacados de nuestros atletas viajaron hasta Huelva para tomar parte en el Campeonato de Andaluc\u00eda de 10 K en ruta disputado dentro del 10 K HUELVA PUERTA DEL DESCUBRIMIENTO. En chicas, segundo puesto en Senior Femenino (6\u00aa absoluta) para la polifac\u00e9tica Angie \u00c1vila que formando parte del Atletismo y Triatlon Run Run Data junto a Carolina Huertas y Teresa D\u00edaz se alzan con el Subcampeonato absoluto. \u00a0Entre los chicos t\u00edtulo de Campe\u00f3n Andaluz Sub 23 para el atleta aun Sub20 Manuel Jim\u00e9nez L\u00f3pez que con 31.35 bate el record andaluz de la categor\u00eda que une al que ya ostentaba en 3000 lisos, siendo octavo de la general. Completa una grand\u00edsima actuaci\u00f3n atarfe\u00f1a Jos\u00e9 Antonio Justicia Ruiz que con 33.08 consigue nuevo tope personal y un meritorio 18\u00ba puesto de la general y 10\u00ba senior, guarismos que dan fe del buen estado de forma que atraviesa y que le traer\u00e1 grandes satisfacciones esta temporada.<\/p>\n<p><a href=\"https:\/\/i0.wp.com\/miradordeatarfe.es\/wp-content\/uploads\/2021\/09\/ANGIE-Y-CAROLINA-HUELVA-10-K-2021.jpeg?ssl=1\"><img data-recalc-dims=\"1\" loading=\"lazy\" decoding=\"async\" class=\"alignnone wp-image-49071 size-full\" src=\"https:\/\/i0.wp.com\/miradordeatarfe.es\/wp-content\/uploads\/2021\/09\/ANGIE-Y-CAROLINA-HUELVA-10-K-2021.jpeg?resize=640%2C624&#038;ssl=1\" alt=\"\" width=\"640\" height=\"624\" srcset=\"https:\/\/i0.wp.com\/miradordeatarfe.es\/wp-content\/uploads\/2021\/09\/ANGIE-Y-CAROLINA-HUELVA-10-K-2021.jpeg?w=1024&amp;ssl=1 1024w, https:\/\/i0.wp.com\/miradordeatarfe.es\/wp-content\/uploads\/2021\/09\/ANGIE-Y-CAROLINA-HUELVA-10-K-2021.jpeg?resize=300%2C293&amp;ssl=1 300w, https:\/\/i0.wp.com\/miradordeatarfe.es\/wp-content\/uploads\/2021\/09\/ANGIE-Y-CAROLINA-HUELVA-10-K-2021.jpeg?resize=768%2C749&amp;ssl=1 768w\" sizes=\"auto, (max-width: 640px) 100vw, 640px\" \/><\/a> <a href=\"https:\/\/i0.wp.com\/miradordeatarfe.es\/wp-content\/uploads\/2021\/09\/JOSE-JUSTICIA-HUELVA-10-K-2021.jpeg?ssl=1\"><img data-recalc-dims=\"1\" loading=\"lazy\" decoding=\"async\" class=\"alignnone wp-image-49072 size-full\" src=\"https:\/\/i0.wp.com\/miradordeatarfe.es\/wp-content\/uploads\/2021\/09\/JOSE-JUSTICIA-HUELVA-10-K-2021.jpeg?resize=640%2C634&#038;ssl=1\" alt=\"\" width=\"640\" height=\"634\" srcset=\"https:\/\/i0.wp.com\/miradordeatarfe.es\/wp-content\/uploads\/2021\/09\/JOSE-JUSTICIA-HUELVA-10-K-2021.jpeg?w=1024&amp;ssl=1 1024w, https:\/\/i0.wp.com\/miradordeatarfe.es\/wp-content\/uploads\/2021\/09\/JOSE-JUSTICIA-HUELVA-10-K-2021.jpeg?resize=300%2C297&amp;ssl=1 300w, https:\/\/i0.wp.com\/miradordeatarfe.es\/wp-content\/uploads\/2021\/09\/JOSE-JUSTICIA-HUELVA-10-K-2021.jpeg?resize=150%2C150&amp;ssl=1 150w, https:\/\/i0.wp.com\/miradordeatarfe.es\/wp-content\/uploads\/2021\/09\/JOSE-JUSTICIA-HUELVA-10-K-2021.jpeg?resize=768%2C761&amp;ssl=1 768w\" sizes=\"auto, (max-width: 640px) 100vw, 640px\" \/><\/a><\/p>\n<p>Ejemplos de movilidad sostenible los tuvimos por doquier durante el fin de semana, el s\u00e1bado por la tarde muchos paisanos estuvieron corriendo en el Trail de la Dehesa de Santa Fe con varios p\u00f3diums como los segundos puestos obtenidos por Francisco Salas Quero en Mini Trail o el conseguido por Virginia L\u00f3pez y Antonio Romero en Mini-Trail parejas, todos ellos del Ciudad Atarfe; \u00a0otros puestos destacados para el Triatleta Miguel \u00c1ngel Montoro, del SilverBack, sexto en Minitrail.<\/p>\n<p>El domingo en el III Memorial Andr\u00e9s P\u00e9rez, carrera popular solidaria, triunfo absoluto para Ana Bel\u00e9n Rodr\u00edguez S\u00e1nchez, del Surco-Lucena, en lo que ya parece una costumbre lo de encaramarse a lo m\u00e1s alto del p\u00f3dium.<\/p>\n<p>Destacar por \u00faltimo la gran actuaci\u00f3n de Carlos Lucena, del Ciudad Atarfe, en el XXXV Prueba de fondo del Melocot\u00f3n en Guadix, siendo 25 absoluto y 5 veterano B.<\/p>\n<p>En definitiva, cantidad y calidad en este inicio de temporada y a la espera del debut de los m\u00e1s peque\u00f1os que hace presagiar un oto\u00f1o de lo m\u00e1s caliente en el atletismo atarfe\u00f1o. \u00a0<\/p>\n","protected":false},"excerpt":{"rendered":"<p>Este fin de semana\u00a0nuestra ciudad ha participado activamente en la Semana Europea de la movilidad&#8230;<\/p>\n","protected":false},"author":1,"featured_media":49070,"comment_status":"closed","ping_status":"closed","sticky":false,"template":"","format":"standard","meta":{"_coblocks_attr":"","_coblocks_dimensions":"","_coblocks_responsive_height":"","_coblocks_accordion_ie_support":"","jetpack_post_was_ever_published":false,"_jetpack_newsletter_access":"","_jetpack_dont_email_post_to_subs":false,"_jetpack_newsletter_tier_id":0,"_jetpack_memberships_contains_paywalled_content":false,"_jetpack_memberships_contains_paid_content":false,"footnotes":"","jetpack_publicize_message":"","jetpack_publicize_feature_enabled":true,"jetpack_social_post_already_shared":false,"jetpack_social_options":{"image_generator_settings":{"template":"highway","default_image_id":0,"enabled":false},"version":2}},"categories":[2,1161,182,6915,44,6937,15],"tags":[81,85,123],"class_list":["post-49069","post","type-post","status-publish","format-standard","has-post-thumbnail","hentry","category-atarfe","category-ciudadania","category-deportes","category-opinion-de-manuel-jimenez","category-noticias-de-hoy","category-sociedad","category-ultimas-noticias","tag-atarfe","tag-atletismo","tag-deportes"],"jetpack_publicize_connections":[],"jetpack_featured_media_url":"https:\/\/i0.wp.com\/miradordeatarfe.es\/wp-content\/uploads\/2021\/09\/MANU-HUELVA-10-K-2021.jpeg?fit=887%2C386&ssl=1","jetpack_likes_enabled":true,"jetpack_sharing_enabled":true,"_links":{"self":[{"href":"https:\/\/miradordeatarfe.es\/index.php?rest_route=\/wp\/v2\/posts\/49069","targetHints":{"allow":["GET"]}}],"collection":[{"href":"https:\/\/miradordeatarfe.es\/index.php?rest_route=\/wp\/v2\/posts"}],"about":[{"href":"https:\/\/miradordeatarfe.es\/index.php?rest_route=\/wp\/v2\/types\/post"}],"author":[{"embeddable":true,"href":"https:\/\/miradordeatarfe.es\/index.php?rest_route=\/wp\/v2\/users\/1"}],"replies":[{"embeddable":true,"href":"https:\/\/miradordeatarfe.es\/index.php?rest_route=%2Fwp%2Fv2%2Fcomments&post=49069"}],"version-history":[{"count":1,"href":"https:\/\/miradordeatarfe.es\/index.php?rest_route=\/wp\/v2\/posts\/49069\/revisions"}],"predecessor-version":[{"id":49073,"href":"https:\/\/miradordeatarfe.es\/index.php?rest_route=\/wp\/v2\/posts\/49069\/revisions\/49073"}],"wp:featuredmedia":[{"embeddable":true,"href":"https:\/\/miradordeatarfe.es\/index.php?rest_route=\/wp\/v2\/media\/49070"}],"wp:attachment":[{"href":"https:\/\/miradordeatarfe.es\/index.php?rest_route=%2Fwp%2Fv2%2Fmedia&parent=49069"}],"wp:term":[{"taxonomy":"category","embeddable":true,"href":"https:\/\/miradordeatarfe.es\/index.php?rest_route=%2Fwp%2Fv2%2Fcategories&post=49069"},{"taxonomy":"post_tag","embeddable":true,"href":"https:\/\/miradordeatarfe.es\/index.php?rest_route=%2Fwp%2Fv2%2Ftags&post=49069"}],"curies":[{"name":"wp","href":"https:\/\/api.w.org\/{rel}","templated":true}]}}