{"id":49090,"date":"2021-09-23T10:50:29","date_gmt":"2021-09-23T08:50:29","guid":{"rendered":"http:\/\/miradordeatarfe.es\/?p=49090"},"modified":"2021-09-22T21:07:32","modified_gmt":"2021-09-22T19:07:32","slug":"atarfe-nuestro-vecino-balbino-montiano-benitez-premio-de-calidad-docente-de-la-univerdidad-de-granada","status":"publish","type":"post","link":"https:\/\/miradordeatarfe.es\/?p=49090","title":{"rendered":"ATARFE: Nuestro vecino Balbino Montiano Ben\u00edtez premio de calidad docente de la Univerdidad de Granada"},"content":{"rendered":"<h3 style=\"text-align: justify;\"><span dir=\"ltr\" role=\"presentation\">La Universidad de Granada, en adelante UGR, convoc\u00f3 la IX edici\u00f3n de los Premios de Calidad\u00a0 <\/span><span dir=\"ltr\" role=\"presentation\">Docente con la finalidad de promover la calidad de la docencia universitaria y reconocer el trabajo <\/span><span dir=\"ltr\" role=\"presentation\">del profesorado de esta Universidad cuya trayectoria profesional docente, grupal o individual, <\/span><span dir=\"ltr\" role=\"presentation\">haya destacado por su calidad y dedicaci\u00f3n continuada a las tareas y actividades docentes. <\/span><\/h3>\n<p style=\"text-align: justify;\"><span dir=\"ltr\" role=\"presentation\">Con <\/span> <span dir=\"ltr\" role=\"presentation\">esta <\/span> <span dir=\"ltr\" role=\"presentation\">convocatoria, <\/span> <span dir=\"ltr\" role=\"presentation\">la <\/span> <span dir=\"ltr\" role=\"presentation\">UGR <\/span> <span dir=\"ltr\" role=\"presentation\">da <\/span> <span dir=\"ltr\" role=\"presentation\">respuesta <\/span> <span dir=\"ltr\" role=\"presentation\">a <\/span> <span dir=\"ltr\" role=\"presentation\">las <\/span> <span dir=\"ltr\" role=\"presentation\">directrices <\/span> <span dir=\"ltr\" role=\"presentation\">de <\/span> <span dir=\"ltr\" role=\"presentation\">las <\/span> <span dir=\"ltr\" role=\"presentation\">diversas <\/span> <span dir=\"ltr\" role=\"presentation\">agencias <\/span><span dir=\"ltr\" role=\"presentation\">internacionales, nacionales y auton\u00f3micas de evaluaci\u00f3n y acreditaci\u00f3n que consideran como <\/span><span dir=\"ltr\" role=\"presentation\">factor fundamental de la calidad de las instituciones universitarias la calidad de la ense\u00f1anza que <\/span><span dir=\"ltr\" role=\"presentation\">en ellas se imparte, siendo la tarea docente un elemento fundamental. <\/span><\/p>\n<p style=\"text-align: justify;\"><span dir=\"ltr\" role=\"presentation\">Estos Premios promueven y premian la calidad en el ejercicio continuado de la funci\u00f3n docente y <\/span><span dir=\"ltr\" role=\"presentation\">la implantaci\u00f3n de una cultura de calidad en los procesos de formaci\u00f3n en Educaci\u00f3n Superior, <\/span><br role=\"presentation\" \/><br \/>\n<span dir=\"ltr\" role=\"presentation\">como uno de los ejes esenciales y prioritarios en el \u00e1mbito universitario, valorando las trayectorias <\/span><span dir=\"ltr\" role=\"presentation\">individuales y grupales en el ejercicio de estas funciones.<\/span><\/p>\n<p style=\"text-align: justify;\"><span dir=\"ltr\" role=\"presentation\">El Jurado de la IX Convocatoria de Premios de Calidad Docente de la Universidad de Granada, reunido el 20 de <\/span><span dir=\"ltr\" role=\"presentation\">septiembre de 2021, tras la valoraci\u00f3n de las solicitudes presentadas, destaca la val\u00eda general de los perfiles y las <\/span><span dir=\"ltr\" role=\"presentation\">trayectorias docentes de los\/las candidatos\/as, y anima a todos\/as los\/las solicitantes a seguir trabajando y <\/span><span dir=\"ltr\" role=\"presentation\">participar en pr\u00f3ximas convocatorias. <\/span><\/p>\n<p style=\"text-align: justify;\"><span dir=\"ltr\" role=\"presentation\">El Jurado ha acordado conceder los siguientes premios: <\/span><br role=\"presentation\" \/><br \/>\n<strong><span dir=\"ltr\" role=\"presentation\">Categor\u00eda Individual <\/span><span dir=\"ltr\" role=\"presentation\">Artes y Humanidades <\/span><span dir=\"ltr\" role=\"presentation\">Profesorado con una trayectoria docente de entre 10 y 25 a\u00f1os:<\/span><span dir=\"ltr\" role=\"presentation\"> Balbino Montiano Ben\u00edtez<\/span><\/strong><\/p>\n<p style=\"text-align: justify;\"><em>Balbino Montiano Ben\u00edtez Profesor Titular de Universidad Departamento de Escultura, Licenciado en Bellas Artes. Especialidad de Escultura. Universidad de Sevilla. Premio fin de Carrera 2001.Doctor en Bellas Artes por la Universidad de Sevilla en el a\u00f1o 2006. <\/em><\/p>\n<p style=\"text-align: justify;\"><em>Realiz\u00f3 suTesis con sobresaliente \u00abCum laude\u00bb \u00abLos procedimientos de la forja en la escultura\u00bb. Sobresaliente \u00abCum laude\u00bb.<\/em><\/p>\n<p style=\"text-align: justify;\">Si quieres conocer mejor a nuestro ilustre vecino te recomendamos que leas el semblante que publico el MIRADOR DE ATARFE 11 DE OCTUBRE DE 2020:<a href=\"https:\/\/miradordeatarfe.es\/?p=42245\"> https:\/\/miradordeatarfe.es\/?p=42245<\/a><\/p>\n","protected":false},"excerpt":{"rendered":"<p>La Universidad de Granada, en adelante UGR, convoc\u00f3 la IX edici\u00f3n de los Premios de&#8230;<\/p>\n","protected":false},"author":1,"featured_media":49091,"comment_status":"closed","ping_status":"closed","sticky":false,"template":"","format":"standard","meta":{"_coblocks_attr":"","_coblocks_dimensions":"","_coblocks_responsive_height":"","_coblocks_accordion_ie_support":"","jetpack_post_was_ever_published":false,"_jetpack_newsletter_access":"","_jetpack_dont_email_post_to_subs":false,"_jetpack_newsletter_tier_id":0,"_jetpack_memberships_contains_paywalled_content":false,"_jetpack_memberships_contains_paid_content":false,"footnotes":"","jetpack_publicize_message":"","jetpack_publicize_feature_enabled":true,"jetpack_social_post_already_shared":false,"jetpack_social_options":{"image_generator_settings":{"template":"highway","default_image_id":0,"enabled":false},"version":2}},"categories":[12,1161,186,6539],"tags":[5283,176,1096],"class_list":["post-49090","post","type-post","status-publish","format-standard","has-post-thumbnail","hentry","category-cultura","category-ciudadania","category-instituciones","category-personajes-de-ataref","tag-balbino-montiano","tag-esculturas","tag-premio"],"jetpack_publicize_connections":[],"jetpack_featured_media_url":"https:\/\/i0.wp.com\/miradordeatarfe.es\/wp-content\/uploads\/2021\/09\/balbino.jpg?fit=800%2C533&ssl=1","jetpack_likes_enabled":true,"jetpack_sharing_enabled":true,"_links":{"self":[{"href":"https:\/\/miradordeatarfe.es\/index.php?rest_route=\/wp\/v2\/posts\/49090","targetHints":{"allow":["GET"]}}],"collection":[{"href":"https:\/\/miradordeatarfe.es\/index.php?rest_route=\/wp\/v2\/posts"}],"about":[{"href":"https:\/\/miradordeatarfe.es\/index.php?rest_route=\/wp\/v2\/types\/post"}],"author":[{"embeddable":true,"href":"https:\/\/miradordeatarfe.es\/index.php?rest_route=\/wp\/v2\/users\/1"}],"replies":[{"embeddable":true,"href":"https:\/\/miradordeatarfe.es\/index.php?rest_route=%2Fwp%2Fv2%2Fcomments&post=49090"}],"version-history":[{"count":1,"href":"https:\/\/miradordeatarfe.es\/index.php?rest_route=\/wp\/v2\/posts\/49090\/revisions"}],"predecessor-version":[{"id":49092,"href":"https:\/\/miradordeatarfe.es\/index.php?rest_route=\/wp\/v2\/posts\/49090\/revisions\/49092"}],"wp:featuredmedia":[{"embeddable":true,"href":"https:\/\/miradordeatarfe.es\/index.php?rest_route=\/wp\/v2\/media\/49091"}],"wp:attachment":[{"href":"https:\/\/miradordeatarfe.es\/index.php?rest_route=%2Fwp%2Fv2%2Fmedia&parent=49090"}],"wp:term":[{"taxonomy":"category","embeddable":true,"href":"https:\/\/miradordeatarfe.es\/index.php?rest_route=%2Fwp%2Fv2%2Fcategories&post=49090"},{"taxonomy":"post_tag","embeddable":true,"href":"https:\/\/miradordeatarfe.es\/index.php?rest_route=%2Fwp%2Fv2%2Ftags&post=49090"}],"curies":[{"name":"wp","href":"https:\/\/api.w.org\/{rel}","templated":true}]}}