{"id":49106,"date":"2021-09-27T11:13:49","date_gmt":"2021-09-27T09:13:49","guid":{"rendered":"https:\/\/miradordeatarfe.es\/?p=49106"},"modified":"2021-09-28T10:22:22","modified_gmt":"2021-09-28T08:22:22","slug":"el-zascandil-del-proces-por-remedios-sanchez","status":"publish","type":"post","link":"https:\/\/miradordeatarfe.es\/?p=49106","title":{"rendered":"\u00abEL ZASCANDIL DEL PROC\u00c9S\u00bb por Remedios S\u00e1nchez"},"content":{"rendered":"<h3>\u201cSer o no ser, esa es la cuesti\u00f3n\u201d, afirmaba en su soliloquio Hamlet, pr\u00edncipe de Dinamarca, y eso mismo ha pensado Carles Puigdemont.<\/h3>\n<p style=\"text-align: justify;\">Ahora que todos los focos est\u00e1n puestos en esa posible mesa de negociaci\u00f3n que los anta\u00f1o republicanos y actuales botiflers del Govern han establecido con el gobierno, \u00e9l ha dejado ya de ser la reina madre en el exilio. Lo cual que, evidentemente, hab\u00eda que volver a llamar la atenci\u00f3n porque la vida es muy aburrida en Waterloo desde que Napole\u00f3n perdi\u00f3 all\u00ed la \u00faltima guerra contra Wellington y lo enviaron a morirse un rato cada tarde a Santa Elena. \u00a0El ars\u00e9nico, claro, parece que ayud\u00f3 lo justo para que los l\u00edderes europeos decimon\u00f3nicos mandaran al otro barrio al megal\u00f3mano y perseverante franc\u00e9s, antes de que les montara otro enredo. Lo que une al catal\u00e1n fugitivo y al Ogro de Ajaccio es esa perpetua necesidad de foco, de ser el epicentro de todas las miradas, de creer que no hay futuro sin ellos.<\/p>\n<p style=\"text-align: justify;\">De ah\u00ed que la detenci\u00f3n en Cerde\u00f1a el viernes del antiguo l\u00edder del proc\u00e8s (con permiso de Junqueras, que s\u00ed asumi\u00f3 las consecuencias de sus actos y no hizo mutis por el foro), aparte de hacer un flaco favor a la mesa negociadora, le devuelve un protagonismo que no merece, dado que don Carles ya no representa a casi nadie. Ni siquiera a los de Junts per Catalunya. Acaso ni a s\u00ed mismo, desdibujado en una fuga que es tan peripat\u00e9tica como vergonzante. Es decir, que el vencido President era una chirigota andante y errabunda, como el fantasma que era el padre de Hamlet exigiendo venganza, una vez que Pere Aragon\u00e8s lo hab\u00eda ido difuminando con esa m\u00ednima sensatez que implica asumir que la realidad es santa. De ah\u00ed que necesitara un golpe de efecto, una cosa con mucho humo y parafernalia, como de chistera de mago anta\u00f1\u00f3n en blanco y negro, para tratar de recobrar una m\u00ednima relevancia. Para volver a ser, siquiera un instante, actor secundario de la tragicomedia que habita desde su muerte pol\u00edtica. Porque la gente, el personal pol\u00edtico, toma un apego a los medios (esa er\u00f3tica del poder de la que hablaba Kissinger en sus memorias) de la que les resulta imposible escapar. No queda otra que huir hacia adelante, creerse esa literaturizaci\u00f3n vital donde se percibe a s\u00ed mismo como el hereu de Tarradellas. Y ahora ha logrado una victoria; p\u00edrrica, pero victoria al fin y al cabo, para seguir respirando otra temporada mientras los jueces (tambi\u00e9n hay un vedetismo apabullante en el gremio) deshojan la margarita. Lo que pasa es que ya nunca podr\u00e1 ser un m\u00e1rtir, descubiertas las incoherencias invariables de su historia. Lo cual que aqu\u00ed andamos nosotros, vi\u00e9ndolo intentar hacerse un hueco en el escenario, decir unas l\u00edneas sin saber que el final es el evidente: quedar eclipsado progresivamente, sin darse siquiera cuenta. En su locura, Hamlet ve\u00eda a su padre muerto por todas partes. En la suya, Puigdemont va a acabar vestido de Napole\u00f3n, con bicornio incluido, crey\u00e9ndose que puede ganar su guerra particular dentro de la Europa cosmopolita. El final de ambos ya se sabe, salvo para el personaje que es el \u00faltimo siempre en enterarse. Por eso, que siga esta \u00f3pera bufa que nos venden como un drama, sin percatarse de que conocemos el final. Ustedes disimulen.<\/p>\n<p>foto: https:\/\/www.diariovasco.com\/politica\/carles-puigdemont-detenido-cerdena-20210923225626-ntrc.html<\/p>\n","protected":false},"excerpt":{"rendered":"<p>\u201cSer o no ser, esa es la cuesti\u00f3n\u201d, afirmaba en su soliloquio Hamlet, pr\u00edncipe de&#8230;<\/p>\n","protected":false},"author":1,"featured_media":49107,"comment_status":"closed","ping_status":"closed","sticky":false,"template":"","format":"standard","meta":{"_coblocks_attr":"","_coblocks_dimensions":"","_coblocks_responsive_height":"","_coblocks_accordion_ie_support":"","jetpack_post_was_ever_published":false,"_jetpack_newsletter_access":"","_jetpack_dont_email_post_to_subs":false,"_jetpack_newsletter_tier_id":0,"_jetpack_memberships_contains_paywalled_content":false,"_jetpack_memberships_contains_paid_content":false,"footnotes":"","jetpack_publicize_message":"","jetpack_publicize_feature_enabled":true,"jetpack_social_post_already_shared":false,"jetpack_social_options":{"image_generator_settings":{"template":"highway","default_image_id":0,"enabled":false},"version":2}},"categories":[1161,44,7671,6914,15],"tags":[1135,5344,4239],"class_list":["post-49106","post","type-post","status-publish","format-standard","has-post-thumbnail","hentry","category-ciudadania","category-noticias-de-hoy","category-politica","category-opinion-de-reme-sanchez","category-ultimas-noticias","tag-huida","tag-preso","tag-puigdemont"],"jetpack_publicize_connections":[],"jetpack_featured_media_url":"https:\/\/i0.wp.com\/miradordeatarfe.es\/wp-content\/uploads\/2021\/09\/pugi-sale-carcel-k5WC-U150628249640fvF-1248x770%40RC.jpg?fit=1248%2C770&ssl=1","jetpack_likes_enabled":true,"jetpack_sharing_enabled":true,"_links":{"self":[{"href":"https:\/\/miradordeatarfe.es\/index.php?rest_route=\/wp\/v2\/posts\/49106","targetHints":{"allow":["GET"]}}],"collection":[{"href":"https:\/\/miradordeatarfe.es\/index.php?rest_route=\/wp\/v2\/posts"}],"about":[{"href":"https:\/\/miradordeatarfe.es\/index.php?rest_route=\/wp\/v2\/types\/post"}],"author":[{"embeddable":true,"href":"https:\/\/miradordeatarfe.es\/index.php?rest_route=\/wp\/v2\/users\/1"}],"replies":[{"embeddable":true,"href":"https:\/\/miradordeatarfe.es\/index.php?rest_route=%2Fwp%2Fv2%2Fcomments&post=49106"}],"version-history":[{"count":1,"href":"https:\/\/miradordeatarfe.es\/index.php?rest_route=\/wp\/v2\/posts\/49106\/revisions"}],"predecessor-version":[{"id":49108,"href":"https:\/\/miradordeatarfe.es\/index.php?rest_route=\/wp\/v2\/posts\/49106\/revisions\/49108"}],"wp:featuredmedia":[{"embeddable":true,"href":"https:\/\/miradordeatarfe.es\/index.php?rest_route=\/wp\/v2\/media\/49107"}],"wp:attachment":[{"href":"https:\/\/miradordeatarfe.es\/index.php?rest_route=%2Fwp%2Fv2%2Fmedia&parent=49106"}],"wp:term":[{"taxonomy":"category","embeddable":true,"href":"https:\/\/miradordeatarfe.es\/index.php?rest_route=%2Fwp%2Fv2%2Fcategories&post=49106"},{"taxonomy":"post_tag","embeddable":true,"href":"https:\/\/miradordeatarfe.es\/index.php?rest_route=%2Fwp%2Fv2%2Ftags&post=49106"}],"curies":[{"name":"wp","href":"https:\/\/api.w.org\/{rel}","templated":true}]}}