{"id":49113,"date":"2021-09-30T10:34:21","date_gmt":"2021-09-30T08:34:21","guid":{"rendered":"https:\/\/miradordeatarfe.es\/?p=49113"},"modified":"2021-09-25T11:38:08","modified_gmt":"2021-09-25T09:38:08","slug":"virtudes-montoro-lopez-minimalistas","status":"publish","type":"post","link":"https:\/\/miradordeatarfe.es\/?p=49113","title":{"rendered":"Virtudes Montoro L\u00f3pez: \u00abMinimalistas\u00bb"},"content":{"rendered":"<header class=\"entry-header\">\n<h3 class=\"entry-title\"><span style=\"font-size: 16px;\">\u00a0<\/span>El otro en d\u00eda vi el documental\u00a0<em style=\"font-size: 16px;\"><strong>The Minimalists: Less Is Now<\/strong><\/em><span style=\"font-size: 16px;\">\u00a0y coincido plenamente con el estilo de vida que nos proponen. \u00c9ste se centra en c\u00f3mo podemos vivir con menos cosas, s\u00f3lo con las que realmente necesarias, y en los beneficios que vivir as\u00ed nos reporta.<\/span><\/h3>\n<\/header>\n<div class=\"entry-content clearfix\">\n<p>Los minimalistas tienen un claro mensaje: reducir al m\u00ednimo el consumo de ropa, utensilios, ocio, cosas, etc., con el objetivo de disminuir el impacto que en el medioambiente tiene nuestra descontrolada avaricia y con el objeto de vivir con menos estr\u00e9s, ansiedad, apat\u00eda, etc. Nos animan a responsabilizar nuestro consumo: identificar lo esencial y eliminar todo lo dem\u00e1s.<\/p>\n<p>El concepto \u201cminimalismo\u201d parte del arte y de la arquitectura, y en su \u00e1mbito m\u00e1s general, es la tendencia a reducir a lo esencial, a despojar de elementos sobrantes.<\/p>\n<p>\u2014\u2014\u2014\u2014\u2014\u2014\u2014\u2014\u2014\u2014\u2014\u2014\u2014\u2014\u2014\u2014\u2014\u2014\u2014\u2014\u2014\u2014\u2014\u2014\u2014\u2014\u2014\u2014\u2014\u2014\u2014\u2014\u2014\u2014\u2014\u2014\u2014\u2014\u2014\u2014\u2014\u2014\u2014\u2014\u2014<\/p>\n<p><em>\u00abLa simplicidad es la gloria de la expresi\u00f3n\u00bb<\/em>.<strong>\u00a0Walt Whitman.<\/strong><\/p>\n<p>\u2014\u2014\u2014\u2014\u2014\u2014\u2014\u2014\u2014\u2014\u2014\u2014\u2014\u2014\u2014\u2014\u2014\u2014\u2014\u2014\u2014\u2014\u2014\u2014\u2014\u2014\u2014\u2014\u2014\u2014\u2014\u2014\u2014\u2014\u2014\u2014\u2014\u2014\u2014\u2014\u2014\u2014\u2014\u2014\u2014<\/p>\n<p>Todos sabemos o intuimos que no necesitamos m\u00e1s ropa, m\u00e1s zapatos, que no necesitamos casas enormes cuyo fin no es otro que servir de almacenaje. Presentimos que precisamos lo justo, entonces, \u00bfqu\u00e9 nos empuja a seguir comprando de forma compulsiva?: La din\u00e1mica del actual mercado, el atroz consumismo al que nos someten. Los humanos, somos por naturaleza seres insatisfechos, esto nos empuj\u00f3 a evolucionar, a salir de nuestras cuevas. Ahora, seguimos se\u00f1uelos publicitarios (muy bien dise\u00f1ados) que nos hacen creer que necesitamos lo que nos venden para sobrevivir. El marketing consumista est\u00e1 tan bien dirigido y confeccionado que no nos damos cuenta hasta qu\u00e9 punto somos manipulados. Grandes empresas en manos de un reducido n\u00famero de poderosos son las due\u00f1as del cotarro, y si en alg\u00fan momento hemos cre\u00eddo que somos consumidores libres, lo llevamos claro.<\/p>\n<p>\u2014\u2014\u2014\u2014\u2014\u2014\u2014\u2014\u2014\u2014\u2014\u2014\u2014\u2014\u2014\u2014\u2014\u2014\u2014\u2014\u2014\u2014\u2014\u2014\u2014\u2014\u2014\u2014\u2014\u2014\u2014\u2014\u2014\u2014\u2014\u2014\u2014\u2014\u2014\u2014\u2014\u2014\u2014\u2014\u2013<\/p>\n<p><em>\u00abDemasiadas personas gastan dinero que no han ganado, para comprar cosas que no quieren, para impresionar a las personas que no les gustan\u00bb.<\/em><strong>\u00a0Will Rogers.<\/strong><\/p>\n<p>\u2014\u2014\u2014\u2014\u2014\u2014\u2014\u2014\u2014\u2014\u2014\u2014\u2014\u2014\u2014\u2014\u2014\u2014\u2014\u2014\u2014\u2014\u2014\u2014\u2014\u2014\u2014\u2014\u2014\u2014\u2014\u2014\u2014\u2014\u2014\u2014\u2014\u2014\u2014\u2014\u2014\u2014\u2014\u2014\u2013<\/p>\n<p>Se puede vivir con menos, pero es que adem\u00e1s as\u00ed se vive mejor. Necesitamos muy poco. Dedicamos todas nuestras energ\u00edas y tiempo en trabajar, para despu\u00e9s vilipendiar el sueldo en cosas in\u00fatiles y en alternativas de ocio tambi\u00e9n consumistas. Si compr\u00e1semos menos necesitar\u00edamos menos, por ende, no tendr\u00edamos que estar trabajando como esclavos, ser\u00edamos due\u00f1os de nuestro tiempo y m\u00e1s libres, gastar\u00edamos lo justo, reparando as\u00ed el da\u00f1o medioambiental y las injusticias sociales.<\/p>\n<p>Vivir con menos es vivir con m\u00e1s: m\u00e1s tiempo, para hacer lo que realmente nos gusta, para dedicarlo a otras personas y para mejorar nuestra salud, f\u00edsica y mental.<\/p>\n<p>\u2014\u2014\u2014\u2014\u2014\u2014\u2014\u2014\u2014\u2014\u2014\u2014\u2014\u2014\u2014\u2014\u2014\u2014\u2014\u2014\u2014\u2014\u2014\u2014\u2014\u2014\u2014\u2014\u2014\u2014\u2014\u2014\u2014\u2014\u2014\u2014\u2014\u2014\u2014\u2014\u2014\u2014\u2014\u2014\u2013<\/p>\n<p><em>\u00abNo hay grandeza donde no hay simplicidad, bondad y verdad\u00bb<\/em>.\u00a0<strong>Leo Tolstoi.<\/strong><\/p>\n<h1 class=\"entry-title\"><span class=\"byline\" style=\"font-size: 16px;\"><span class=\"author vcard\">\u00a0<a class=\"url fn n\" title=\"Virtudes Montoro L\u00f3pez\" href=\"https:\/\/en-clase.ideal.es\/author\/vmontoro\/\">Virtudes Montoro L\u00f3pez\u00a0<\/a><\/span><\/span><span class=\"comments\" style=\"font-size: 16px;\"><a href=\"https:\/\/en-clase.ideal.es\/2021\/09\/21\/virtudes-montoro-lopez-minimalistas\/#respond\"><i class=\"fa fa-comment\"><\/i>\u00a0<\/a><\/span><\/h1>\n<blockquote class=\"wp-embedded-content\" data-secret=\"QyZXAuFykd\"><p><a href=\"https:\/\/en-clase.ideal.es\/2021\/09\/21\/virtudes-montoro-lopez-minimalistas\/\">Virtudes Montoro L\u00f3pez: \u00abMinimalistas\u00bb<\/a><\/p><\/blockquote>\n<p><iframe loading=\"lazy\" class=\"wp-embedded-content\" sandbox=\"allow-scripts\" security=\"restricted\" style=\"position: absolute; visibility: hidden;\" title=\"\u00abVirtudes Montoro L\u00f3pez: \u00abMinimalistas\u00bb\u00bb \u2014 IDEAL En Clase\" src=\"https:\/\/en-clase.ideal.es\/2021\/09\/21\/virtudes-montoro-lopez-minimalistas\/embed\/#?secret=qeYRXqyJ2A#?secret=QyZXAuFykd\" data-secret=\"QyZXAuFykd\" width=\"600\" height=\"338\" frameborder=\"0\" marginwidth=\"0\" marginheight=\"0\" scrolling=\"no\"><\/iframe><\/p>\n<\/div>\n","protected":false},"excerpt":{"rendered":"<p>\u00a0El otro en d\u00eda vi el documental\u00a0The Minimalists: Less Is Now\u00a0y coincido plenamente con el&#8230;<\/p>\n","protected":false},"author":1,"featured_media":49114,"comment_status":"closed","ping_status":"closed","sticky":false,"template":"","format":"standard","meta":{"_coblocks_attr":"","_coblocks_dimensions":"","_coblocks_responsive_height":"","_coblocks_accordion_ie_support":"","jetpack_post_was_ever_published":false,"_jetpack_newsletter_access":"","_jetpack_dont_email_post_to_subs":false,"_jetpack_newsletter_tier_id":0,"_jetpack_memberships_contains_paywalled_content":false,"_jetpack_memberships_contains_paid_content":false,"footnotes":"","jetpack_publicize_message":"","jetpack_publicize_feature_enabled":true,"jetpack_social_post_already_shared":false,"jetpack_social_options":{"image_generator_settings":{"template":"highway","default_image_id":0,"enabled":false},"version":2}},"categories":[1161,44,6937,15,10],"tags":[8568,8569],"class_list":["post-49113","post","type-post","status-publish","format-standard","has-post-thumbnail","hentry","category-ciudadania","category-noticias-de-hoy","category-sociedad","category-ultimas-noticias","category-salud","tag-minimalista","tag-simplicidad"],"jetpack_publicize_connections":[],"jetpack_featured_media_url":"https:\/\/i0.wp.com\/miradordeatarfe.es\/wp-content\/uploads\/2021\/09\/THE-MINIMALIST-LESS-IS-NOW.jpg?fit=650%2C366&ssl=1","jetpack_likes_enabled":true,"jetpack_sharing_enabled":true,"_links":{"self":[{"href":"https:\/\/miradordeatarfe.es\/index.php?rest_route=\/wp\/v2\/posts\/49113","targetHints":{"allow":["GET"]}}],"collection":[{"href":"https:\/\/miradordeatarfe.es\/index.php?rest_route=\/wp\/v2\/posts"}],"about":[{"href":"https:\/\/miradordeatarfe.es\/index.php?rest_route=\/wp\/v2\/types\/post"}],"author":[{"embeddable":true,"href":"https:\/\/miradordeatarfe.es\/index.php?rest_route=\/wp\/v2\/users\/1"}],"replies":[{"embeddable":true,"href":"https:\/\/miradordeatarfe.es\/index.php?rest_route=%2Fwp%2Fv2%2Fcomments&post=49113"}],"version-history":[{"count":1,"href":"https:\/\/miradordeatarfe.es\/index.php?rest_route=\/wp\/v2\/posts\/49113\/revisions"}],"predecessor-version":[{"id":49115,"href":"https:\/\/miradordeatarfe.es\/index.php?rest_route=\/wp\/v2\/posts\/49113\/revisions\/49115"}],"wp:featuredmedia":[{"embeddable":true,"href":"https:\/\/miradordeatarfe.es\/index.php?rest_route=\/wp\/v2\/media\/49114"}],"wp:attachment":[{"href":"https:\/\/miradordeatarfe.es\/index.php?rest_route=%2Fwp%2Fv2%2Fmedia&parent=49113"}],"wp:term":[{"taxonomy":"category","embeddable":true,"href":"https:\/\/miradordeatarfe.es\/index.php?rest_route=%2Fwp%2Fv2%2Fcategories&post=49113"},{"taxonomy":"post_tag","embeddable":true,"href":"https:\/\/miradordeatarfe.es\/index.php?rest_route=%2Fwp%2Fv2%2Ftags&post=49113"}],"curies":[{"name":"wp","href":"https:\/\/api.w.org\/{rel}","templated":true}]}}