{"id":49128,"date":"2021-09-28T10:00:13","date_gmt":"2021-09-28T08:00:13","guid":{"rendered":"https:\/\/miradordeatarfe.es\/?p=49128"},"modified":"2021-09-27T14:31:02","modified_gmt":"2021-09-27T12:31:02","slug":"la-39a-flg-apuesta-por-la-diversidad-la-cooperacion-y-la-sostenibilidad","status":"publish","type":"post","link":"https:\/\/miradordeatarfe.es\/?p=49128","title":{"rendered":"La 39\u00aa FERIA DEL LIBRO DE GRANADA apuesta por la diversidad, la cooperaci\u00f3n y la sostenibilidad"},"content":{"rendered":"<h3 style=\"text-align: justify;\"><strong>Del 1 al 10 de octubre se celebrar\u00e1 un gran encuentro que este a\u00f1o y por primera vez contar\u00e1 con importantes colaboradores del gremio que har\u00e1n que la Feria sea el eje vertebral cultural de la ciudad. Ser\u00e1 una Feria hecha por todos y para todos.<\/strong><\/h3>\n<p style=\"text-align: justify;\"><strong>#culturasegura #FLG2021<\/strong><\/p>\n<p style=\"text-align: justify;\">Este a\u00f1o es especial por muchos motivos, pero para la organizaci\u00f3n de la 39\u00aa edici\u00f3n de la Feria del Libro de Granada lo es a\u00fan m\u00e1s porque los libros dan vida de m\u00faltiples formas, al crearlos, al editarlos, al exponerlos y al leerlos, y ya son muchos los d\u00edas desde que la \u00faltima caseta cerrara sus puertas en la ciudad.<\/p>\n<p style=\"text-align: justify;\">Desde entonces se ha trabajado por y para el cambio, por y para la adaptaci\u00f3n. La tem\u00e1tica de la 39\u00aa edici\u00f3n de la Feria del Libro de Granada tratar\u00e1 sobre\u00a0<em><strong>Ecolog\u00eda, Medio Ambiente y Sostenibilidad<\/strong><\/em>, como ya se propuso en 2020, pero con importantes puntos a\u00f1adidos que har\u00e1n que esta Feria traspase lo estrictamente cultural y demuestre por qu\u00e9 es la tercera feria, en venta de libros y visitantes, de Espa\u00f1a.<\/p>\n<p style=\"text-align: justify;\">La primera apuesta es el cambio de FECHAS: ser\u00e1 del\u00a0<strong>1 al 10 de octubre<\/strong>\u00a0cuando la Carrera de la Virgen, la Fuente de las Batallas y la Fuente de las Granadas, entre otras localizaciones, se vistan de casetas y los libros vuelvan a las calles. Libreros, editores, escritores y p\u00fablico se reencontrar\u00e1n en este espacio de convivencia. La segunda, insistimos, es la\u00a0<strong>DIVERSIDAD<\/strong>; ser\u00e1 un encuentro abierto, plural y con una claro acercamiento al debate y a la reflexi\u00f3n. La tercera es esa apertura tan anhelada hacia futuros PATROCINIOS y COLABORACIONES que enriquecer\u00e1n no solo el programa de la Feria sino la estructura general de la misma. Ser\u00e1n colaboraciones estrechas, participativas y vinculantes que se anunciar\u00e1n muy pronto. Adem\u00e1s, la INNOVACI\u00d3N\u00a0 y nuevas formas de lectura tendr\u00e1n especial protagonismo al incluir en su programa actividades dirigidas especialmente al\u00a0<strong>p\u00fablico adolescente<\/strong>, una importante demanda en auge. Otra de las novedades ser\u00e1 la inclusi\u00f3n del formato<em>\u00a0<strong>streaming\u00a0<\/strong><\/em>que har\u00e1n una feria m\u00e1s accesible.<\/p>\n<p style=\"text-align: justify;\">El preg\u00f3n este a\u00f1o estar\u00e1 a cargo de\u00a0<strong>Luis Garc\u00eda Montero<\/strong>, poeta, narrador, ensayista y cr\u00edtico literario, catedr\u00e1tico de Literatura Espa\u00f1ola en la Universidad de Granada, director actual del Instituto Cervantes, adem\u00e1s de hijo predilecto de Andaluc\u00eda.<\/p>\n<p style=\"text-align: justify;\">El premio en esta ocasi\u00f3n se conceder\u00e1 a\u00a0<strong>Pedro Cerezo Gal\u00e1n<\/strong>, acad\u00e9mico de la Real Academia de Ciencias Morales y Pol\u00edticas, adem\u00e1s de catedr\u00e1tico em\u00e9rito de la Universidad de Granada y Premio de Ensayo y Humanidades Ortega y Gasset, Premio Andaluc\u00eda de Investigaci\u00f3n en Humanidades y Ciencias jur\u00eddico-sociales, y Premio Internacional Men\u00e9ndez Pelayo.<\/p>\n<p style=\"text-align: justify;\">La Diputaci\u00f3n de Granada participar\u00e1, una temporada m\u00e1s, con la edici\u00f3n de la obra \u201c<strong>El sentimiento de la naturaleza en las sociedades modernas<\/strong>\u201d, de Elis\u00e9e Reclus, vinculada estrechamente con la tem\u00e1tica propuesta, in\u00e9dita hasta la fecha en castellano, traducida para la ocasi\u00f3n por Patrick Levy y publicada en su primera edici\u00f3n por la\u00a0<em>Revue des deux mondes<\/em>.<\/p>\n<p style=\"text-align: justify;\">La autora del\u00a0<strong>cartel<\/strong>\u00a0de esta edici\u00f3n es la artista\u00a0<strong>Eva V\u00e1zquez<\/strong>, ilustradora especializada en prensa editorial, colaboradora en medios como\u00a0<em>El Pa\u00eds<\/em>, la revista\u00a0<em>Mercurio<\/em>,\u00a0<em>The New York Times<\/em>\u00a0o\u00a0<em>The Washington Post.<\/em><\/p>\n<p style=\"text-align: justify;\">Todo ello fortalecer\u00e1 esta nueva edici\u00f3n de la FLG que ya se encuentra trabajando fuerte para que Granada est\u00e9 en el punto de mira de las ciudades libreras y culturales de Espa\u00f1a.<\/p>\n","protected":false},"excerpt":{"rendered":"<p>Del 1 al 10 de octubre se celebrar\u00e1 un gran encuentro que este a\u00f1o y&#8230;<\/p>\n","protected":false},"author":1,"featured_media":49129,"comment_status":"closed","ping_status":"closed","sticky":false,"template":"","format":"standard","meta":{"_coblocks_attr":"","_coblocks_dimensions":"","_coblocks_responsive_height":"","_coblocks_accordion_ie_support":"","jetpack_post_was_ever_published":false,"_jetpack_newsletter_access":"","_jetpack_dont_email_post_to_subs":false,"_jetpack_newsletter_tier_id":0,"_jetpack_memberships_contains_paywalled_content":false,"_jetpack_memberships_contains_paid_content":false,"footnotes":"","jetpack_publicize_message":"","jetpack_publicize_feature_enabled":true,"jetpack_social_post_already_shared":false,"jetpack_social_options":{"image_generator_settings":{"template":"highway","default_image_id":0,"enabled":false},"version":2}},"categories":[7725,44,6937,15,10],"tags":[460],"class_list":["post-49128","post","type-post","status-publish","format-standard","has-post-thumbnail","hentry","category-atarfe-sostenible","category-noticias-de-hoy","category-sociedad","category-ultimas-noticias","category-salud","tag-feria-del-libro"],"jetpack_publicize_connections":[],"jetpack_featured_media_url":"https:\/\/i0.wp.com\/miradordeatarfe.es\/wp-content\/uploads\/2021\/09\/feria-libro-granada-cartel-960x636-1.jpg?fit=960%2C636&ssl=1","jetpack_likes_enabled":true,"jetpack_sharing_enabled":true,"_links":{"self":[{"href":"https:\/\/miradordeatarfe.es\/index.php?rest_route=\/wp\/v2\/posts\/49128","targetHints":{"allow":["GET"]}}],"collection":[{"href":"https:\/\/miradordeatarfe.es\/index.php?rest_route=\/wp\/v2\/posts"}],"about":[{"href":"https:\/\/miradordeatarfe.es\/index.php?rest_route=\/wp\/v2\/types\/post"}],"author":[{"embeddable":true,"href":"https:\/\/miradordeatarfe.es\/index.php?rest_route=\/wp\/v2\/users\/1"}],"replies":[{"embeddable":true,"href":"https:\/\/miradordeatarfe.es\/index.php?rest_route=%2Fwp%2Fv2%2Fcomments&post=49128"}],"version-history":[{"count":2,"href":"https:\/\/miradordeatarfe.es\/index.php?rest_route=\/wp\/v2\/posts\/49128\/revisions"}],"predecessor-version":[{"id":49185,"href":"https:\/\/miradordeatarfe.es\/index.php?rest_route=\/wp\/v2\/posts\/49128\/revisions\/49185"}],"wp:featuredmedia":[{"embeddable":true,"href":"https:\/\/miradordeatarfe.es\/index.php?rest_route=\/wp\/v2\/media\/49129"}],"wp:attachment":[{"href":"https:\/\/miradordeatarfe.es\/index.php?rest_route=%2Fwp%2Fv2%2Fmedia&parent=49128"}],"wp:term":[{"taxonomy":"category","embeddable":true,"href":"https:\/\/miradordeatarfe.es\/index.php?rest_route=%2Fwp%2Fv2%2Fcategories&post=49128"},{"taxonomy":"post_tag","embeddable":true,"href":"https:\/\/miradordeatarfe.es\/index.php?rest_route=%2Fwp%2Fv2%2Ftags&post=49128"}],"curies":[{"name":"wp","href":"https:\/\/api.w.org\/{rel}","templated":true}]}}